{"id":1077,"date":"2020-07-05T13:05:45","date_gmt":"2020-07-05T11:05:45","guid":{"rendered":"https:\/\/www.jvdiana.de\/cm\/?p=1077"},"modified":"2020-07-05T13:05:45","modified_gmt":"2020-07-05T11:05:45","slug":"weitere-lockerungen-fuer-den-schiessbetrieb-update-05-07-2020","status":"publish","type":"post","link":"https:\/\/www.jvdiana.de\/cm\/2020\/07\/05\/weitere-lockerungen-fuer-den-schiessbetrieb-update-05-07-2020\/","title":{"rendered":"Weitere Lockerungen f\u00fcr den Schie\u00dfbetrieb &#8211; Update 05.07.2020"},"content":{"rendered":"<div id=\"attachment_809\" style=\"width: 910px\" class=\"wp-caption alignnone\"><img loading=\"lazy\" decoding=\"async\" aria-describedby=\"caption-attachment-809\" class=\"size-large wp-image-809\" src=\"https:\/\/www.jvdiana.de\/cm\/wp-content\/uploads\/2019\/09\/DSC_0006-1024x680.jpg\" alt=\"Der neue Geschossfang auf dem Kugelstand\" width=\"900\" height=\"598\" srcset=\"https:\/\/www.jvdiana.de\/cm\/wp-content\/uploads\/2019\/09\/DSC_0006-1024x680.jpg 1024w, https:\/\/www.jvdiana.de\/cm\/wp-content\/uploads\/2019\/09\/DSC_0006-300x199.jpg 300w, https:\/\/www.jvdiana.de\/cm\/wp-content\/uploads\/2019\/09\/DSC_0006-768x510.jpg 768w, https:\/\/www.jvdiana.de\/cm\/wp-content\/uploads\/2019\/09\/DSC_0006-150x100.jpg 150w, https:\/\/www.jvdiana.de\/cm\/wp-content\/uploads\/2019\/09\/DSC_0006-1200x797.jpg 1200w\" sizes=\"auto, (max-width: 900px) 100vw, 900px\" \/><p id=\"caption-attachment-809\" class=\"wp-caption-text\">Der neue Geschossfang auf dem Kugelstand<\/p><\/div>\n<p><strong>Update &#8211; 05.07.2020 &#8211; R\u00fcckkehr zum normalen Schie\u00dfbetrieb &#8211; Einhaltung der allgemeinen Hygieneauflagen\u00a0<\/strong><\/p>\n<p>Der Vorstand des Jagdverein Diana hat am 05.07.2020 die aktuelle Situation <strong>neu bewertet<\/strong> und weitere Lockerungen &#8211; analog den allgemeinen Lockerungen &#8211; bez\u00fcglich der Schie\u00dfstandnutzung beschlossen.<\/p>\n<p>Der <strong>Schie\u00dfbetrieb<\/strong> ist ab sofort\u00a0<strong>unter Beachtung und Einhaltung folgender Hinweise und Einschr\u00e4nkungen<\/strong> freigegeben:<\/p>\n<ul>\n<li>Der <strong>Schie\u00dfstand ist f\u00fcr jedermann freigegeben<\/strong><br \/>\n-&gt; <a href=\"https:\/\/www.jvdiana.de\/cm\/wp-content\/uploads\/2020\/06\/schiessstand_anmeldung_nichtmitglieder.pdf\"><strong>Anmeldeformular f\u00fcr Nicht-Mitglieder<\/strong><\/a><\/li>\n<li>Die <strong>Schie\u00dfzeiten und Schie\u00dftermine des Schie\u00dfkalenders<\/strong>\u00a0behalten weiterhin Ihre <strong>G\u00fcltigkeit<\/strong><\/li>\n<li><strong>Gruppen gr\u00f6\u00dfer 7 Personen<\/strong> nur mit vorheriger <strong>Anmeldung<\/strong><br \/>\nTel.: 0160 \/ 11 67 433 (Erreichbarkeit, Mo. 19:00-21:00 Uhr, Di. + Do. 15:00 &#8211; 17:00 Uhr)<\/li>\n<li>Die geltenden <strong>Hygiene- und Abstandsregelungen vor Ort sind einzuhalten<\/strong>!<\/li>\n<li>Der Vorstand appelliert an alle Beteiligten, <strong>diese Regeln strikt einzuhalten<\/strong>. <strong>Kontrollen<\/strong> durch Polizei und die Ordnungsbeh\u00f6rden <strong>sind jederzeit m\u00f6glich<\/strong>. Ein <strong>Fehlverhalten<\/strong> wird <strong>konsequent von den Beh\u00f6rden geahndet<\/strong>, <strong>schadet dem Ansehen unseres Jagdvereins<\/strong> und der <strong>gesamten J\u00e4gerschaft in der \u00d6ffentlichkeit<\/strong>! Dies wollen wir vermeiden.<\/li>\n<li><strong>Der Vorstand wird die Situation regelm\u00e4\u00dfig pr\u00fcfen und neu bewerten. Je nach Situation werden die genannten Regeln weiter gelockert \/ komplett aufgehoben oder versch\u00e4rft. <\/strong><\/li>\n<\/ul>\n<p><strong><br \/>\n<\/strong>Der Vorstand des Jagdverein Diana H\u00fcnfeld e.V.\u00a0\u00a0\u00a0\u00a0\u00a0\u00a0\u00a0\u00a0\u00a0\u00a0\u00a0\u00a0\u00a0\u00a0\u00a0\u00a0\u00a0\u00a0\u00a0\u00a0\u00a0\u00a0\u00a0\u00a0\u00a0\u00a0\u00a0\u00a0\u00a0\u00a0\u00a0\u00a0\u00a0\u00a0\u00a0\u00a0\u00a0\u00a0\u00a0\u00a0\u00a0\u00a0\u00a0\u00a0\u00a0\u00a0\u00a0\u00a0\u00a0\u00a0\u00a0\u00a0\u00a0\u00a0\u00a0\u00a0\u00a0\u00a0\u00a0\u00a0 Dammersbach, den 05.07.2020<\/p>\n","protected":false},"excerpt":{"rendered":"<p>Update &#8211; 05.07.2020 &#8211; R\u00fcckkehr zum normalen Schie\u00dfbetrieb &#8211; Einhaltung der allgemeinen Hygieneauflagen\u00a0 Der Vorstand des Jagdverein Diana hat am 05.07.2020 die aktuelle Situation neu bewertet und weitere Lockerungen &#8211; analog den allgemeinen Lockerungen &#8211; bez\u00fcglich der Schie\u00dfstandnutzung beschlossen. Der Schie\u00dfbetrieb ist ab sofort\u00a0unter Beachtung und Einhaltung folgender Hinweise und&#8230;<\/p>\n<p> <a class=\"continue-reading-link\" href=\"https:\/\/www.jvdiana.de\/cm\/2020\/07\/05\/weitere-lockerungen-fuer-den-schiessbetrieb-update-05-07-2020\/\"><span>Weiterlesen&#8230;<\/span><i class=\"crycon-right-dir\"><\/i><\/a> <\/p>\n","protected":false},"author":1,"featured_media":809,"comment_status":"closed","ping_status":"open","sticky":false,"template":"","format":"standard","meta":{"footnotes":""},"categories":[1,11,17,19],"tags":[],"class_list":["post-1077","post","type-post","status-publish","format-standard","has-post-thumbnail","hentry","category-allgemein","category-schiesswesen","category-veranstaltungen","category-wissenswertes"],"_links":{"self":[{"href":"https:\/\/www.jvdiana.de\/cm\/wp-json\/wp\/v2\/posts\/1077","targetHints":{"allow":["GET"]}}],"collection":[{"href":"https:\/\/www.jvdiana.de\/cm\/wp-json\/wp\/v2\/posts"}],"about":[{"href":"https:\/\/www.jvdiana.de\/cm\/wp-json\/wp\/v2\/types\/post"}],"author":[{"embeddable":true,"href":"https:\/\/www.jvdiana.de\/cm\/wp-json\/wp\/v2\/users\/1"}],"replies":[{"embeddable":true,"href":"https:\/\/www.jvdiana.de\/cm\/wp-json\/wp\/v2\/comments?post=1077"}],"version-history":[{"count":3,"href":"https:\/\/www.jvdiana.de\/cm\/wp-json\/wp\/v2\/posts\/1077\/revisions"}],"predecessor-version":[{"id":1080,"href":"https:\/\/www.jvdiana.de\/cm\/wp-json\/wp\/v2\/posts\/1077\/revisions\/1080"}],"wp:featuredmedia":[{"embeddable":true,"href":"https:\/\/www.jvdiana.de\/cm\/wp-json\/wp\/v2\/media\/809"}],"wp:attachment":[{"href":"https:\/\/www.jvdiana.de\/cm\/wp-json\/wp\/v2\/media?parent=1077"}],"wp:term":[{"taxonomy":"category","embeddable":true,"href":"https:\/\/www.jvdiana.de\/cm\/wp-json\/wp\/v2\/categories?post=1077"},{"taxonomy":"post_tag","embeddable":true,"href":"https:\/\/www.jvdiana.de\/cm\/wp-json\/wp\/v2\/tags?post=1077"}],"curies":[{"name":"wp","href":"https:\/\/api.w.org\/{rel}","templated":true}]}}