{"id":1144,"date":"2021-03-09T20:46:43","date_gmt":"2021-03-09T19:46:43","guid":{"rendered":"https:\/\/www.jvdiana.de\/cm\/?p=1144"},"modified":"2021-03-09T20:47:42","modified_gmt":"2021-03-09T19:47:42","slug":"termin-vormerken-jahreshauptversammlung-2021","status":"publish","type":"post","link":"https:\/\/www.jvdiana.de\/cm\/2021\/03\/09\/termin-vormerken-jahreshauptversammlung-2021\/","title":{"rendered":"Termin vormerken &#8211; Jahreshauptversammlung 2021"},"content":{"rendered":"<p><img loading=\"lazy\" decoding=\"async\" class=\"size-full wp-image-1140 aligncenter\" src=\"https:\/\/www.jvdiana.de\/cm\/wp-content\/uploads\/2021\/03\/termin_vormerken.jpg\" alt=\"\" width=\"424\" height=\"283\" srcset=\"https:\/\/www.jvdiana.de\/cm\/wp-content\/uploads\/2021\/03\/termin_vormerken.jpg 424w, https:\/\/www.jvdiana.de\/cm\/wp-content\/uploads\/2021\/03\/termin_vormerken-300x200.jpg 300w, https:\/\/www.jvdiana.de\/cm\/wp-content\/uploads\/2021\/03\/termin_vormerken-150x100.jpg 150w\" sizes=\"auto, (max-width: 424px) 100vw, 424px\" \/><\/p>\n<p>Aufgrund der aktuell andauernden Einschr\u00e4nkungen durch Covid19 plant der Jagdverein Diana H\u00fcnfeld e.V. die diesj\u00e4hrige Jahreshauptversammlung f\u00fcr <strong>Dienstag, 31.08.2021.<\/strong><\/p>\n<p>Der Vorstand wird die Covid19 Situation bis zum o.g. Termin regelm\u00e4\u00dfig pr\u00fcfen und bewerten.\u00a0Veranstaltungsort und Uhrzeit sind zum jetzigen Zeitpunkt noch nicht festgelegt.<\/p>\n<p>Vorbehaltlich den Einschr\u00e4nkungen und gesetzlichen Vorgaben zum o.g. Termin entscheidet der Vorstand, ob die Jahreshauptversammlung \u2013 mit Hygienekonzept \/ Einschr\u00e4nkungen \u2013 statt finden kann oder erneut abgesagt werden muss.<\/p>\n","protected":false},"excerpt":{"rendered":"<p>Aufgrund der aktuell andauernden Einschr\u00e4nkungen durch Covid19 plant der Jagdverein Diana H\u00fcnfeld e.V. die diesj\u00e4hrige Jahreshauptversammlung f\u00fcr Dienstag, 31.08.2021. Der Vorstand wird die Covid19 Situation bis zum o.g. Termin regelm\u00e4\u00dfig pr\u00fcfen und bewerten.\u00a0Veranstaltungsort und Uhrzeit sind zum jetzigen Zeitpunkt noch nicht festgelegt. Vorbehaltlich den Einschr\u00e4nkungen und gesetzlichen Vorgaben zum o.g&#8230;.<\/p>\n<p> <a class=\"continue-reading-link\" href=\"https:\/\/www.jvdiana.de\/cm\/2021\/03\/09\/termin-vormerken-jahreshauptversammlung-2021\/\"><span>Weiterlesen&#8230;<\/span><i class=\"crycon-right-dir\"><\/i><\/a> <\/p>\n","protected":false},"author":1,"featured_media":1140,"comment_status":"closed","ping_status":"open","sticky":false,"template":"","format":"standard","meta":{"footnotes":""},"categories":[1,17,19],"tags":[],"class_list":["post-1144","post","type-post","status-publish","format-standard","has-post-thumbnail","hentry","category-allgemein","category-veranstaltungen","category-wissenswertes"],"_links":{"self":[{"href":"https:\/\/www.jvdiana.de\/cm\/wp-json\/wp\/v2\/posts\/1144","targetHints":{"allow":["GET"]}}],"collection":[{"href":"https:\/\/www.jvdiana.de\/cm\/wp-json\/wp\/v2\/posts"}],"about":[{"href":"https:\/\/www.jvdiana.de\/cm\/wp-json\/wp\/v2\/types\/post"}],"author":[{"embeddable":true,"href":"https:\/\/www.jvdiana.de\/cm\/wp-json\/wp\/v2\/users\/1"}],"replies":[{"embeddable":true,"href":"https:\/\/www.jvdiana.de\/cm\/wp-json\/wp\/v2\/comments?post=1144"}],"version-history":[{"count":2,"href":"https:\/\/www.jvdiana.de\/cm\/wp-json\/wp\/v2\/posts\/1144\/revisions"}],"predecessor-version":[{"id":1146,"href":"https:\/\/www.jvdiana.de\/cm\/wp-json\/wp\/v2\/posts\/1144\/revisions\/1146"}],"wp:featuredmedia":[{"embeddable":true,"href":"https:\/\/www.jvdiana.de\/cm\/wp-json\/wp\/v2\/media\/1140"}],"wp:attachment":[{"href":"https:\/\/www.jvdiana.de\/cm\/wp-json\/wp\/v2\/media?parent=1144"}],"wp:term":[{"taxonomy":"category","embeddable":true,"href":"https:\/\/www.jvdiana.de\/cm\/wp-json\/wp\/v2\/categories?post=1144"},{"taxonomy":"post_tag","embeddable":true,"href":"https:\/\/www.jvdiana.de\/cm\/wp-json\/wp\/v2\/tags?post=1144"}],"curies":[{"name":"wp","href":"https:\/\/api.w.org\/{rel}","templated":true}]}}