{"id":1218,"date":"2021-06-09T12:26:09","date_gmt":"2021-06-09T10:26:09","guid":{"rendered":"https:\/\/www.jvdiana.de\/cm\/?p=1218"},"modified":"2021-06-09T12:26:43","modified_gmt":"2021-06-09T10:26:43","slug":"oeffnung-schiessstand-ab-mittwoch-09-06-2021","status":"publish","type":"post","link":"https:\/\/www.jvdiana.de\/cm\/2021\/06\/09\/oeffnung-schiessstand-ab-mittwoch-09-06-2021\/","title":{"rendered":"\u00d6ffnung Schie\u00dfstand ab Mittwoch, 09.06.2021"},"content":{"rendered":"<div id=\"attachment_656\" style=\"width: 910px\" class=\"wp-caption alignnone\"><img loading=\"lazy\" decoding=\"async\" aria-describedby=\"caption-attachment-656\" class=\"size-large wp-image-656\" src=\"https:\/\/www.jvdiana.de\/cm\/wp-content\/uploads\/2019\/07\/DSC_0022-1024x680.jpg\" alt=\"Schie\u00dfstand Rosskuppe\" width=\"900\" height=\"598\" srcset=\"https:\/\/www.jvdiana.de\/cm\/wp-content\/uploads\/2019\/07\/DSC_0022-1024x680.jpg 1024w, https:\/\/www.jvdiana.de\/cm\/wp-content\/uploads\/2019\/07\/DSC_0022-300x199.jpg 300w, https:\/\/www.jvdiana.de\/cm\/wp-content\/uploads\/2019\/07\/DSC_0022-768x510.jpg 768w, https:\/\/www.jvdiana.de\/cm\/wp-content\/uploads\/2019\/07\/DSC_0022-150x100.jpg 150w\" sizes=\"auto, (max-width: 900px) 100vw, 900px\" \/><p id=\"caption-attachment-656\" class=\"wp-caption-text\">Schie\u00dfsstand Rosskuppe<\/p><\/div>\n<p>Der Schie\u00dfstand ist ab <strong>heute, Mittwoch, den 09.06.2021<\/strong> wieder f\u00fcr den regul\u00e4ren Schie\u00dfbetrieb ge\u00f6ffnet.<\/p>\n<ul>\n<li>Die geltenden <strong>Corona Hygiene- und Abstandsregelungen sind vor Ort einzuhalten<\/strong>!<\/li>\n<li>Grunds\u00e4tzlich k\u00f6nnen geimpfte, genesene und Personen mit negativem Test wieder am Schie\u00dfbetrieb teilnehmen<\/li>\n<li>Die Anweisungen der Schie\u00dfmeister sind zu beachten, die zus\u00e4tzlich &#8211; aufgrund Corona &#8211; erforderlichen Ma\u00dfnahmen zwingend einzuhalten!<\/li>\n<li>Der Vorstand appelliert an alle Beteiligten, <strong>die Corona Hygiene- und Abstandsregelungen strikt einzuhalten!<\/strong>\u00a0<strong>Kontrollen<\/strong> durch Polizei und die Ordnungsbeh\u00f6rden <strong>sind jederzeit m\u00f6glich<\/strong>. Ein <strong>Fehlverhalten<\/strong> wird <strong>konsequent von den Beh\u00f6rden geahndet<\/strong>, <strong>schadet dem Ansehen unseres Jagdvereins<\/strong> und der <strong>gesamten J\u00e4gerschaft in der \u00d6ffentlichkeit<\/strong>! Dies wollen wir unbedingt vermeiden!<\/li>\n<li><strong>Der Vorstand wird die Situation regelm\u00e4\u00dfig pr\u00fcfen und neu bewerten. Je nach Situation werden Regelungen weiter gelockert \/ komplett aufgehoben oder versch\u00e4rft. Aktuelle Infos dazu dann auf Homepage + Facebook.<\/strong><\/li>\n<\/ul>\n","protected":false},"excerpt":{"rendered":"<p>Der Schie\u00dfstand ist ab heute, Mittwoch, den 09.06.2021 wieder f\u00fcr den regul\u00e4ren Schie\u00dfbetrieb ge\u00f6ffnet. Die geltenden Corona Hygiene- und Abstandsregelungen sind vor Ort einzuhalten! Grunds\u00e4tzlich k\u00f6nnen geimpfte, genesene und Personen mit negativem Test wieder am Schie\u00dfbetrieb teilnehmen Die Anweisungen der Schie\u00dfmeister sind zu beachten, die zus\u00e4tzlich &#8211; aufgrund Corona &#8211;&#8230;<\/p>\n<p> <a class=\"continue-reading-link\" href=\"https:\/\/www.jvdiana.de\/cm\/2021\/06\/09\/oeffnung-schiessstand-ab-mittwoch-09-06-2021\/\"><span>Weiterlesen&#8230;<\/span><i class=\"crycon-right-dir\"><\/i><\/a> <\/p>\n","protected":false},"author":1,"featured_media":656,"comment_status":"closed","ping_status":"open","sticky":false,"template":"","format":"standard","meta":{"footnotes":""},"categories":[1,10,11,19],"tags":[],"class_list":["post-1218","post","type-post","status-publish","format-standard","has-post-thumbnail","hentry","category-allgemein","category-jungjaeger","category-schiesswesen","category-wissenswertes"],"_links":{"self":[{"href":"https:\/\/www.jvdiana.de\/cm\/wp-json\/wp\/v2\/posts\/1218","targetHints":{"allow":["GET"]}}],"collection":[{"href":"https:\/\/www.jvdiana.de\/cm\/wp-json\/wp\/v2\/posts"}],"about":[{"href":"https:\/\/www.jvdiana.de\/cm\/wp-json\/wp\/v2\/types\/post"}],"author":[{"embeddable":true,"href":"https:\/\/www.jvdiana.de\/cm\/wp-json\/wp\/v2\/users\/1"}],"replies":[{"embeddable":true,"href":"https:\/\/www.jvdiana.de\/cm\/wp-json\/wp\/v2\/comments?post=1218"}],"version-history":[{"count":2,"href":"https:\/\/www.jvdiana.de\/cm\/wp-json\/wp\/v2\/posts\/1218\/revisions"}],"predecessor-version":[{"id":1226,"href":"https:\/\/www.jvdiana.de\/cm\/wp-json\/wp\/v2\/posts\/1218\/revisions\/1226"}],"wp:featuredmedia":[{"embeddable":true,"href":"https:\/\/www.jvdiana.de\/cm\/wp-json\/wp\/v2\/media\/656"}],"wp:attachment":[{"href":"https:\/\/www.jvdiana.de\/cm\/wp-json\/wp\/v2\/media?parent=1218"}],"wp:term":[{"taxonomy":"category","embeddable":true,"href":"https:\/\/www.jvdiana.de\/cm\/wp-json\/wp\/v2\/categories?post=1218"},{"taxonomy":"post_tag","embeddable":true,"href":"https:\/\/www.jvdiana.de\/cm\/wp-json\/wp\/v2\/tags?post=1218"}],"curies":[{"name":"wp","href":"https:\/\/api.w.org\/{rel}","templated":true}]}}