{"id":1287,"date":"2021-09-06T22:55:38","date_gmt":"2021-09-06T20:55:38","guid":{"rendered":"https:\/\/www.jvdiana.de\/cm\/?p=1287"},"modified":"2021-09-06T23:14:16","modified_gmt":"2021-09-06T21:14:16","slug":"jaegerschlag-des-jungjaegerkurs-2019-2020","status":"publish","type":"post","link":"https:\/\/www.jvdiana.de\/cm\/2021\/09\/06\/jaegerschlag-des-jungjaegerkurs-2019-2020\/","title":{"rendered":"J\u00e4gerschlag des Jungj\u00e4gerkurs 2019 \/ 2020"},"content":{"rendered":"<div id=\"attachment_1288\" style=\"width: 910px\" class=\"wp-caption alignnone\"><img loading=\"lazy\" decoding=\"async\" aria-describedby=\"caption-attachment-1288\" class=\"size-large wp-image-1288\" src=\"https:\/\/www.jvdiana.de\/cm\/wp-content\/uploads\/2021\/09\/jaegerschlag_2020_kurs_2019_2020_aufgrund_corona-1024x644.jpg\" alt=\"v.l.nr. Untere Reihe: Steffen Sauer (Gro\u00dfenbach), Eike Kasper (Ro\u00dfbach), Julius Hartmann (Eiterfeld), Henrik Sch\u00e4fer (Gro\u00dfenmoor), Kilian Heil (Petersberg), Tobias G\u00fcnther (Tann), Vianne Pomnitz (Haselstein), Simon Vieth (Silges), Vera K\u00f6stler (Fulda), R\u00fcdiger Funk (R\u00fcckers), Nils Kl\u00fcber (Steinbach) und Christian Ebert (D\u00f6rmbach), Obere Reihe: die Ausbilder Ludwig Glotzbach (Wald- u. Landbau), Marcus Neuland (Schie\u00dfausbildung), Joerg Hartmann (Waffenkunde), Christoph Besse (Recht) und J\u00fcrgen Manns (Naturschutz)\" width=\"900\" height=\"566\" srcset=\"https:\/\/www.jvdiana.de\/cm\/wp-content\/uploads\/2021\/09\/jaegerschlag_2020_kurs_2019_2020_aufgrund_corona-1024x644.jpg 1024w, https:\/\/www.jvdiana.de\/cm\/wp-content\/uploads\/2021\/09\/jaegerschlag_2020_kurs_2019_2020_aufgrund_corona-300x189.jpg 300w, https:\/\/www.jvdiana.de\/cm\/wp-content\/uploads\/2021\/09\/jaegerschlag_2020_kurs_2019_2020_aufgrund_corona-768x483.jpg 768w, https:\/\/www.jvdiana.de\/cm\/wp-content\/uploads\/2021\/09\/jaegerschlag_2020_kurs_2019_2020_aufgrund_corona-1536x967.jpg 1536w, https:\/\/www.jvdiana.de\/cm\/wp-content\/uploads\/2021\/09\/jaegerschlag_2020_kurs_2019_2020_aufgrund_corona-150x94.jpg 150w, https:\/\/www.jvdiana.de\/cm\/wp-content\/uploads\/2021\/09\/jaegerschlag_2020_kurs_2019_2020_aufgrund_corona-1200x755.jpg 1200w, https:\/\/www.jvdiana.de\/cm\/wp-content\/uploads\/2021\/09\/jaegerschlag_2020_kurs_2019_2020_aufgrund_corona-400x252.jpg 400w, https:\/\/www.jvdiana.de\/cm\/wp-content\/uploads\/2021\/09\/jaegerschlag_2020_kurs_2019_2020_aufgrund_corona.jpg 1772w\" sizes=\"auto, (max-width: 900px) 100vw, 900px\" \/><p id=\"caption-attachment-1288\" class=\"wp-caption-text\">v.l.nr. Untere Reihe: Steffen Sauer (Gro\u00dfenbach), Eike Kasper (Ro\u00dfbach), Julius Hartmann (Eiterfeld), Henrik Sch\u00e4fer (Gro\u00dfenmoor), Kilian Heil (Petersberg), Tobias G\u00fcnther (Tann), Vianne Pomnitz (Haselstein), Simon Vieth (Silges), Vera K\u00f6stler (Fulda), R\u00fcdiger Funk (R\u00fcckers), Nils Kl\u00fcber (Steinbach) und Christian Ebert (D\u00f6rmbach), Obere Reihe: die Ausbilder Ludwig Glotzbach (Wald- u. Landbau), Marcus Neuland (Schie\u00dfausbildung), Joerg Hartmann (Waffenkunde), Christoph Besse (Recht) und J\u00fcrgen Manns (Naturschutz)<\/p><\/div>\n<p>Im August fand der feierliche Abschluss des Jungj\u00e4gerlehrgangs 2019\/2020 im Jagdverein Diana H\u00fcnfeld, der \u201cJ\u00e4gerschlag\u201c statt. Kreisjagdberater J\u00fcrgen Manns h\u00f6chst pers\u00f6nlich vollzog das Ritual, bei dem die Jungj\u00e4ger durch 3 Schl\u00e4ge mit dem Waidblatt, \u00e4hnlich dem Ritterschlag, auf rechte Schulter, linke Schulter und das Haupt zum J\u00e4ger geschlagen wurden. Leider musste der traditionelle J\u00e4gerschlag, der schon letztes Jahr h\u00e4tte stattfinden sollen, aufgrund Corona in dieses Jahr verschoben werden. Ebenfalls bedingt durch Corona musste die Pr\u00fcfung im Fr\u00fchjahr 2020 ausfallen. Dies tat dem Durchhalteverm\u00f6gen, der Lernbereitschaft, dem guten Zusammenhalt und der Stimmung innerhalb der Kursteilnehmer keinen Abbruch. Trotz der Verz\u00f6gerung durch Corona konnten 12 der 13 Lehrgangsteilnehmer die Herbstpr\u00fcfung 2020 erfolgreich ablegen und haben bestanden. \u00a0Die Pr\u00fcfungen gliedern sich in die Schriftliche-, Praktisch-M\u00fcndliche-, sowie die Schie\u00dfpr\u00fcfung. Nicht nur der Umgang mit- und die sichere Handhabung der Jagdwaffen und das Jagdrecht, sondern auch Kenntnisse \u00fcber die heimischen Wildtierarten, den Natur- \/ Tierschutz, die Hege und den Jagdbetrieb werden gepr\u00fcft. Der Hund als wichtigster Begleiter des J\u00e4gers sowie die Behandlung des erlegten Wildes und das Erkennen von Wildkrankheiten einschlie\u00dflich der Wildbret Hygiene sind weitere Pr\u00fcfungsinhalte. Die in den Jagdvereinen stattfindenden fast 1-j\u00e4hrigigen Kurse und die abschlie\u00dfenden Pr\u00fcfungen sollen die Pr\u00fcflinge gut vorbereitet auf die Aus\u00fcbung des Waidwerks ins J\u00e4gerleben entlassen.<\/p>\n","protected":false},"excerpt":{"rendered":"<p>Im August fand der feierliche Abschluss des Jungj\u00e4gerlehrgangs 2019\/2020 im Jagdverein Diana H\u00fcnfeld, der \u201cJ\u00e4gerschlag\u201c statt. Kreisjagdberater J\u00fcrgen Manns h\u00f6chst pers\u00f6nlich vollzog das Ritual, bei dem die Jungj\u00e4ger durch 3 Schl\u00e4ge mit dem Waidblatt, \u00e4hnlich dem Ritterschlag, auf rechte Schulter, linke Schulter und das Haupt zum J\u00e4ger geschlagen wurden. Leider&#8230;<\/p>\n<p> <a class=\"continue-reading-link\" href=\"https:\/\/www.jvdiana.de\/cm\/2021\/09\/06\/jaegerschlag-des-jungjaegerkurs-2019-2020\/\"><span>Weiterlesen&#8230;<\/span><i class=\"crycon-right-dir\"><\/i><\/a> <\/p>\n","protected":false},"author":1,"featured_media":1288,"comment_status":"closed","ping_status":"open","sticky":false,"template":"","format":"standard","meta":{"footnotes":""},"categories":[1,10,17,19],"tags":[],"class_list":["post-1287","post","type-post","status-publish","format-standard","has-post-thumbnail","hentry","category-allgemein","category-jungjaeger","category-veranstaltungen","category-wissenswertes"],"_links":{"self":[{"href":"https:\/\/www.jvdiana.de\/cm\/wp-json\/wp\/v2\/posts\/1287","targetHints":{"allow":["GET"]}}],"collection":[{"href":"https:\/\/www.jvdiana.de\/cm\/wp-json\/wp\/v2\/posts"}],"about":[{"href":"https:\/\/www.jvdiana.de\/cm\/wp-json\/wp\/v2\/types\/post"}],"author":[{"embeddable":true,"href":"https:\/\/www.jvdiana.de\/cm\/wp-json\/wp\/v2\/users\/1"}],"replies":[{"embeddable":true,"href":"https:\/\/www.jvdiana.de\/cm\/wp-json\/wp\/v2\/comments?post=1287"}],"version-history":[{"count":2,"href":"https:\/\/www.jvdiana.de\/cm\/wp-json\/wp\/v2\/posts\/1287\/revisions"}],"predecessor-version":[{"id":1290,"href":"https:\/\/www.jvdiana.de\/cm\/wp-json\/wp\/v2\/posts\/1287\/revisions\/1290"}],"wp:featuredmedia":[{"embeddable":true,"href":"https:\/\/www.jvdiana.de\/cm\/wp-json\/wp\/v2\/media\/1288"}],"wp:attachment":[{"href":"https:\/\/www.jvdiana.de\/cm\/wp-json\/wp\/v2\/media?parent=1287"}],"wp:term":[{"taxonomy":"category","embeddable":true,"href":"https:\/\/www.jvdiana.de\/cm\/wp-json\/wp\/v2\/categories?post=1287"},{"taxonomy":"post_tag","embeddable":true,"href":"https:\/\/www.jvdiana.de\/cm\/wp-json\/wp\/v2\/tags?post=1287"}],"curies":[{"name":"wp","href":"https:\/\/api.w.org\/{rel}","templated":true}]}}