{"id":1308,"date":"2021-08-30T18:00:43","date_gmt":"2021-08-30T16:00:43","guid":{"rendered":"https:\/\/www.jvdiana.de\/cm\/?p=1308"},"modified":"2021-09-15T17:44:12","modified_gmt":"2021-09-15T15:44:12","slug":"uebergabe-drohnen","status":"publish","type":"post","link":"https:\/\/www.jvdiana.de\/cm\/2021\/08\/30\/uebergabe-drohnen\/","title":{"rendered":"\u00dcbergabe Drohnen"},"content":{"rendered":"<div id=\"attachment_1309\" style=\"width: 910px\" class=\"wp-caption alignnone\"><img loading=\"lazy\" decoding=\"async\" aria-describedby=\"caption-attachment-1309\" class=\"size-large wp-image-1309\" src=\"https:\/\/www.jvdiana.de\/cm\/wp-content\/uploads\/2021\/09\/20210830_drohnen_uebergabe_einweisung-1024x680.jpg\" alt=\"v.l.n.r. Michael Schwalbach, Stefan Heil, 1. Vorsitzende Astrid Schneider-Heil, 2. Vorsitzender Joerg Hartmann, Jutta und Karl Fuss, Foto: Matthias Bender\" width=\"900\" height=\"598\" srcset=\"https:\/\/www.jvdiana.de\/cm\/wp-content\/uploads\/2021\/09\/20210830_drohnen_uebergabe_einweisung-1024x680.jpg 1024w, https:\/\/www.jvdiana.de\/cm\/wp-content\/uploads\/2021\/09\/20210830_drohnen_uebergabe_einweisung-300x199.jpg 300w, https:\/\/www.jvdiana.de\/cm\/wp-content\/uploads\/2021\/09\/20210830_drohnen_uebergabe_einweisung-768x510.jpg 768w, https:\/\/www.jvdiana.de\/cm\/wp-content\/uploads\/2021\/09\/20210830_drohnen_uebergabe_einweisung-1536x1020.jpg 1536w, https:\/\/www.jvdiana.de\/cm\/wp-content\/uploads\/2021\/09\/20210830_drohnen_uebergabe_einweisung-2048x1360.jpg 2048w, https:\/\/www.jvdiana.de\/cm\/wp-content\/uploads\/2021\/09\/20210830_drohnen_uebergabe_einweisung-150x100.jpg 150w, https:\/\/www.jvdiana.de\/cm\/wp-content\/uploads\/2021\/09\/20210830_drohnen_uebergabe_einweisung-1200x797.jpg 1200w, https:\/\/www.jvdiana.de\/cm\/wp-content\/uploads\/2021\/09\/20210830_drohnen_uebergabe_einweisung-400x266.jpg 400w\" sizes=\"auto, (max-width: 900px) 100vw, 900px\" \/><p id=\"caption-attachment-1309\" class=\"wp-caption-text\">v.l.n.r. Michael Schwalbach, Stefan Heil, 1. Vorsitzende Astrid Schneider-Heil, 2. Vorsitzender Joerg Hartmann, Jutta und Karl Fuss, Foto: Matthias Bender<\/p><\/div>\n<p>Am 30.08.2021 wurden die beiden Drohnen Systeme mit W\u00e4rmebildkamera an den Jagdverein Diana H\u00fcnfeld \u00fcbergeben. Michael Schwalbach &#8211; \u00fcber den die Systeme bezogen wurden &#8211; erl\u00e4uterte den Verantwortlichen die wesentlichen Eigenschaften und gab einen \u00dcberblick zur Technik.<\/p>\n","protected":false},"excerpt":{"rendered":"<p>Am 30.08.2021 wurden die beiden Drohnen Systeme mit W\u00e4rmebildkamera an den Jagdverein Diana H\u00fcnfeld \u00fcbergeben. Michael Schwalbach &#8211; \u00fcber den die Systeme bezogen wurden &#8211; erl\u00e4uterte den Verantwortlichen die wesentlichen Eigenschaften und gab einen \u00dcberblick zur Technik.<\/p>\n<p> <a class=\"continue-reading-link\" href=\"https:\/\/www.jvdiana.de\/cm\/2021\/08\/30\/uebergabe-drohnen\/\"><span>Weiterlesen&#8230;<\/span><i class=\"crycon-right-dir\"><\/i><\/a> <\/p>\n","protected":false},"author":1,"featured_media":0,"comment_status":"closed","ping_status":"open","sticky":false,"template":"","format":"standard","meta":{"footnotes":""},"categories":[1,21,19],"tags":[],"class_list":["post-1308","post","type-post","status-publish","format-standard","hentry","category-allgemein","category-rehkitzrettung","category-wissenswertes"],"_links":{"self":[{"href":"https:\/\/www.jvdiana.de\/cm\/wp-json\/wp\/v2\/posts\/1308","targetHints":{"allow":["GET"]}}],"collection":[{"href":"https:\/\/www.jvdiana.de\/cm\/wp-json\/wp\/v2\/posts"}],"about":[{"href":"https:\/\/www.jvdiana.de\/cm\/wp-json\/wp\/v2\/types\/post"}],"author":[{"embeddable":true,"href":"https:\/\/www.jvdiana.de\/cm\/wp-json\/wp\/v2\/users\/1"}],"replies":[{"embeddable":true,"href":"https:\/\/www.jvdiana.de\/cm\/wp-json\/wp\/v2\/comments?post=1308"}],"version-history":[{"count":1,"href":"https:\/\/www.jvdiana.de\/cm\/wp-json\/wp\/v2\/posts\/1308\/revisions"}],"predecessor-version":[{"id":1310,"href":"https:\/\/www.jvdiana.de\/cm\/wp-json\/wp\/v2\/posts\/1308\/revisions\/1310"}],"wp:attachment":[{"href":"https:\/\/www.jvdiana.de\/cm\/wp-json\/wp\/v2\/media?parent=1308"}],"wp:term":[{"taxonomy":"category","embeddable":true,"href":"https:\/\/www.jvdiana.de\/cm\/wp-json\/wp\/v2\/categories?post=1308"},{"taxonomy":"post_tag","embeddable":true,"href":"https:\/\/www.jvdiana.de\/cm\/wp-json\/wp\/v2\/tags?post=1308"}],"curies":[{"name":"wp","href":"https:\/\/api.w.org\/{rel}","templated":true}]}}