{"id":1325,"date":"2021-09-27T08:24:06","date_gmt":"2021-09-27T06:24:06","guid":{"rendered":"https:\/\/www.jvdiana.de\/cm\/?p=1325"},"modified":"2021-09-27T08:28:07","modified_gmt":"2021-09-27T06:28:07","slug":"vereinsmeisterschaft-am-18-09-2021","status":"publish","type":"post","link":"https:\/\/www.jvdiana.de\/cm\/2021\/09\/27\/vereinsmeisterschaft-am-18-09-2021\/","title":{"rendered":"Vereinsmeisterschaft am 18.09.2021"},"content":{"rendered":"<p>Am Samstag, den 18.09.21 fand auf dem Schie\u00dfstand Rosskuppe des Jagdverein Diana H\u00fcnfeld die j\u00e4hrliche Vereinsmeisterschaft nach DJV Schiessvorschrift statt. Neuer Vereinsmeister 2021 wurde Roland Richter mit 313 Punkten, Herzlichen Gl\u00fcckwunsch!<\/p>\n<div id=\"attachment_1326\" style=\"width: 778px\" class=\"wp-caption alignnone\"><img loading=\"lazy\" decoding=\"async\" aria-describedby=\"caption-attachment-1326\" class=\"wp-image-1326 size-large\" src=\"https:\/\/www.jvdiana.de\/cm\/wp-content\/uploads\/2021\/09\/20210918_vereinsmeister_roland_richter-768x1024.jpg\" alt=\"Der neue Vereinsmeister 2021 Roland Richter (links) bekommt den Wanderpokal von Thomas Kremer (rechts) \u00fcberreicht, Foto: Matthias M\u00f6ller\" width=\"768\" height=\"1024\" srcset=\"https:\/\/www.jvdiana.de\/cm\/wp-content\/uploads\/2021\/09\/20210918_vereinsmeister_roland_richter-768x1024.jpg 768w, https:\/\/www.jvdiana.de\/cm\/wp-content\/uploads\/2021\/09\/20210918_vereinsmeister_roland_richter-225x300.jpg 225w, https:\/\/www.jvdiana.de\/cm\/wp-content\/uploads\/2021\/09\/20210918_vereinsmeister_roland_richter-1152x1536.jpg 1152w, https:\/\/www.jvdiana.de\/cm\/wp-content\/uploads\/2021\/09\/20210918_vereinsmeister_roland_richter-113x150.jpg 113w, https:\/\/www.jvdiana.de\/cm\/wp-content\/uploads\/2021\/09\/20210918_vereinsmeister_roland_richter-1200x1600.jpg 1200w, https:\/\/www.jvdiana.de\/cm\/wp-content\/uploads\/2021\/09\/20210918_vereinsmeister_roland_richter-400x533.jpg 400w, https:\/\/www.jvdiana.de\/cm\/wp-content\/uploads\/2021\/09\/20210918_vereinsmeister_roland_richter.jpg 1500w\" sizes=\"auto, (max-width: 768px) 100vw, 768px\" \/><p id=\"caption-attachment-1326\" class=\"wp-caption-text\">Der neue Vereinsmeister 2021 Roland Richter (links) bekommt den Wanderpokal von Thomas Kremer (rechts) \u00fcberreicht, Foto: Matthias M\u00f6ller<\/p><\/div>\n<p>&nbsp;<\/p>\n<div id=\"attachment_1327\" style=\"width: 910px\" class=\"wp-caption alignnone\"><img loading=\"lazy\" decoding=\"async\" aria-describedby=\"caption-attachment-1327\" class=\"wp-image-1327 size-large\" src=\"https:\/\/www.jvdiana.de\/cm\/wp-content\/uploads\/2021\/09\/20210918_vereinsmeisterschaft-1024x768.jpg\" alt=\"v.l.n.r Manfred Kress, Andreas Diegelmann, Roland Richter, Thomas Kremer, Markus Reichhardt und Harald Terpe, Foto: Matthias M\u00f6ller\" width=\"900\" height=\"675\" srcset=\"https:\/\/www.jvdiana.de\/cm\/wp-content\/uploads\/2021\/09\/20210918_vereinsmeisterschaft-1024x768.jpg 1024w, https:\/\/www.jvdiana.de\/cm\/wp-content\/uploads\/2021\/09\/20210918_vereinsmeisterschaft-300x225.jpg 300w, https:\/\/www.jvdiana.de\/cm\/wp-content\/uploads\/2021\/09\/20210918_vereinsmeisterschaft-768x576.jpg 768w, https:\/\/www.jvdiana.de\/cm\/wp-content\/uploads\/2021\/09\/20210918_vereinsmeisterschaft-1536x1152.jpg 1536w, https:\/\/www.jvdiana.de\/cm\/wp-content\/uploads\/2021\/09\/20210918_vereinsmeisterschaft-150x113.jpg 150w, https:\/\/www.jvdiana.de\/cm\/wp-content\/uploads\/2021\/09\/20210918_vereinsmeisterschaft-1200x900.jpg 1200w, https:\/\/www.jvdiana.de\/cm\/wp-content\/uploads\/2021\/09\/20210918_vereinsmeisterschaft-400x300.jpg 400w, https:\/\/www.jvdiana.de\/cm\/wp-content\/uploads\/2021\/09\/20210918_vereinsmeisterschaft.jpg 2000w\" sizes=\"auto, (max-width: 900px) 100vw, 900px\" \/><p id=\"caption-attachment-1327\" class=\"wp-caption-text\">v.l.n.r Manfred Kress, Andreas Diegelmann, Roland Richter, Thomas Kremer, Markus Reichhardt und Harald Terpe, Foto: Matthias M\u00f6ller<\/p><\/div>\n<div id=\"attachment_1330\" style=\"width: 910px\" class=\"wp-caption alignnone\"><img loading=\"lazy\" decoding=\"async\" aria-describedby=\"caption-attachment-1330\" class=\"size-large wp-image-1330\" src=\"https:\/\/www.jvdiana.de\/cm\/wp-content\/uploads\/2021\/09\/20210918_vereinsmeisterschaft_pokal-1024x773.jpg\" alt=\"Der Wanderpokal, Foto: Andreas Maul\" width=\"900\" height=\"679\" srcset=\"https:\/\/www.jvdiana.de\/cm\/wp-content\/uploads\/2021\/09\/20210918_vereinsmeisterschaft_pokal-1024x773.jpg 1024w, https:\/\/www.jvdiana.de\/cm\/wp-content\/uploads\/2021\/09\/20210918_vereinsmeisterschaft_pokal-300x226.jpg 300w, https:\/\/www.jvdiana.de\/cm\/wp-content\/uploads\/2021\/09\/20210918_vereinsmeisterschaft_pokal-768x580.jpg 768w, https:\/\/www.jvdiana.de\/cm\/wp-content\/uploads\/2021\/09\/20210918_vereinsmeisterschaft_pokal-1536x1159.jpg 1536w, https:\/\/www.jvdiana.de\/cm\/wp-content\/uploads\/2021\/09\/20210918_vereinsmeisterschaft_pokal-150x113.jpg 150w, https:\/\/www.jvdiana.de\/cm\/wp-content\/uploads\/2021\/09\/20210918_vereinsmeisterschaft_pokal-1200x906.jpg 1200w, https:\/\/www.jvdiana.de\/cm\/wp-content\/uploads\/2021\/09\/20210918_vereinsmeisterschaft_pokal-400x302.jpg 400w, https:\/\/www.jvdiana.de\/cm\/wp-content\/uploads\/2021\/09\/20210918_vereinsmeisterschaft_pokal.jpg 1835w\" sizes=\"auto, (max-width: 900px) 100vw, 900px\" \/><p id=\"caption-attachment-1330\" class=\"wp-caption-text\">Der Wanderpokal, Foto: Andreas Maul<\/p><\/div>\n<div id=\"attachment_1328\" style=\"width: 778px\" class=\"wp-caption alignnone\"><img loading=\"lazy\" decoding=\"async\" aria-describedby=\"caption-attachment-1328\" class=\"size-large wp-image-1328\" src=\"https:\/\/www.jvdiana.de\/cm\/wp-content\/uploads\/2021\/09\/20210918_vereinsmeisterschaft1-768x1024.jpg\" alt=\"v.l.n.r. Andreas Diegelmann, Elmar Enders, Ludwig Sobotta und Iris Morkel, Foto: Andreas Maul\" width=\"768\" height=\"1024\" srcset=\"https:\/\/www.jvdiana.de\/cm\/wp-content\/uploads\/2021\/09\/20210918_vereinsmeisterschaft1-768x1024.jpg 768w, https:\/\/www.jvdiana.de\/cm\/wp-content\/uploads\/2021\/09\/20210918_vereinsmeisterschaft1-225x300.jpg 225w, https:\/\/www.jvdiana.de\/cm\/wp-content\/uploads\/2021\/09\/20210918_vereinsmeisterschaft1-1152x1536.jpg 1152w, https:\/\/www.jvdiana.de\/cm\/wp-content\/uploads\/2021\/09\/20210918_vereinsmeisterschaft1-113x150.jpg 113w, https:\/\/www.jvdiana.de\/cm\/wp-content\/uploads\/2021\/09\/20210918_vereinsmeisterschaft1-1200x1600.jpg 1200w, https:\/\/www.jvdiana.de\/cm\/wp-content\/uploads\/2021\/09\/20210918_vereinsmeisterschaft1-400x533.jpg 400w, https:\/\/www.jvdiana.de\/cm\/wp-content\/uploads\/2021\/09\/20210918_vereinsmeisterschaft1.jpg 1536w\" sizes=\"auto, (max-width: 768px) 100vw, 768px\" \/><p id=\"caption-attachment-1328\" class=\"wp-caption-text\">v.l.n.r. Andreas Diegelmann, Elmar Enders, Ludwig Sobotta und Iris Morkel, Foto: Andreas Maul<\/p><\/div>\n<div id=\"attachment_1329\" style=\"width: 910px\" class=\"wp-caption alignnone\"><img loading=\"lazy\" decoding=\"async\" aria-describedby=\"caption-attachment-1329\" class=\"size-large wp-image-1329\" src=\"https:\/\/www.jvdiana.de\/cm\/wp-content\/uploads\/2021\/09\/20210918_vereinsmeisterschaft2-1024x768.jpg\" alt=\"v.l.n.r Matthias M\u00f6ller, Thomas Kremer, Andreas Maul und Stefan Hildenbrand, Foto: Iris Morkel\" width=\"900\" height=\"675\" srcset=\"https:\/\/www.jvdiana.de\/cm\/wp-content\/uploads\/2021\/09\/20210918_vereinsmeisterschaft2-1024x768.jpg 1024w, https:\/\/www.jvdiana.de\/cm\/wp-content\/uploads\/2021\/09\/20210918_vereinsmeisterschaft2-300x225.jpg 300w, https:\/\/www.jvdiana.de\/cm\/wp-content\/uploads\/2021\/09\/20210918_vereinsmeisterschaft2-768x576.jpg 768w, https:\/\/www.jvdiana.de\/cm\/wp-content\/uploads\/2021\/09\/20210918_vereinsmeisterschaft2-1536x1152.jpg 1536w, https:\/\/www.jvdiana.de\/cm\/wp-content\/uploads\/2021\/09\/20210918_vereinsmeisterschaft2-150x113.jpg 150w, https:\/\/www.jvdiana.de\/cm\/wp-content\/uploads\/2021\/09\/20210918_vereinsmeisterschaft2-1200x900.jpg 1200w, https:\/\/www.jvdiana.de\/cm\/wp-content\/uploads\/2021\/09\/20210918_vereinsmeisterschaft2-400x300.jpg 400w, https:\/\/www.jvdiana.de\/cm\/wp-content\/uploads\/2021\/09\/20210918_vereinsmeisterschaft2.jpg 2048w\" sizes=\"auto, (max-width: 900px) 100vw, 900px\" \/><p id=\"caption-attachment-1329\" class=\"wp-caption-text\">v.l.n.r Matthias M\u00f6ller, Thomas Kremer, Andreas Maul und Stefan Hildenbrand, Foto: Iris Morkel<\/p><\/div>\n","protected":false},"excerpt":{"rendered":"<p>Am Samstag, den 18.09.21 fand auf dem Schie\u00dfstand Rosskuppe des Jagdverein Diana H\u00fcnfeld die j\u00e4hrliche Vereinsmeisterschaft nach DJV Schiessvorschrift statt. Neuer Vereinsmeister 2021 wurde Roland Richter mit 313 Punkten, Herzlichen Gl\u00fcckwunsch! &nbsp;<\/p>\n<p> <a class=\"continue-reading-link\" href=\"https:\/\/www.jvdiana.de\/cm\/2021\/09\/27\/vereinsmeisterschaft-am-18-09-2021\/\"><span>Weiterlesen&#8230;<\/span><i class=\"crycon-right-dir\"><\/i><\/a> <\/p>\n","protected":false},"author":1,"featured_media":1326,"comment_status":"closed","ping_status":"open","sticky":false,"template":"","format":"standard","meta":{"footnotes":""},"categories":[1,11,17],"tags":[],"class_list":["post-1325","post","type-post","status-publish","format-standard","has-post-thumbnail","hentry","category-allgemein","category-schiesswesen","category-veranstaltungen"],"_links":{"self":[{"href":"https:\/\/www.jvdiana.de\/cm\/wp-json\/wp\/v2\/posts\/1325","targetHints":{"allow":["GET"]}}],"collection":[{"href":"https:\/\/www.jvdiana.de\/cm\/wp-json\/wp\/v2\/posts"}],"about":[{"href":"https:\/\/www.jvdiana.de\/cm\/wp-json\/wp\/v2\/types\/post"}],"author":[{"embeddable":true,"href":"https:\/\/www.jvdiana.de\/cm\/wp-json\/wp\/v2\/users\/1"}],"replies":[{"embeddable":true,"href":"https:\/\/www.jvdiana.de\/cm\/wp-json\/wp\/v2\/comments?post=1325"}],"version-history":[{"count":3,"href":"https:\/\/www.jvdiana.de\/cm\/wp-json\/wp\/v2\/posts\/1325\/revisions"}],"predecessor-version":[{"id":1333,"href":"https:\/\/www.jvdiana.de\/cm\/wp-json\/wp\/v2\/posts\/1325\/revisions\/1333"}],"wp:featuredmedia":[{"embeddable":true,"href":"https:\/\/www.jvdiana.de\/cm\/wp-json\/wp\/v2\/media\/1326"}],"wp:attachment":[{"href":"https:\/\/www.jvdiana.de\/cm\/wp-json\/wp\/v2\/media?parent=1325"}],"wp:term":[{"taxonomy":"category","embeddable":true,"href":"https:\/\/www.jvdiana.de\/cm\/wp-json\/wp\/v2\/categories?post=1325"},{"taxonomy":"post_tag","embeddable":true,"href":"https:\/\/www.jvdiana.de\/cm\/wp-json\/wp\/v2\/tags?post=1325"}],"curies":[{"name":"wp","href":"https:\/\/api.w.org\/{rel}","templated":true}]}}