{"id":1415,"date":"2022-04-12T21:47:02","date_gmt":"2022-04-12T19:47:02","guid":{"rendered":"https:\/\/www.jvdiana.de\/cm\/?p=1415"},"modified":"2022-04-12T21:51:18","modified_gmt":"2022-04-12T19:51:18","slug":"jahreshauptversammlung-2022-2","status":"publish","type":"post","link":"https:\/\/www.jvdiana.de\/cm\/2022\/04\/12\/jahreshauptversammlung-2022-2\/","title":{"rendered":"Jahreshauptversammlung 2022"},"content":{"rendered":"<div id=\"attachment_1371\" style=\"width: 910px\" class=\"wp-caption alignnone\"><img loading=\"lazy\" decoding=\"async\" aria-describedby=\"caption-attachment-1371\" class=\"size-large wp-image-1371\" src=\"https:\/\/www.jvdiana.de\/cm\/wp-content\/uploads\/2022\/02\/DSC_0004-1024x680.jpg\" alt=\"Jahreshauptversammlung\" width=\"900\" height=\"598\" srcset=\"https:\/\/www.jvdiana.de\/cm\/wp-content\/uploads\/2022\/02\/DSC_0004-1024x680.jpg 1024w, https:\/\/www.jvdiana.de\/cm\/wp-content\/uploads\/2022\/02\/DSC_0004-300x199.jpg 300w, https:\/\/www.jvdiana.de\/cm\/wp-content\/uploads\/2022\/02\/DSC_0004-768x510.jpg 768w, https:\/\/www.jvdiana.de\/cm\/wp-content\/uploads\/2022\/02\/DSC_0004-1536x1020.jpg 1536w, https:\/\/www.jvdiana.de\/cm\/wp-content\/uploads\/2022\/02\/DSC_0004-2048x1360.jpg 2048w, https:\/\/www.jvdiana.de\/cm\/wp-content\/uploads\/2022\/02\/DSC_0004-150x100.jpg 150w, https:\/\/www.jvdiana.de\/cm\/wp-content\/uploads\/2022\/02\/DSC_0004-1200x797.jpg 1200w, https:\/\/www.jvdiana.de\/cm\/wp-content\/uploads\/2022\/02\/DSC_0004-400x266.jpg 400w\" sizes=\"auto, (max-width: 900px) 100vw, 900px\" \/><p id=\"caption-attachment-1371\" class=\"wp-caption-text\">Jahreshauptversammlung<\/p><\/div>\n<p>Einladung zur Jahreshauptversammlung<br \/>\nam <strong>Dienstag, den 26.04.2022<\/strong> um <strong>19:00 Uhr<\/strong> in die <strong>Gastst\u00e4tte &#8222;Zum Goldenen Stern&#8220; in Gro\u00dfenbach<\/strong>.<\/p>\n<p>Tagesordnung:<\/p>\n<ol>\n<li>Begr\u00fc\u00dfung<\/li>\n<li>Feststellung der satzungsgem\u00e4\u00dfen Einladung<\/li>\n<li>Totenehrung<\/li>\n<li>Jahresbericht der Vorsitzenden, des Schatzmeisters und der Abteilungsleiter<\/li>\n<li>Berichte der Rechnungspr\u00fcfer<\/li>\n<li>Entlastung des Vorstandes<\/li>\n<li>Wahl des Vorstandes<\/li>\n<li>Wahl eines neuen Kassenpr\u00fcfers<\/li>\n<li>Ehrungen<\/li>\n<li>Behandlung von Antr\u00e4gen<\/li>\n<li>Verschiedenes<\/li>\n<\/ol>\n<p><strong>Antr\u00e4ge<\/strong> zur Behandlung in der Jahreshauptversammlung sind<strong> bis zum 19.04.2022 schriftlich an den Vorstand<\/strong> zu richten.<\/p>\n<p><strong>Achtung: Der Schie\u00dfkalender, der bislang der Einladung zur JV in Pappform beilag, wird nun in elektronischer Form auf der Homepage unter &#8222;<a href=\"https:\/\/www.jvdiana.de\/cm\/download\/\">Download<\/a>&#8220; zur Verf\u00fcgung gestellt. Des Weiteren h\u00e4ngt der Schie\u00dfkalender am Schie\u00dfstand Rosskuppe \u00f6ffentlich aus.<\/strong><\/p>\n<p>Den \u00fcblichen Gutschein zur kostenfreien Schie\u00dfstandnutzung erhalten Mitglieder auf der Jahreshauptversammlung.<\/p>\n","protected":false},"excerpt":{"rendered":"<p>Einladung zur Jahreshauptversammlung am Dienstag, den 26.04.2022 um 19:00 Uhr in die Gastst\u00e4tte &#8222;Zum Goldenen Stern&#8220; in Gro\u00dfenbach. Tagesordnung: Begr\u00fc\u00dfung Feststellung der satzungsgem\u00e4\u00dfen Einladung Totenehrung Jahresbericht der Vorsitzenden, des Schatzmeisters und der Abteilungsleiter Berichte der Rechnungspr\u00fcfer Entlastung des Vorstandes Wahl des Vorstandes Wahl eines neuen Kassenpr\u00fcfers Ehrungen Behandlung von Antr\u00e4gen&#8230;<\/p>\n<p> <a class=\"continue-reading-link\" href=\"https:\/\/www.jvdiana.de\/cm\/2022\/04\/12\/jahreshauptversammlung-2022-2\/\"><span>Weiterlesen&#8230;<\/span><i class=\"crycon-right-dir\"><\/i><\/a> <\/p>\n","protected":false},"author":1,"featured_media":1371,"comment_status":"closed","ping_status":"open","sticky":false,"template":"","format":"standard","meta":{"footnotes":""},"categories":[1,17,19],"tags":[],"class_list":["post-1415","post","type-post","status-publish","format-standard","has-post-thumbnail","hentry","category-allgemein","category-veranstaltungen","category-wissenswertes"],"_links":{"self":[{"href":"https:\/\/www.jvdiana.de\/cm\/wp-json\/wp\/v2\/posts\/1415","targetHints":{"allow":["GET"]}}],"collection":[{"href":"https:\/\/www.jvdiana.de\/cm\/wp-json\/wp\/v2\/posts"}],"about":[{"href":"https:\/\/www.jvdiana.de\/cm\/wp-json\/wp\/v2\/types\/post"}],"author":[{"embeddable":true,"href":"https:\/\/www.jvdiana.de\/cm\/wp-json\/wp\/v2\/users\/1"}],"replies":[{"embeddable":true,"href":"https:\/\/www.jvdiana.de\/cm\/wp-json\/wp\/v2\/comments?post=1415"}],"version-history":[{"count":2,"href":"https:\/\/www.jvdiana.de\/cm\/wp-json\/wp\/v2\/posts\/1415\/revisions"}],"predecessor-version":[{"id":1419,"href":"https:\/\/www.jvdiana.de\/cm\/wp-json\/wp\/v2\/posts\/1415\/revisions\/1419"}],"wp:featuredmedia":[{"embeddable":true,"href":"https:\/\/www.jvdiana.de\/cm\/wp-json\/wp\/v2\/media\/1371"}],"wp:attachment":[{"href":"https:\/\/www.jvdiana.de\/cm\/wp-json\/wp\/v2\/media?parent=1415"}],"wp:term":[{"taxonomy":"category","embeddable":true,"href":"https:\/\/www.jvdiana.de\/cm\/wp-json\/wp\/v2\/categories?post=1415"},{"taxonomy":"post_tag","embeddable":true,"href":"https:\/\/www.jvdiana.de\/cm\/wp-json\/wp\/v2\/tags?post=1415"}],"curies":[{"name":"wp","href":"https:\/\/api.w.org\/{rel}","templated":true}]}}