{"id":1430,"date":"2022-04-28T21:35:22","date_gmt":"2022-04-28T19:35:22","guid":{"rendered":"https:\/\/www.jvdiana.de\/cm\/?p=1430"},"modified":"2022-04-28T22:52:48","modified_gmt":"2022-04-28T20:52:48","slug":"jahreshauptversammlung-am-26-04-2022-in-grossenbach","status":"publish","type":"post","link":"https:\/\/www.jvdiana.de\/cm\/2022\/04\/28\/jahreshauptversammlung-am-26-04-2022-in-grossenbach\/","title":{"rendered":"Jahreshauptversammlung am 26.04.2022 in Gro\u00dfenbach"},"content":{"rendered":"<div id=\"attachment_1432\" style=\"width: 910px\" class=\"wp-caption alignnone\"><img loading=\"lazy\" decoding=\"async\" aria-describedby=\"caption-attachment-1432\" class=\"size-large wp-image-1432\" src=\"https:\/\/www.jvdiana.de\/cm\/wp-content\/uploads\/2022\/04\/jhv_2022_ehrungen-1024x680.jpg\" alt=\"Die geehrten, v.l.n.r. vordere untere Reihe: Paul B\u00fcchel, Albrecht F\u00f6rster, Manfred Koch, 1. Vorsitzende Astrid Schneider-Heil, Matthias Bender, Dr. Reiner Kunz, mittlere Reihe: Herbert Jost, Werner H\u00fcfner, Patrick Figge, hintere obere Reihe Ludwig Sobotta, Dr. Sebastian K\u00fchn, Dr. Fabian Kunz, Foto: Sean Perez\" width=\"900\" height=\"598\" srcset=\"https:\/\/www.jvdiana.de\/cm\/wp-content\/uploads\/2022\/04\/jhv_2022_ehrungen-1024x680.jpg 1024w, https:\/\/www.jvdiana.de\/cm\/wp-content\/uploads\/2022\/04\/jhv_2022_ehrungen-300x199.jpg 300w, https:\/\/www.jvdiana.de\/cm\/wp-content\/uploads\/2022\/04\/jhv_2022_ehrungen-768x510.jpg 768w, https:\/\/www.jvdiana.de\/cm\/wp-content\/uploads\/2022\/04\/jhv_2022_ehrungen-1536x1020.jpg 1536w, https:\/\/www.jvdiana.de\/cm\/wp-content\/uploads\/2022\/04\/jhv_2022_ehrungen-2048x1360.jpg 2048w, https:\/\/www.jvdiana.de\/cm\/wp-content\/uploads\/2022\/04\/jhv_2022_ehrungen-150x100.jpg 150w, https:\/\/www.jvdiana.de\/cm\/wp-content\/uploads\/2022\/04\/jhv_2022_ehrungen-1200x797.jpg 1200w, https:\/\/www.jvdiana.de\/cm\/wp-content\/uploads\/2022\/04\/jhv_2022_ehrungen-400x266.jpg 400w\" sizes=\"auto, (max-width: 900px) 100vw, 900px\" \/><p id=\"caption-attachment-1432\" class=\"wp-caption-text\">Die geehrten, v.l.n.r. vordere untere Reihe: Paul B\u00fcchel, Albrecht F\u00f6rster, Manfred Koch, 1. Vorsitzende Astrid Schneider-Heil, Matthias Bender, Dr. Reiner Kunz, mittlere Reihe: Herbert Jost, Werner H\u00fcfner, Patrick Figge, hintere obere Reihe Ludwig Sobotta, Dr. Sebastian K\u00fchn, Dr. Fabian Kunz, Foto: Sean Perez<\/p><\/div>\n<p>Am 26.04.2022 fand in der Gastst\u00e4tte zum Goldenen Stern in Gro\u00dfenbach die Jahreshauptversammlung des Jagdvereins Diana H\u00fcnfeld statt. 1. Vorsitzende Astrid Schneider-Heil er\u00f6ffnete die Versammlung. Das Jagdhornbl\u00e4serkorps unter Leitung von Georg Laibach umrahmte mit den Signalen \u201cSammeln der J\u00e4ger\u201c, &#8222;Begr\u00fc\u00dfung&#8220; und dem \u201eJ\u00e4gergru\u00df\u201c.<\/p>\n<p>Nach Feststellung der satzungsgem\u00e4\u00dfen Einladung folgte die Ehrung der im letzten Jahr verstorbenen Mitglieder. Ehrenmitglied G\u00fcnter Dienst, Ehrenmitglied Alfred L\u00fchn, Erika Dietz, Willi Vogt, Josef Hohmann, und Karl Georg May. Unter Begleitung des Jagdhornbl\u00e4sercorps mit den Signalen \u201eJagd vorbei\u201c und \u201eHalali&#8220; wurde den Verstorbenen gedacht.<\/p>\n<p>Astrid Schneider-Heil f\u00fchrte aus, das die Vorstandsarbeit auch im vergangenen Jahr durch die Corona Pandemie gepr\u00e4gt war. Jungj\u00e4gerausbildung und Erhaltungsma\u00dfnahmen auf dem Schie\u00dfstand waren Schwerpunkte der Vorstandsarbeit und der 4 Vorstandssitzungen. Der Jungj\u00e4gerkurs wird weiterhin stark nachgefragt und ist mittlerweile zu einer festen S\u00e4ule des Vereins geworden. Die Fertigstellung der neuen Trap Anlage ist f\u00fcr 2022 vorgesehen. Der Wiederaufbau der H\u00fctte auf dem Schie\u00dfstand ist nahezu abgeschlossen. Diese wurde 2019 durch das Sturmtief Eberhard und eine darauf gefallene Buche schwer besch\u00e4digt und musste komplett neu aufgebaut werden. Ein Dank ging an das Team des Schie\u00dfstandes, insbesondere auch an Manfred Weinmeister. Die Ausarbeitung und Verl\u00e4ngerung des Pachtvertrags f\u00fcr den Schie\u00dfstand Rosskuppe beanspruchte viel Zeit. U.a. ist der Verein verpflichtet, gewisse Anforderungen und Gelder f\u00fcr einen R\u00fcckbau zu garantieren. Der Pachtvertrag f\u00fcr den Schie\u00dfstand wird ab 01.01.23 um weitere 15 Jahre verl\u00e4ngert.<\/p>\n<p>Joerg Hartmann &#8211; stellvertretend f\u00fcr den abwesenden Georg K\u00e4smann \u2013 berichtete zur Kassenlage. Gr\u00f6\u00dfere Investitionen sind auch in 2021 bedingt durch Corona ausgeblieben, sind aber in 2022 mit der Modernisierung der Trapanlage auf dem Schie\u00dfstand geplant.<\/p>\n<p>Joerg Hartmann berichtete auch stellvertretend f\u00fcr Andreas Maul zur Schie\u00dfmannschaft. Roland Richter konnte die Vereinsmeisterschaft mit 313 Ringen f\u00fcr sich entscheiden. Die Schie\u00dfmannschaft nahm u.a. an der Landesmeisterschaft in Baden-W\u00fcrttemberg teil und konnte ein Training im Jagdparcours Buke absolvieren. Ein Dank ging von Hartmann an die gesamte Schie\u00dfmannschaft f\u00fcr deren Unterst\u00fctzung.<\/p>\n<p>Cornelia Schmidt gab einen \u00dcberblick zum Hundewesen, insbesondere den Vorbereitungslehrg\u00e4ngen und den Pr\u00fcfungen. Das Pr\u00fcfungsfach St\u00f6bern wird von den Teilnehmern immer wieder untersch\u00e4tzt. Ein Pr\u00e4gungsgatter f\u00fcr Welpen als auch das Schwarzwildgatter in Meiningen bieten hervorragende Ausbildungsm\u00f6glichkeiten f\u00fcr Jagdhunde. Schmidt dankte Sebastian Keidel (Hessenforst), dem Revierp\u00e4chter Herrn Vogt f\u00fcr die Nutzung von Revierfl\u00e4chen f\u00fcr die Hundeausbildung, sowie allen Helfern, ohne die eine Durchf\u00fchrung der Brauchbarkeitspr\u00fcfungen kaum m\u00f6glich w\u00e4re.<\/p>\n<p>Das Interesse am Jungj\u00e4gerlehrgang ist ungebrochen, so Patrick Figge, Lehrgangsleiter der Jungj\u00e4gerausbildung. Der Lehrgang muss aus Kapazit\u00e4tsgr\u00fcnden mittlerweile auf max. 15 Teilnehmer begrenzt werden. Von 13 Teilnehmern des Lehrgangs 2021 \/ 2022 konnten 12 erfolgreich das gr\u00fcne Abitur absolvieren.<\/p>\n<p>Der Kurs 2022 \/ 2023 ist bereits mit 21 Anmeldungen komplett ausgebucht. Ausbilder Werner H\u00fcfner (Jagdhundewesen) beendet seine T\u00e4tigkeit mit dem Lehrgang 2021 \/ 2022. Figge dankte ihm sehr herzlich. Anja Bilstein wird H\u00fcfners Nachfolgerin.<\/p>\n<p>Auch die Jagdhornbl\u00e4ser mussten coronabedingt Einschr\u00e4nkungen bei \u00dcbungsstunden und Auftritten hinnehmen, so Georg Laibach, Leiter der Jagdhornbl\u00e4sergruppe. Daher freut sich die Bl\u00e4sergruppe auf das H\u00fcnfelder Gaalbernfest 2022 das u.a. von den Bl\u00e4sern musikalisch umrahmt, er\u00f6ffnet wird.<\/p>\n<p>Die Kasse wurde von den Kassenpr\u00fcfern ohne Beanstandungen gepr\u00fcft. Im Anschluss wurde der Vorstand entlastet.<\/p>\n<p>Kreisjagdberater J\u00fcrgen Manns begann mit einer Aufz\u00e4hlung von Symptomen (Nasenbluten, blutiger Durchfall, Hautblutungen) der Afrikanischen Schweinepest (ASP). Der Landkreis Fulda ist mittlerweile durch einen Krisenstab gut aufgestellt. Trotzdem sind Fr\u00fcherkennung und schnelles Handeln essenziell zur Bek\u00e4mpfung der ASP. Die Ausbreitung ist ma\u00dfgeblich durch menschliches Fehlverhalten bedingt. Da der Erreger selbst im Schlamm, an Autoreifen oder Schuhsolen \u00fcbertragen werden kann, sind Achtsamkeit und hygienische Ma\u00dfnahmen unerl\u00e4sslich, sog. Indikatortiere m\u00fcssen verprobt werden. H\u00e4ufige Berichte in den Medien zu \u00fcberh\u00f6hten Wildbest\u00e4nden findet Manns bedenklich. Er fordert individuelle Abschusspl\u00e4ne f\u00fcr das Schalenwild, angepasst an unterschiedliche Zonen innerhalb eines Reviers, Schwerpunkt Bejagung. Differenzierte Abschusspl\u00e4ne w\u00e4ren hilfreicher. Jungj\u00e4ger, die im Verein den Lehrgang absolviert haben, sollten auch im Verein gehalten werden. Die Pr\u00e4datoren Bejagung ist essenziell f\u00fcr das Niederwild, daher sieht Manns auch die Einschr\u00e4nkungen des Gesetzgebers hinsichtlich Fangjagd kritisch. In erster Linie m\u00fcssen f\u00fcr das Niederwild Lebensraumverbesserungen herbeigef\u00fchrt werden. Im Abschluss seiner Ausf\u00fchrungen w\u00fcnschte Manns der Versammlung viel Sitzfleisch, verst\u00e4ndnisvolle Partner, Durchhalteverm\u00f6gen, Freude an der Jagd und Waidmannsheil.<\/p>\n<p>Im Anschluss erfolgte die Vorstandswahl durch Wahlleiter J\u00fcrgen Manns mit folgendem Wahlergebnis:<\/p>\n<p>1. Vorsitzende, Astrid Schneider-Heil<br \/>\n2. Vorsitzender, Andreas Becker<br \/>\nSchriftf\u00fchrer, Dr. Sebastian K\u00fchn<br \/>\nKassierer, Thomas Engelbrecht<br \/>\nStellv. Kassierer, Georg K\u00e4smann<\/p>\n<p>Nach den Vorstandswahlen folgten die Ehrungen. Peter Lohfink, der viele Jahre als 1. Vorsitzender den Verein f\u00fchrte, wurde zum Ehrenmitglied ernannt.<\/p>\n<div id=\"attachment_1433\" style=\"width: 910px\" class=\"wp-caption alignnone\"><img loading=\"lazy\" decoding=\"async\" aria-describedby=\"caption-attachment-1433\" class=\"size-large wp-image-1433\" src=\"https:\/\/www.jvdiana.de\/cm\/wp-content\/uploads\/2022\/04\/ehrenmitglied_peter_lohfink-1024x680.jpg\" alt=\"Peter Lohfink, der zum Ehrenmitglied ernannt wurde und 1. Vorsitzende Astrid Schneider-Heil, Foto: Matthias Bender\" width=\"900\" height=\"598\" srcset=\"https:\/\/www.jvdiana.de\/cm\/wp-content\/uploads\/2022\/04\/ehrenmitglied_peter_lohfink-1024x680.jpg 1024w, https:\/\/www.jvdiana.de\/cm\/wp-content\/uploads\/2022\/04\/ehrenmitglied_peter_lohfink-300x199.jpg 300w, https:\/\/www.jvdiana.de\/cm\/wp-content\/uploads\/2022\/04\/ehrenmitglied_peter_lohfink-768x510.jpg 768w, https:\/\/www.jvdiana.de\/cm\/wp-content\/uploads\/2022\/04\/ehrenmitglied_peter_lohfink-1536x1020.jpg 1536w, https:\/\/www.jvdiana.de\/cm\/wp-content\/uploads\/2022\/04\/ehrenmitglied_peter_lohfink-2048x1360.jpg 2048w, https:\/\/www.jvdiana.de\/cm\/wp-content\/uploads\/2022\/04\/ehrenmitglied_peter_lohfink-150x100.jpg 150w, https:\/\/www.jvdiana.de\/cm\/wp-content\/uploads\/2022\/04\/ehrenmitglied_peter_lohfink-1200x797.jpg 1200w, https:\/\/www.jvdiana.de\/cm\/wp-content\/uploads\/2022\/04\/ehrenmitglied_peter_lohfink-400x266.jpg 400w\" sizes=\"auto, (max-width: 900px) 100vw, 900px\" \/><p id=\"caption-attachment-1433\" class=\"wp-caption-text\">Peter Lohfink, der zum Ehrenmitglied ernannt wurde und 1. Vorsitzende Astrid Schneider-Heil, Foto: Matthias Bender<\/p><\/div>\n<p><strong>Ehrungen:<\/strong><\/p>\n<p><strong>25 Jahre Mitgliedschaft<\/strong><\/p>\n<p>Ludwig Sobotta<br \/>\nWolfhard Dotzauer<br \/>\nPatrick Bender<br \/>\nMatthias Bender<br \/>\nAndreas Diegelmann<br \/>\nNicholaus Stroph<br \/>\nWilhelm Stinner<br \/>\nDr. Fabian Kunz<br \/>\nHerbert Jost<br \/>\nThomas Kemler<br \/>\nG\u00fcnter Broser<\/p>\n<p><strong>40 Jahre Mitgliedschaft<\/strong><\/p>\n<p>Manfred Budenz<br \/>\nDr. Oliver Fey<br \/>\nManfred Koch<br \/>\nManfred Koch<br \/>\nDr. Reiner Kunz<\/p>\n<p><strong>50 Jahre Mitgliedschaft<\/strong><\/p>\n<p>G\u00fcnter Blechschmidt<br \/>\nBerthold Bleuel<br \/>\nPaul B\u00fcchel<br \/>\nAlbrecht F\u00f6rster<\/p>\n<p><strong>60 Jahre Mitgliedschaft<\/strong><\/p>\n<p>Adelhard Biel<br \/>\nJosef Menz<br \/>\nKlaus Wolff<\/p>\n<p><strong>LJV Bronze<\/strong><\/p>\n<p>Astrid Schneider-Heil<br \/>\nPatrick Figge<br \/>\nSebastian K\u00fchn<br \/>\nGeorg K\u00e4smann<\/p>\n<p><strong>LJV Silber<\/strong><\/p>\n<p>Stephan M\u00f6ller<\/p>\n<p><strong>DJV Bronze<\/strong><\/p>\n<p>Werner H\u00fcfner<br \/>\nJochen Wolff<br \/>\nMatthias Bender<\/p>\n<p><strong>Ehrenmitglied<\/strong><\/p>\n<p>Peter Lohfink<\/p>\n","protected":false},"excerpt":{"rendered":"<p>Am 26.04.2022 fand in der Gastst\u00e4tte zum Goldenen Stern in Gro\u00dfenbach die Jahreshauptversammlung des Jagdvereins Diana H\u00fcnfeld statt. 1. Vorsitzende Astrid Schneider-Heil er\u00f6ffnete die Versammlung. Das Jagdhornbl\u00e4serkorps unter Leitung von Georg Laibach umrahmte mit den Signalen \u201cSammeln der J\u00e4ger\u201c, &#8222;Begr\u00fc\u00dfung&#8220; und dem \u201eJ\u00e4gergru\u00df\u201c. Nach Feststellung der satzungsgem\u00e4\u00dfen Einladung folgte die&#8230;<\/p>\n<p> <a class=\"continue-reading-link\" href=\"https:\/\/www.jvdiana.de\/cm\/2022\/04\/28\/jahreshauptversammlung-am-26-04-2022-in-grossenbach\/\"><span>Weiterlesen&#8230;<\/span><i class=\"crycon-right-dir\"><\/i><\/a> <\/p>\n","protected":false},"author":1,"featured_media":1432,"comment_status":"closed","ping_status":"open","sticky":false,"template":"","format":"standard","meta":{"footnotes":""},"categories":[1,17,19],"tags":[],"class_list":["post-1430","post","type-post","status-publish","format-standard","has-post-thumbnail","hentry","category-allgemein","category-veranstaltungen","category-wissenswertes"],"_links":{"self":[{"href":"https:\/\/www.jvdiana.de\/cm\/wp-json\/wp\/v2\/posts\/1430","targetHints":{"allow":["GET"]}}],"collection":[{"href":"https:\/\/www.jvdiana.de\/cm\/wp-json\/wp\/v2\/posts"}],"about":[{"href":"https:\/\/www.jvdiana.de\/cm\/wp-json\/wp\/v2\/types\/post"}],"author":[{"embeddable":true,"href":"https:\/\/www.jvdiana.de\/cm\/wp-json\/wp\/v2\/users\/1"}],"replies":[{"embeddable":true,"href":"https:\/\/www.jvdiana.de\/cm\/wp-json\/wp\/v2\/comments?post=1430"}],"version-history":[{"count":4,"href":"https:\/\/www.jvdiana.de\/cm\/wp-json\/wp\/v2\/posts\/1430\/revisions"}],"predecessor-version":[{"id":1436,"href":"https:\/\/www.jvdiana.de\/cm\/wp-json\/wp\/v2\/posts\/1430\/revisions\/1436"}],"wp:featuredmedia":[{"embeddable":true,"href":"https:\/\/www.jvdiana.de\/cm\/wp-json\/wp\/v2\/media\/1432"}],"wp:attachment":[{"href":"https:\/\/www.jvdiana.de\/cm\/wp-json\/wp\/v2\/media?parent=1430"}],"wp:term":[{"taxonomy":"category","embeddable":true,"href":"https:\/\/www.jvdiana.de\/cm\/wp-json\/wp\/v2\/categories?post=1430"},{"taxonomy":"post_tag","embeddable":true,"href":"https:\/\/www.jvdiana.de\/cm\/wp-json\/wp\/v2\/tags?post=1430"}],"curies":[{"name":"wp","href":"https:\/\/api.w.org\/{rel}","templated":true}]}}