{"id":144,"date":"2019-04-15T15:30:18","date_gmt":"2019-04-15T13:30:18","guid":{"rendered":"http:\/\/www.jvdiana.de\/cm\/?p=144"},"modified":"2019-07-23T01:48:46","modified_gmt":"2019-07-22T23:48:46","slug":"jahreshauptversammlung-2019","status":"publish","type":"post","link":"https:\/\/www.jvdiana.de\/cm\/2019\/04\/15\/jahreshauptversammlung-2019\/","title":{"rendered":"Jahreshauptversammlung 2019"},"content":{"rendered":"<div id=\"attachment_147\" style=\"width: 910px\" class=\"wp-caption alignnone\"><img loading=\"lazy\" decoding=\"async\" aria-describedby=\"caption-attachment-147\" class=\"wp-image-147 size-large\" src=\"http:\/\/www.jvdiana.de\/cm\/wp-content\/uploads\/2019\/04\/2019-04-10_jhv_ehrungen-1024x541.jpg\" alt=\"Die geehrten von links: August Reuter, Werner M\u00f6ller, Lothar R\u00f6der, 1. Vorsitzender Patrick Figge, Bernd Kircher, Matthias Christl, Reinhard Breitung, Reinhold Giebel, 2. Vorsitzende Astrid Schneider-Heil, Paul K\u00e4smann, ,Rudolf Geisler, Ferdinand Fischer, Wolfgang Glotzbach, Bernd Plappert ,Hans Z\u00f6ll, J\u00fcrgen Manns, Foto: Karl-Heinz Burkhardt,\" width=\"900\" height=\"475\" srcset=\"https:\/\/www.jvdiana.de\/cm\/wp-content\/uploads\/2019\/04\/2019-04-10_jhv_ehrungen-1024x541.jpg 1024w, https:\/\/www.jvdiana.de\/cm\/wp-content\/uploads\/2019\/04\/2019-04-10_jhv_ehrungen-300x158.jpg 300w, https:\/\/www.jvdiana.de\/cm\/wp-content\/uploads\/2019\/04\/2019-04-10_jhv_ehrungen-768x406.jpg 768w, https:\/\/www.jvdiana.de\/cm\/wp-content\/uploads\/2019\/04\/2019-04-10_jhv_ehrungen-150x79.jpg 150w\" sizes=\"auto, (max-width: 900px) 100vw, 900px\" \/><p id=\"caption-attachment-147\" class=\"wp-caption-text\">Die geehrten von links: August Reuter, Werner M\u00f6ller, Lothar R\u00f6der, 1. Vorsitzender Patrick Figge, Bernd Kircher, Matthias Christl, Reinhard Breitung, Reinhold Giebel, 2. Vorsitzende Astrid Schneider-Heil, Paul K\u00e4smann, ,Rudolf Geisler, Ferdinand Fischer, Wolfgang Glotzbach, Bernd Plappert ,Hans Z\u00f6ll, J\u00fcrgen Manns, Foto: Karl-Heinz Burkhardt,<\/p><\/div>\n<p>Am 09.04.2019 fand in der Gastst\u00e4tte \u201eZum Goldenen Stern\u201c in Gro\u00dfenbach die Jahreshauptversammlung des Jagdvereins Diana H\u00fcnfeld statt. Nachdem das Jagdhornbl\u00e4serkorps unter Leitung von Georg Laibach die Signale \u201cSammeln der J\u00e4ger\u201c und &#8222;Begr\u00fc\u00dfung&#8220; geblasen hatte, begr\u00fc\u00dfte der 1. Vorsitzende, Patrick Figge, neben den Vereinsmitgliedern, den Kreisjagdberater J\u00fcrgen Manns, das Ehrenmitglied G\u00fcnther Dienst, die Vorsitzenden der Hegeringe und die Jagdhornbl\u00e4sergruppe des Vereins.<\/p>\n<p>Nach Feststellung der satzungsgem\u00e4\u00dfen Einladung folgte die Ehrung der im letzten Gesch\u00e4ftsjahr bis zur Jahreshauptversammlung verstorbenen Mitglieder, Manfred Franzmann, Edgar Haas, J\u00fcrgen K\u00fcmpel. Unter Begleitung des Jagdhornbl\u00e4sercorps mit den Signalen \u201eJagd vorbei\u201c und \u201eHalali&#8220; wurde den Verstorbenen gedacht.<\/p>\n<p>Im Anschluss berichtete der 1. Vorsitzende Patrick Figge \u00fcber seinen Besuch beim Landesj\u00e4gertag 2018, an dem u.a. der LJV (Landesjagdverband) seine T\u00e4tigkeiten transparenter darstellte. Die 2018 durchgef\u00fchrte 3-t\u00e4gige Ferienfreizeit f\u00fcr Kinder im Alter von 8-12 Jahren, war ein voller Erfolg. Vom Start im Umweltzentrum Fulda \u00fcber eine Falkner Vorf\u00fchrung bis hin zu einem gemeinsamen Ansitz am letzten Abend, konnten in Kooperation mit der JGV Rh\u00f6n-Vogelsberg sehr abwechslungsreiche und interessante Tage gestaltet werden. Das Projekt Fellwechsel wird von den J\u00e4gern im H\u00fcnfelder Land gut angenommen und tatkr\u00e4ftig unterst\u00fctzt. Die vergangenen 5 Vorstandssitzungen waren gepr\u00e4gt durch die Modernisierung des Schie\u00dfstandes. Insbesondere die Erneuerung der Geschossf\u00e4nge war zwingend erforderlich, damit auch das Aush\u00e4ngeschild des Vereins wieder den aktuellen Sicherheitsvorschriften, Umweltschutzbedingungen und nicht zuletzt dem aktuellen Stand der Technik gerecht wird.<\/p>\n<p>Am 10. M\u00e4rz 2019 wurde die H\u00fctte auf dem Schie\u00dfstand, die u.a. als Ausbildungszentrum f\u00fcr die Jungj\u00e4gerausbildung genutzt wird, durch das Sturmtief Eberhard und eine darauf gefallene Buche schwer besch\u00e4digt. Das Mobiliar wurde fast komplett zerst\u00f6rt, Pr\u00e4parate, f\u00fcr die Jungj\u00e4gerausbildung, konnten gerettet werden. Die Aufr\u00e4umarbeiten konnten durch Vereinsmitglieder in Eigenleistung erbracht werden. F\u00fcr den Wiederaufbau hat der Verein Zusch\u00fcsse vom Ministerium in Aussicht gestellt bekommen. Somit stehen auch die Chancen gut, dass der Verein die hessische Landesmeisterschaft im jagdlichen Schie\u00dfen, Mitte Juni wie geplant ausrichten kann.<\/p>\n<p>Astrid Schneider-Heil, die 2. Vorsitzende und Beisitzerin im LJV, gab einen Einblick in die T\u00e4tigkeiten des Landesverbands. Der LJV forciert seine Aufgaben im Bereich Naturschutz und investiert auch verst\u00e4rkt in die \u00d6ffentlichkeitsarbeit \u00fcber Social Media und den Hessischen Rundfunk. F\u00f6rdergelder f\u00fcr die Zeitschrift Hessenj\u00e4ger und das Jagdschloss Kranichstein wurden eingeklagt. Die Mehreinnahmen \u00fcber die Mitgliedsbeitr\u00e4ge schaffen finanziellen Handlungsspielraum. Dieser erm\u00f6glicht u.a. die gezielte F\u00f6rderung von Wissenschaftsprojekten oder auch Ma\u00dfnahmen wie Biotopverbesserungen, die durch den Verein, die Mitglieder oder auch die Hegeringe beantragt werden k\u00f6nnen. Die neue Schalenwild Richtlinie sorgt bei der J\u00e4gerschaft f\u00fcr Unverst\u00e4ndnis. Das Ministerium schreibt f\u00fcr ganz Hessen neue Abschusszahlen vor, die ohne die Expertise von Sachkundigen beschlossen wurde. Hegegemeinschaften k\u00f6nnen hier den Rechtsweg beschreiten, auch der LJV hat bereits Gelder f\u00fcr die Pr\u00fcfung einer Klageschrift freigegeben.<\/p>\n<p>Kassenwart Georg K\u00e4smann gab zun\u00e4chst einen \u00dcberblick der Einnahmen und Ausgaben. Rechnungen f\u00fcr Tontauben aus den Jahren 2016 und 2017 wurden erst in 2018 belastet, 3 neue Vereinswaffen angeschafft. Eine Wechselbr\u00fccke wurde f\u00fcr den Schie\u00dfstand angeschafft um die Tauben besser lagern und zug\u00e4nglich machen zu k\u00f6nnen.<\/p>\n<p>Joerg Hartmann berichtete zur Jungj\u00e4gerausbildung. 9 Teilnehmer, darunter 2 Frauen und 1 Jugendjagdscheinanw\u00e4rter befinden sich mitten in der Pr\u00fcfungsphase. Der schriftliche- und praktische Teilbereich wurde bereits absolviert. Nach der m\u00fcndlichen Pr\u00fcfung folgt dann noch die Schie\u00dfpr\u00fcfung Ende April. 5 Anmeldungen liegen bereits jetzt schon f\u00fcr den n\u00e4chsten Kurs 2019 \/ 2020 vor. Die Jungj\u00e4gerausbildung ist ein entscheidender Baustein f\u00fcr die Zukunft des Vereins. Auch hier hat der Verein im vergangenen Jahr in 3 neue Waffen investiert, die zur Ausbildung genutzt werden. Der Verein bietet auch in diesem Jahr wieder Fangjagdlehrg\u00e4nge an. Da die Angebote f\u00fcr Fangjagdlehrg\u00e4nge in Hessen stark zur\u00fcckgegangen sind, sind die Kurse bereits voll ausgebucht, mitunter durch Teilnehmer aus der Rhein Main Region. Da die Fangjagd in befriedeten Bezirken nahezu die einzige M\u00f6glichkeit darstellt, invasive Arten wie Waschb\u00e4r, Marderhund oder Mink effektiv zu bejagen, \u00e4u\u00dfert Hartmann sein Unverst\u00e4ndnis zu den aktuellen Bestrebungen der Politik, die Fangjagdverordnung in Hessen zu reglementieren. Auch wird es in diesem Jahr einen Bl\u00e4serkurs f\u00fcr den Jagdgebrauch geben, 5 Anmeldungen liegen schon vor, Interessenten k\u00f6nnen sich direkt bei Joerg Hartmann anmelden.<\/p>\n<p>Werner Enders gab stellvertretend f\u00fcr den Mannschaftsf\u00fchrer Andreas Maul einen \u00dcberblick der Aktivit\u00e4ten der Schie\u00dfmannschaft. Benjamin Plappert wurde Vereinsmeister 2018. Andreas Maul gewann den Wanderpokal in Gie\u00dfen und belegte beim Rh\u00f6n-Grabfeld-Pokal den 3. Platz. 4 Sch\u00fctzen nahmen an der Deutschen Meisterschaft teil. Werner Enders holte in der hessischen Seniorenmeisterschaft den 4. Platz und konnte die Sonderstufe 2 bei den Deutschen Meisterschaften best\u00e4tigen. Andreas Maul erreichte die Sonderstufe 1 im Gro\u00dfgoldschie\u00dfen mit 331 Punkten.<\/p>\n<p>Enders appellierte zum Ende seiner Ausf\u00fchrungen an die Versammlung, dass auch die Schie\u00dfmannschaft dringend Nachwuchs ben\u00f6tigt. Die Erfolge der Schie\u00dfmannschaft aus den letzten Jahren sollten auch zuk\u00fcnftig angestrebt werden. Interessierte k\u00f6nnen sich jederzeit melden. Das Trainieren des sicheren Umgangs mit der Waffe sorgt nicht zuletzt f\u00fcr eine pr\u00e4zise Handhabung bei der Jagdaus\u00fcbung.<\/p>\n<p>Georg Laibach, der die Bl\u00e4sergruppe leitet, dankte zun\u00e4chst der Stadt H\u00fcnfeld f\u00fcr den Probenraum im ehem. Hotel Engel, sowie den 12 aktiven Bl\u00e4serinnen und Bl\u00e4sern f\u00fcr Ihre Zuverl\u00e4ssigkeit bei den 34 Proben und 11 Auftritten im letzten Jahr. Er appellierte an die Versammlung, nicht nur das Jagdhornblasen f\u00fcr die Jagd zu erlernen, sondern auch die Bl\u00e4sergruppe aktiv zu unterst\u00fctzen.<\/p>\n<p>Cornelia Schmidt berichtete von der Brauchbarkeitspr\u00fcfung am 13.10.2018 zu der 16 Hunde gemeldet, aber nur 10 angetreten waren. Auch in diesem Jahr startet wieder ein neuer Lehrgang am 27. April in Schenklengsfeld an der Ringbergh\u00fctte. In insgesamt 17 \u00dcbungsstunden, Sonntag morgens, werden die Hunde u.a. auf Gehorsam, Schussfestigkeit und Schwei\u00dfarbeit f\u00fcr die Pr\u00fcfung im September vorbereitet. Es sind bereits 8 Hunde gemeldet, aber noch Pl\u00e4tze frei. Cornelia Schmidt freut sich \u00fcber jeden Teilnehmer, der durch diesen Lehrgang seinen Hund ausbildet, nicht zuletzt auch aus Gr\u00fcnden des Tierschutzes bei der Jagdaus\u00fcbung.<\/p>\n<p>J\u00fcrgen Manns begann mit einem Vers von Joseph Freiherr von Eichendorff, der bereits vor 200 Jahren mit einem Gedicht den Wald gew\u00fcrdigt hat. Leider orientiert sich der heutige gewinnoptimierte Waldumbau an wirtschaftlichen Bed\u00fcrfnissen, ein profitabler Wald soll erreicht werden, Wald vor Wild. Das geht auch aus neuen Erlassen + Richtlinien eindeutig hervor. Im Forst wird das Rehwild als Sch\u00e4dling angesehen und die Jagdaus\u00fcbung wird immer mehr als Schadensverh\u00fctung dargestellt. Die J\u00e4ger im Landkreis unterst\u00fctzen hingegen einen modernen Waldumbau mit &#8211; an diesem \u00d6kosystem &#8211; angepassten Wildbest\u00e4nden, Wald mit Wild. Artenvielfalt, sowie die Erhaltung, Sicherung und Aufwertung der Wildtierlebensr\u00e4ume sorgt auch f\u00fcr die Verbesserung des Waldbestandes, keinesfalls die Erh\u00f6hung von Abschusszahlen. In Deutschland leben aktuell \u00fcber 1000 W\u00f6lfe in 73 Rudeln. Bis zum Jahr 2026 wird die Population auf 10.000 &#8211; 20.000 Tiere ansteigen.<\/p>\n<p>Der Schutz und die Sicherheit des Menschen, sowie der Nutztiere kann nur gew\u00e4hrleistet werden, wenn f\u00fcr den Wolf klare Regeln erstellt werden. Ausschluss Areale und Gebiete, in denen der Wolf geduldet wird, sind klare Forderungen des DJV. Weiter f\u00fchrt Manns aus, dass Hase und Rebhuhn die Verlierer unserer Agrarlandschaft sind. Brachfl\u00e4chen und Bl\u00fchstreifen werden f\u00fcr diese Tierarten ben\u00f6tigt. Die J\u00e4ger sind stark im Ehrenamt vertreten sollten Ihre Gesetztes Verpflichtung wahrnehmen und einen artenreichen Wildbestand erhalten. Ebenfalls treten J\u00e4ger f\u00fcr die Gesellschaft ein und die Jagd sollte nachhaltig bleiben.<\/p>\n<p>Die Kasse wurde von den Kassenpr\u00fcfern ohne Beanstandungen gepr\u00fcft. Im Anschluss wurde der Vorstand entlastet.<\/p>\n<p>Vorstandswahlen &#8211; Wahlleiter J\u00fcrgen Manns:<\/p>\n<p>1. Vorsitzender &#8211; Patrick Figge<\/p>\n<p>2. Vorsitzende &#8211; Astrid Schneider-Heil<\/p>\n<p>Kassenwart &#8211; Georg K\u00e4smann<\/p>\n<p>Kassenwart stellv. &#8211; Joerg Hartmann<\/p>\n<p>Schriftf\u00fchrer &#8211; Sebastian K\u00fchn<\/p>\n<p>Schriftf\u00fchrer stellv. Andreas Becker<br \/>\nKassenpr\u00fcfer 2020<\/p>\n<p>Matthias G\u00e4rtner<br \/>\nAugust Reuter<\/p>\n<p><strong>Ehrungen 2019<\/strong><\/p>\n<p><strong>LJV Bronze: <\/strong><\/p>\n<p>Ulrich Niebergall, f\u00fcr seine T\u00e4tigkeit als Platzwart auf dem Schie\u00dfstand<\/p>\n<p>Mathias Christl, als Vereinswirt<\/p>\n<p>Andreas Ritz, f\u00fcr seine T\u00e4tigkeit als Leiter des Hegerings Eiterfeld<\/p>\n<p><strong>DJV Bronze:<\/strong><\/p>\n<p>Bernd Kircher, f\u00fcr seine langj\u00e4hrige T\u00e4tigkeit als Kassierer im Bl\u00e4serkorps<\/p>\n<p>Andreas Maul, f\u00fcr seine langj\u00e4hrige T\u00e4tigkeit als Mannschaftsf\u00fchrer der Schie\u00dfmannschaft<\/p>\n<p>Adolf Krause, f\u00fcr seine langj\u00e4hrige T\u00e4tigkeit als Schie\u00dfmeister und Unterst\u00fctzung des Vereins auf dem Schie\u00dfstand<\/p>\n<p><strong>25-j\u00e4hrige Mitgliedschaft:<\/strong><\/p>\n<p>Fecher, Marcus<br \/>\nHaimann, Rolf<br \/>\nM\u00f6ller, Werner<br \/>\nPlappert, Bernd<br \/>\nD\u00e4nner, Axel<br \/>\nDietzel, Lothar<br \/>\nDroege genannt K\u00f6rber, Lothar<br \/>\nEckart, Oswald<br \/>\nFischer, Ferdinand<br \/>\nHartmann, Uwe<br \/>\nLeubecher, Klaus-Peter<br \/>\nPlappert, Benjamin<br \/>\nStasch, Michael<br \/>\nWiegand, Markus<\/p>\n<p><strong>40-j\u00e4hrige Mitgliedschaft: <\/strong><\/p>\n<p>Gilbert, Reiner<br \/>\nGilbert, Wilfried<br \/>\nGlotzbach, Wolfgang<br \/>\nHess, Josef<br \/>\nHohmann, Christoph<br \/>\nR\u00f6der, Karl<br \/>\nZ\u00f6ll, Hans<\/p>\n<p><strong>50-j\u00e4hrige Mitgliedschaft: <\/strong><\/p>\n<p>Breitung, Reinhard<br \/>\nGeisler, Rudolf<br \/>\nGiebel, Reinhold<br \/>\nHohmann, Hermann-Josef<br \/>\nK\u00e4smann, Paul<br \/>\nKutzka, Eugen<br \/>\nManns, J\u00fcrgen<br \/>\nReuter, August<br \/>\nRitz, Albert<br \/>\nR\u00f6der, Lothar<br \/>\nSch\u00fctz, Wilhelm<\/p>\n<p><strong>Interessenten an Lehrg\u00e4ngen des Jagdvereins im Jahr 2019 werden gebeten sich direkt anzumelden:<\/strong><\/p>\n<p>Jagdhornblasen: Joerg Hartmann, Bahnhofstr. 18, D-36132 Eiterfeld, +49 6672 8390<br \/>\nHundef\u00fchrerlehrgang mit JEP: Cornelia Schmidt, Fliederstr. 6, 36277 Schenklenksfeld +49 6629 493<br \/>\nFangjagdlehrgang und Jungj\u00e4gerausbildung: Joerg Hartmann, Bahnhofstr. 18, 36132 Eiterfeld, +49 6672 8390<br \/>\nSchie\u00dfstandbuchung: Marcus Neuland, Am Silgesberg 3, 36167 N\u00fcsttal, +49 6652 74172<br \/>\nPlatzwart: Manfred Weinmeister, Am \u00d6lberg 10, 36088 H\u00fcnfeld-Dammersbach, +49 6652 5561<\/p>\n","protected":false},"excerpt":{"rendered":"<p>Am 09.04.2019 fand in der Gastst\u00e4tte \u201eZum Goldenen Stern\u201c in Gro\u00dfenbach die Jahreshauptversammlung des Jagdvereins Diana H\u00fcnfeld statt. Nachdem das Jagdhornbl\u00e4serkorps unter Leitung von Georg Laibach die Signale \u201cSammeln der J\u00e4ger\u201c und &#8222;Begr\u00fc\u00dfung&#8220; geblasen hatte, begr\u00fc\u00dfte der 1. Vorsitzende, Patrick Figge, neben den Vereinsmitgliedern, den Kreisjagdberater J\u00fcrgen Manns, das Ehrenmitglied&#8230;<\/p>\n<p> <a class=\"continue-reading-link\" href=\"https:\/\/www.jvdiana.de\/cm\/2019\/04\/15\/jahreshauptversammlung-2019\/\"><span>Weiterlesen&#8230;<\/span><i class=\"crycon-right-dir\"><\/i><\/a> <\/p>\n","protected":false},"author":1,"featured_media":0,"comment_status":"closed","ping_status":"open","sticky":false,"template":"","format":"standard","meta":{"footnotes":""},"categories":[1,17],"tags":[],"class_list":["post-144","post","type-post","status-publish","format-standard","hentry","category-allgemein","category-veranstaltungen"],"_links":{"self":[{"href":"https:\/\/www.jvdiana.de\/cm\/wp-json\/wp\/v2\/posts\/144","targetHints":{"allow":["GET"]}}],"collection":[{"href":"https:\/\/www.jvdiana.de\/cm\/wp-json\/wp\/v2\/posts"}],"about":[{"href":"https:\/\/www.jvdiana.de\/cm\/wp-json\/wp\/v2\/types\/post"}],"author":[{"embeddable":true,"href":"https:\/\/www.jvdiana.de\/cm\/wp-json\/wp\/v2\/users\/1"}],"replies":[{"embeddable":true,"href":"https:\/\/www.jvdiana.de\/cm\/wp-json\/wp\/v2\/comments?post=144"}],"version-history":[{"count":4,"href":"https:\/\/www.jvdiana.de\/cm\/wp-json\/wp\/v2\/posts\/144\/revisions"}],"predecessor-version":[{"id":233,"href":"https:\/\/www.jvdiana.de\/cm\/wp-json\/wp\/v2\/posts\/144\/revisions\/233"}],"wp:attachment":[{"href":"https:\/\/www.jvdiana.de\/cm\/wp-json\/wp\/v2\/media?parent=144"}],"wp:term":[{"taxonomy":"category","embeddable":true,"href":"https:\/\/www.jvdiana.de\/cm\/wp-json\/wp\/v2\/categories?post=144"},{"taxonomy":"post_tag","embeddable":true,"href":"https:\/\/www.jvdiana.de\/cm\/wp-json\/wp\/v2\/tags?post=144"}],"curies":[{"name":"wp","href":"https:\/\/api.w.org\/{rel}","templated":true}]}}