{"id":1462,"date":"2022-05-08T19:29:04","date_gmt":"2022-05-08T17:29:04","guid":{"rendered":"https:\/\/www.jvdiana.de\/cm\/?p=1462"},"modified":"2022-05-08T19:29:04","modified_gmt":"2022-05-08T17:29:04","slug":"die-saison-startet-in-kuerze","status":"publish","type":"post","link":"https:\/\/www.jvdiana.de\/cm\/2022\/05\/08\/die-saison-startet-in-kuerze\/","title":{"rendered":"Die Saison startet in K\u00fcrze.."},"content":{"rendered":"<div id=\"attachment_1468\" style=\"width: 910px\" class=\"wp-caption alignnone\"><img loading=\"lazy\" decoding=\"async\" aria-describedby=\"caption-attachment-1468\" class=\"size-large wp-image-1468\" src=\"https:\/\/www.jvdiana.de\/cm\/wp-content\/uploads\/2022\/05\/DJI_0098_bearbeitet-1024x576.jpg\" alt=\"Wiese am Waldrand im Mai 2022\" width=\"900\" height=\"506\" srcset=\"https:\/\/www.jvdiana.de\/cm\/wp-content\/uploads\/2022\/05\/DJI_0098_bearbeitet-1024x576.jpg 1024w, https:\/\/www.jvdiana.de\/cm\/wp-content\/uploads\/2022\/05\/DJI_0098_bearbeitet-300x169.jpg 300w, https:\/\/www.jvdiana.de\/cm\/wp-content\/uploads\/2022\/05\/DJI_0098_bearbeitet-768x432.jpg 768w, https:\/\/www.jvdiana.de\/cm\/wp-content\/uploads\/2022\/05\/DJI_0098_bearbeitet-1536x864.jpg 1536w, https:\/\/www.jvdiana.de\/cm\/wp-content\/uploads\/2022\/05\/DJI_0098_bearbeitet-2048x1152.jpg 2048w, https:\/\/www.jvdiana.de\/cm\/wp-content\/uploads\/2022\/05\/DJI_0098_bearbeitet-150x84.jpg 150w, https:\/\/www.jvdiana.de\/cm\/wp-content\/uploads\/2022\/05\/DJI_0098_bearbeitet-1200x675.jpg 1200w, https:\/\/www.jvdiana.de\/cm\/wp-content\/uploads\/2022\/05\/DJI_0098_bearbeitet-400x225.jpg 400w\" sizes=\"auto, (max-width: 900px) 100vw, 900px\" \/><p id=\"caption-attachment-1468\" class=\"wp-caption-text\">Wiese am Waldrand im Mai 2022, Foto: Matthias Bender<\/p><\/div>\n<p>Die milde Witterung der letzten Tage sorgt daf\u00fcr, das die Natur regelrecht explodiert. Das Gras w\u00e4chst und Landwirte beginnen in den n\u00e4chsten Tagen mit der ersten Mahd ihrer Wiesen. Die Drohnen Teams des JV Diana bereiten sich\u00a0 bereits vor und haben in der letzten Woche den Drohneneinsatz trainiert. Mittels Ausbringen von W\u00e4rmflaschen oder PET Flaschen &#8211; gef\u00fcllt mit warmem Wasser &#8211; auf einer Wiese, kann der Drohneneinsatz und die Rehkitzsuche ge\u00fcbt werden. Nicht nur das beherrschen der Drohnensteuerung und der Technik sondern auch der Ablauf selber und die Koordination von Helfern muss trainiert werden. Eine gute Vorbereitung ist essentiell, nicht nur f\u00fcr den Drohnenpiloten, sondern auch auf Seite der Anforderer \/ Landwirte (u.a. Helfer zur Verf\u00fcgung stellen, vorbereiten von Beh\u00e4ltnissen zum sicheren Verbringen der Rehkitze von der Fl\u00e4che). Auch wenn die Flugzeit der Drohne pro Akku 30 Minuten betr\u00e4gt, ist es wichtig, effektiv zu Fliegen, damit keine Akkukapazit\u00e4t leichtfertig verschenkt wird. Da die Teams des Jagdvereins in 2022 das erste mal f\u00fcr die Rehkitzrettung zur Verf\u00fcgung stehen, werden sich die Abl\u00e4ufe noch einspielen m\u00fcssen. Alle wichtigen Infos zur Rehkitzrettung mit Drohne finden Sie unter <a href=\"https:\/\/www.jvdiana.de\/cm\/rehkitzrettung\/\">Rehkitzrettung<\/a>.<\/p>\n<div id=\"attachment_1464\" style=\"width: 910px\" class=\"wp-caption alignnone\"><img loading=\"lazy\" decoding=\"async\" aria-describedby=\"caption-attachment-1464\" class=\"size-large wp-image-1464\" src=\"https:\/\/www.jvdiana.de\/cm\/wp-content\/uploads\/2022\/05\/drohnen_uebung-1024x822.jpg\" alt=\"Mit warmem Wasser gef\u00fcllte PET Flaschen, verteilt auf einer Wiese sind gute \u00dcbungsobjekte. Alle 4 \u00dcbungsziele konnten erfolgreich entdeckt + gerettet werden, Foto: Matthias Bender\" width=\"900\" height=\"722\" srcset=\"https:\/\/www.jvdiana.de\/cm\/wp-content\/uploads\/2022\/05\/drohnen_uebung-1024x822.jpg 1024w, https:\/\/www.jvdiana.de\/cm\/wp-content\/uploads\/2022\/05\/drohnen_uebung-300x241.jpg 300w, https:\/\/www.jvdiana.de\/cm\/wp-content\/uploads\/2022\/05\/drohnen_uebung-768x616.jpg 768w, https:\/\/www.jvdiana.de\/cm\/wp-content\/uploads\/2022\/05\/drohnen_uebung-1536x1233.jpg 1536w, https:\/\/www.jvdiana.de\/cm\/wp-content\/uploads\/2022\/05\/drohnen_uebung-150x120.jpg 150w, https:\/\/www.jvdiana.de\/cm\/wp-content\/uploads\/2022\/05\/drohnen_uebung-1200x963.jpg 1200w, https:\/\/www.jvdiana.de\/cm\/wp-content\/uploads\/2022\/05\/drohnen_uebung-350x280.jpg 350w, https:\/\/www.jvdiana.de\/cm\/wp-content\/uploads\/2022\/05\/drohnen_uebung-400x321.jpg 400w, https:\/\/www.jvdiana.de\/cm\/wp-content\/uploads\/2022\/05\/drohnen_uebung.jpg 1944w\" sizes=\"auto, (max-width: 900px) 100vw, 900px\" \/><p id=\"caption-attachment-1464\" class=\"wp-caption-text\">Mit warmem Wasser gef\u00fcllte PET Flaschen, verteilt auf einer Wiese sind gute \u00dcbungsobjekte. Alle 4 \u00dcbungsziele konnten erfolgreich entdeckt + gerettet werden, Foto: Matthias Bender<\/p><\/div>\n<div id=\"attachment_1465\" style=\"width: 910px\" class=\"wp-caption alignnone\"><img loading=\"lazy\" decoding=\"async\" aria-describedby=\"caption-attachment-1465\" class=\"size-large wp-image-1465\" src=\"https:\/\/www.jvdiana.de\/cm\/wp-content\/uploads\/2022\/05\/patrick_figge_uebung-1024x810.jpg\" alt=\"Patrick Figge bei \u00dcbungseinheiten mit der Drohne + W\u00e4remebildkamera, Foto: Matthias Bender.\" width=\"900\" height=\"712\" srcset=\"https:\/\/www.jvdiana.de\/cm\/wp-content\/uploads\/2022\/05\/patrick_figge_uebung-1024x810.jpg 1024w, https:\/\/www.jvdiana.de\/cm\/wp-content\/uploads\/2022\/05\/patrick_figge_uebung-300x237.jpg 300w, https:\/\/www.jvdiana.de\/cm\/wp-content\/uploads\/2022\/05\/patrick_figge_uebung-768x608.jpg 768w, https:\/\/www.jvdiana.de\/cm\/wp-content\/uploads\/2022\/05\/patrick_figge_uebung-1536x1215.jpg 1536w, https:\/\/www.jvdiana.de\/cm\/wp-content\/uploads\/2022\/05\/patrick_figge_uebung-150x119.jpg 150w, https:\/\/www.jvdiana.de\/cm\/wp-content\/uploads\/2022\/05\/patrick_figge_uebung-1200x949.jpg 1200w, https:\/\/www.jvdiana.de\/cm\/wp-content\/uploads\/2022\/05\/patrick_figge_uebung-400x316.jpg 400w, https:\/\/www.jvdiana.de\/cm\/wp-content\/uploads\/2022\/05\/patrick_figge_uebung.jpg 1820w\" sizes=\"auto, (max-width: 900px) 100vw, 900px\" \/><p id=\"caption-attachment-1465\" class=\"wp-caption-text\">Patrick Figge bei \u00dcbungseinheiten mit der Drohne + W\u00e4remebildkamera, Foto: Matthias Bender<\/p><\/div>\n","protected":false},"excerpt":{"rendered":"<p>Die milde Witterung der letzten Tage sorgt daf\u00fcr, das die Natur regelrecht explodiert. Das Gras w\u00e4chst und Landwirte beginnen in den n\u00e4chsten Tagen mit der ersten Mahd ihrer Wiesen. Die Drohnen Teams des JV Diana bereiten sich\u00a0 bereits vor und haben in der letzten Woche den Drohneneinsatz trainiert. Mittels Ausbringen&#8230;<\/p>\n<p> <a class=\"continue-reading-link\" href=\"https:\/\/www.jvdiana.de\/cm\/2022\/05\/08\/die-saison-startet-in-kuerze\/\"><span>Weiterlesen&#8230;<\/span><i class=\"crycon-right-dir\"><\/i><\/a> <\/p>\n","protected":false},"author":1,"featured_media":0,"comment_status":"closed","ping_status":"open","sticky":false,"template":"","format":"standard","meta":{"footnotes":""},"categories":[1,20,21,19],"tags":[],"class_list":["post-1462","post","type-post","status-publish","format-standard","hentry","category-allgemein","category-naturschutz","category-rehkitzrettung","category-wissenswertes"],"_links":{"self":[{"href":"https:\/\/www.jvdiana.de\/cm\/wp-json\/wp\/v2\/posts\/1462","targetHints":{"allow":["GET"]}}],"collection":[{"href":"https:\/\/www.jvdiana.de\/cm\/wp-json\/wp\/v2\/posts"}],"about":[{"href":"https:\/\/www.jvdiana.de\/cm\/wp-json\/wp\/v2\/types\/post"}],"author":[{"embeddable":true,"href":"https:\/\/www.jvdiana.de\/cm\/wp-json\/wp\/v2\/users\/1"}],"replies":[{"embeddable":true,"href":"https:\/\/www.jvdiana.de\/cm\/wp-json\/wp\/v2\/comments?post=1462"}],"version-history":[{"count":4,"href":"https:\/\/www.jvdiana.de\/cm\/wp-json\/wp\/v2\/posts\/1462\/revisions"}],"predecessor-version":[{"id":1469,"href":"https:\/\/www.jvdiana.de\/cm\/wp-json\/wp\/v2\/posts\/1462\/revisions\/1469"}],"wp:attachment":[{"href":"https:\/\/www.jvdiana.de\/cm\/wp-json\/wp\/v2\/media?parent=1462"}],"wp:term":[{"taxonomy":"category","embeddable":true,"href":"https:\/\/www.jvdiana.de\/cm\/wp-json\/wp\/v2\/categories?post=1462"},{"taxonomy":"post_tag","embeddable":true,"href":"https:\/\/www.jvdiana.de\/cm\/wp-json\/wp\/v2\/tags?post=1462"}],"curies":[{"name":"wp","href":"https:\/\/api.w.org\/{rel}","templated":true}]}}