{"id":1474,"date":"2022-05-11T21:22:25","date_gmt":"2022-05-11T19:22:25","guid":{"rendered":"https:\/\/www.jvdiana.de\/cm\/?p=1474"},"modified":"2022-05-11T21:22:25","modified_gmt":"2022-05-11T19:22:25","slug":"erster-einsatz-rehkitzrettung","status":"publish","type":"post","link":"https:\/\/www.jvdiana.de\/cm\/2022\/05\/11\/erster-einsatz-rehkitzrettung\/","title":{"rendered":"Erster Einsatz &#8211; Rehkitzrettung"},"content":{"rendered":"<div id=\"attachment_1480\" style=\"width: 910px\" class=\"wp-caption alignnone\"><img loading=\"lazy\" decoding=\"async\" aria-describedby=\"caption-attachment-1480\" class=\"size-large wp-image-1480\" src=\"https:\/\/www.jvdiana.de\/cm\/wp-content\/uploads\/2022\/05\/20220510_erster_drohneneinsatz_rehkitzssuche1-1024x768.jpg\" alt=\"Sonnenaufgang beim ersten Drohneneinsatz im Bereich Eiterfeld, Foto: Matthias Bender\" width=\"900\" height=\"675\" srcset=\"https:\/\/www.jvdiana.de\/cm\/wp-content\/uploads\/2022\/05\/20220510_erster_drohneneinsatz_rehkitzssuche1-1024x768.jpg 1024w, https:\/\/www.jvdiana.de\/cm\/wp-content\/uploads\/2022\/05\/20220510_erster_drohneneinsatz_rehkitzssuche1-300x225.jpg 300w, https:\/\/www.jvdiana.de\/cm\/wp-content\/uploads\/2022\/05\/20220510_erster_drohneneinsatz_rehkitzssuche1-768x576.jpg 768w, https:\/\/www.jvdiana.de\/cm\/wp-content\/uploads\/2022\/05\/20220510_erster_drohneneinsatz_rehkitzssuche1-1536x1152.jpg 1536w, https:\/\/www.jvdiana.de\/cm\/wp-content\/uploads\/2022\/05\/20220510_erster_drohneneinsatz_rehkitzssuche1-2048x1536.jpg 2048w, https:\/\/www.jvdiana.de\/cm\/wp-content\/uploads\/2022\/05\/20220510_erster_drohneneinsatz_rehkitzssuche1-150x113.jpg 150w, https:\/\/www.jvdiana.de\/cm\/wp-content\/uploads\/2022\/05\/20220510_erster_drohneneinsatz_rehkitzssuche1-1200x900.jpg 1200w, https:\/\/www.jvdiana.de\/cm\/wp-content\/uploads\/2022\/05\/20220510_erster_drohneneinsatz_rehkitzssuche1-400x300.jpg 400w\" sizes=\"auto, (max-width: 900px) 100vw, 900px\" \/><p id=\"caption-attachment-1480\" class=\"wp-caption-text\">Sonnenaufgang beim ersten Drohneneinsatz im Bereich Eiterfeld, Foto: Matthias Bender<\/p><\/div>\n<p>Am 10.05.2022 und 11.05.2022 gab es die ersten Eins\u00e4tze zur Kitzrettung im Bereich Eiterfeld.<\/p>\n<div id=\"attachment_1479\" style=\"width: 586px\" class=\"wp-caption alignnone\"><img loading=\"lazy\" decoding=\"async\" aria-describedby=\"caption-attachment-1479\" class=\"size-large wp-image-1479\" src=\"https:\/\/www.jvdiana.de\/cm\/wp-content\/uploads\/2022\/05\/20220511_erster_drohneneinsatz_rehkitzsuche-576x1024.jpg\" alt=\"Erster Drohnen Einsatz zur Rehkitzsuche. v.l.n.r. Matthias Bender, Patrick Figge und Silke Hartmann, Foto: Joerg Hartmann\" width=\"576\" height=\"1024\" srcset=\"https:\/\/www.jvdiana.de\/cm\/wp-content\/uploads\/2022\/05\/20220511_erster_drohneneinsatz_rehkitzsuche-576x1024.jpg 576w, https:\/\/www.jvdiana.de\/cm\/wp-content\/uploads\/2022\/05\/20220511_erster_drohneneinsatz_rehkitzsuche-169x300.jpg 169w, https:\/\/www.jvdiana.de\/cm\/wp-content\/uploads\/2022\/05\/20220511_erster_drohneneinsatz_rehkitzsuche-768x1365.jpg 768w, https:\/\/www.jvdiana.de\/cm\/wp-content\/uploads\/2022\/05\/20220511_erster_drohneneinsatz_rehkitzsuche-864x1536.jpg 864w, https:\/\/www.jvdiana.de\/cm\/wp-content\/uploads\/2022\/05\/20220511_erster_drohneneinsatz_rehkitzsuche-84x150.jpg 84w, https:\/\/www.jvdiana.de\/cm\/wp-content\/uploads\/2022\/05\/20220511_erster_drohneneinsatz_rehkitzsuche-400x711.jpg 400w, https:\/\/www.jvdiana.de\/cm\/wp-content\/uploads\/2022\/05\/20220511_erster_drohneneinsatz_rehkitzsuche.jpg 900w\" sizes=\"auto, (max-width: 576px) 100vw, 576px\" \/><p id=\"caption-attachment-1479\" class=\"wp-caption-text\">Erster Drohnen Einsatz zur Rehkitzsuche. v.l.n.r. Matthias Bender, Patrick Figge und Silke Hartmann, Foto: Joerg Hartmann<\/p><\/div>\n<p>Es wurden zwar keine Rehkitze bei der Absuche von knapp 12 ha gefunden, daf\u00fcr einige &#8222;Referenzhasen&#8220;. Die Absuche der Fl\u00e4chen konnte aufgrund des noch nicht so hoch gewachsenen Grases relativ z\u00fcgig erfolgen.<\/p>\n","protected":false},"excerpt":{"rendered":"<p>Am 10.05.2022 und 11.05.2022 gab es die ersten Eins\u00e4tze zur Kitzrettung im Bereich Eiterfeld. Es wurden zwar keine Rehkitze bei der Absuche von knapp 12 ha gefunden, daf\u00fcr einige &#8222;Referenzhasen&#8220;. Die Absuche der Fl\u00e4chen konnte aufgrund des noch nicht so hoch gewachsenen Grases relativ z\u00fcgig erfolgen.<\/p>\n<p> <a class=\"continue-reading-link\" href=\"https:\/\/www.jvdiana.de\/cm\/2022\/05\/11\/erster-einsatz-rehkitzrettung\/\"><span>Weiterlesen&#8230;<\/span><i class=\"crycon-right-dir\"><\/i><\/a> <\/p>\n","protected":false},"author":1,"featured_media":1479,"comment_status":"closed","ping_status":"open","sticky":false,"template":"","format":"standard","meta":{"footnotes":""},"categories":[1,20,21,19],"tags":[],"class_list":["post-1474","post","type-post","status-publish","format-standard","has-post-thumbnail","hentry","category-allgemein","category-naturschutz","category-rehkitzrettung","category-wissenswertes"],"_links":{"self":[{"href":"https:\/\/www.jvdiana.de\/cm\/wp-json\/wp\/v2\/posts\/1474","targetHints":{"allow":["GET"]}}],"collection":[{"href":"https:\/\/www.jvdiana.de\/cm\/wp-json\/wp\/v2\/posts"}],"about":[{"href":"https:\/\/www.jvdiana.de\/cm\/wp-json\/wp\/v2\/types\/post"}],"author":[{"embeddable":true,"href":"https:\/\/www.jvdiana.de\/cm\/wp-json\/wp\/v2\/users\/1"}],"replies":[{"embeddable":true,"href":"https:\/\/www.jvdiana.de\/cm\/wp-json\/wp\/v2\/comments?post=1474"}],"version-history":[{"count":3,"href":"https:\/\/www.jvdiana.de\/cm\/wp-json\/wp\/v2\/posts\/1474\/revisions"}],"predecessor-version":[{"id":1482,"href":"https:\/\/www.jvdiana.de\/cm\/wp-json\/wp\/v2\/posts\/1474\/revisions\/1482"}],"wp:featuredmedia":[{"embeddable":true,"href":"https:\/\/www.jvdiana.de\/cm\/wp-json\/wp\/v2\/media\/1479"}],"wp:attachment":[{"href":"https:\/\/www.jvdiana.de\/cm\/wp-json\/wp\/v2\/media?parent=1474"}],"wp:term":[{"taxonomy":"category","embeddable":true,"href":"https:\/\/www.jvdiana.de\/cm\/wp-json\/wp\/v2\/categories?post=1474"},{"taxonomy":"post_tag","embeddable":true,"href":"https:\/\/www.jvdiana.de\/cm\/wp-json\/wp\/v2\/tags?post=1474"}],"curies":[{"name":"wp","href":"https:\/\/api.w.org\/{rel}","templated":true}]}}