{"id":1493,"date":"2022-05-26T12:16:23","date_gmt":"2022-05-26T10:16:23","guid":{"rendered":"https:\/\/www.jvdiana.de\/cm\/?p=1493"},"modified":"2022-05-26T12:18:18","modified_gmt":"2022-05-26T10:18:18","slug":"erste-rehkitze-gerettet","status":"publish","type":"post","link":"https:\/\/www.jvdiana.de\/cm\/2022\/05\/26\/erste-rehkitze-gerettet\/","title":{"rendered":"Erste Rehkitze gerettet"},"content":{"rendered":"<p>&nbsp;<\/p>\n<div id=\"attachment_1495\" style=\"width: 778px\" class=\"wp-caption alignnone\"><img loading=\"lazy\" decoding=\"async\" aria-describedby=\"caption-attachment-1495\" class=\"size-large wp-image-1495\" src=\"https:\/\/www.jvdiana.de\/cm\/wp-content\/uploads\/2022\/05\/kitzrettung1-768x1024.jpg\" alt=\"1 von 3 geretteten Kitzen im Revier von Georg K\u00e4smann in Giesenhain. Foto: Karl Fu\u00df\" width=\"768\" height=\"1024\" srcset=\"https:\/\/www.jvdiana.de\/cm\/wp-content\/uploads\/2022\/05\/kitzrettung1-768x1024.jpg 768w, https:\/\/www.jvdiana.de\/cm\/wp-content\/uploads\/2022\/05\/kitzrettung1-225x300.jpg 225w, https:\/\/www.jvdiana.de\/cm\/wp-content\/uploads\/2022\/05\/kitzrettung1-1152x1536.jpg 1152w, https:\/\/www.jvdiana.de\/cm\/wp-content\/uploads\/2022\/05\/kitzrettung1-1536x2048.jpg 1536w, https:\/\/www.jvdiana.de\/cm\/wp-content\/uploads\/2022\/05\/kitzrettung1-113x150.jpg 113w, https:\/\/www.jvdiana.de\/cm\/wp-content\/uploads\/2022\/05\/kitzrettung1-1200x1600.jpg 1200w, https:\/\/www.jvdiana.de\/cm\/wp-content\/uploads\/2022\/05\/kitzrettung1-400x533.jpg 400w, https:\/\/www.jvdiana.de\/cm\/wp-content\/uploads\/2022\/05\/kitzrettung1-scaled.jpg 1920w\" sizes=\"auto, (max-width: 768px) 100vw, 768px\" \/><p id=\"caption-attachment-1495\" class=\"wp-caption-text\">1 von 3 geretteten Kitzen im Revier von Georg K\u00e4smann in Giesenhain. Foto: Karl Fu\u00df<\/p><\/div>\n<p>Die Witterung der letzten Tagen hat daf\u00fcr gesorgt, das die Natur f\u00f6rmlich explodiert ist und die Landwirte nun verst\u00e4rkt m\u00e4hen. Da das Rehwild jetzt auch verst\u00e4rkt die Setzzeit erreicht, gab es in den letzten Tagen die ersten erfolgreichen Rehkitzrettungen. Die Drohnenpiloten im Jagdverein Diana freuen sich dar\u00fcber nun auch erste Erfolge bei der Rehkitzrettung vermelden zu k\u00f6nnen. Es wurden bisher 45 ha Fl\u00e4che abgesucht und 5 Rehkitze gefunden.<\/p>\n<div id=\"attachment_1497\" style=\"width: 778px\" class=\"wp-caption alignnone\"><img loading=\"lazy\" decoding=\"async\" aria-describedby=\"caption-attachment-1497\" class=\"size-large wp-image-1497\" src=\"https:\/\/www.jvdiana.de\/cm\/wp-content\/uploads\/2022\/05\/kitzrettung_georg_kaesmann2-768x1024.jpg\" alt=\"1 von 3 geretteten Kitzen im Revier von Georg K\u00e4smann in Giesenhain. Foto: Georg K\u00e4smann\" width=\"768\" height=\"1024\" srcset=\"https:\/\/www.jvdiana.de\/cm\/wp-content\/uploads\/2022\/05\/kitzrettung_georg_kaesmann2-768x1024.jpg 768w, https:\/\/www.jvdiana.de\/cm\/wp-content\/uploads\/2022\/05\/kitzrettung_georg_kaesmann2-225x300.jpg 225w, https:\/\/www.jvdiana.de\/cm\/wp-content\/uploads\/2022\/05\/kitzrettung_georg_kaesmann2-1152x1536.jpg 1152w, https:\/\/www.jvdiana.de\/cm\/wp-content\/uploads\/2022\/05\/kitzrettung_georg_kaesmann2-113x150.jpg 113w, https:\/\/www.jvdiana.de\/cm\/wp-content\/uploads\/2022\/05\/kitzrettung_georg_kaesmann2-1200x1600.jpg 1200w, https:\/\/www.jvdiana.de\/cm\/wp-content\/uploads\/2022\/05\/kitzrettung_georg_kaesmann2-400x533.jpg 400w, https:\/\/www.jvdiana.de\/cm\/wp-content\/uploads\/2022\/05\/kitzrettung_georg_kaesmann2.jpg 1536w\" sizes=\"auto, (max-width: 768px) 100vw, 768px\" \/><p id=\"caption-attachment-1497\" class=\"wp-caption-text\">1 von 3 geretteten Kitzen im Revier von Georg K\u00e4smann in Giesenhain. Foto: Georg K\u00e4smann<\/p><\/div>\n<p>Als Setzzeit bezeichnet man den Zeitraum in dem die Rehkitze geboren werden. Nach einer Gesamttragzeit von 41 Wochen werden die Rehkitze geboren. Das Rehwild geh\u00f6rt zu den wenigen Tieren, deren befruchten Eier eine Eiruhe durchlaufen. Die Eiruhe ist die z.T. monatelange Unterbrechung der Entwicklung des Embryos. Hierdurch wird die Tragzeit verschiedener Wildarten wie z.B. Rehwild, Dachs, Marder, Hermelin und Seehund verl\u00e4ngert, damit die Aufzucht der Jungtiere in die klimatisch g\u00fcnstige Jahreszeit, den Fr\u00fchling, f\u00e4llt. Auch Vortragezeit oder Keimruhe genannt. Die Hauptsetzzeit beim Rehwild sind die Monate Mai und Juni. Das Geburtsgewicht betr\u00e4gt bei Einzelkitzen ca. 1500g, bei Zwillingsgeburten ca. 1200g, bei Drillingsgeburten ca. 1100 g.<\/p>\n<div style=\"width: 352px;\" class=\"wp-video\"><video class=\"wp-video-shortcode\" id=\"video-1493-1\" width=\"352\" height=\"640\" preload=\"metadata\" controls=\"controls\"><source type=\"video\/mp4\" src=\"https:\/\/www.jvdiana.de\/cm\/wp-content\/uploads\/2022\/05\/kitzrettung_georg_kaesmann3.mp4?_=1\" \/><a href=\"https:\/\/www.jvdiana.de\/cm\/wp-content\/uploads\/2022\/05\/kitzrettung_georg_kaesmann3.mp4\">https:\/\/www.jvdiana.de\/cm\/wp-content\/uploads\/2022\/05\/kitzrettung_georg_kaesmann3.mp4<\/a><\/video><\/div>\n<p>Das Video zeigt ein gerettetes Kitz im Revier von Georg K\u00e4smann in Giesenhain. Das gerettete Rehkitz wird nach dem M\u00e4hen wieder freigelassen. Wichtig dabei, das Rehkitz darf keinesfalls mit blo\u00dfen H\u00e4nden angefasst werden, selbst die genutzten Handschuhe sollten zuvor nicht dicht am K\u00f6rper getragen werden um die \u00dcbertragung des menschlichen Geruchs auf das Rehkitz so gering wie m\u00f6glich zu halten. Video: Georg K\u00e4smann<\/p>\n","protected":false},"excerpt":{"rendered":"<p>&nbsp; Die Witterung der letzten Tagen hat daf\u00fcr gesorgt, das die Natur f\u00f6rmlich explodiert ist und die Landwirte nun verst\u00e4rkt m\u00e4hen. Da das Rehwild jetzt auch verst\u00e4rkt die Setzzeit erreicht, gab es in den letzten Tagen die ersten erfolgreichen Rehkitzrettungen. Die Drohnenpiloten im Jagdverein Diana freuen sich dar\u00fcber nun auch&#8230;<\/p>\n<p> <a class=\"continue-reading-link\" href=\"https:\/\/www.jvdiana.de\/cm\/2022\/05\/26\/erste-rehkitze-gerettet\/\"><span>Weiterlesen&#8230;<\/span><i class=\"crycon-right-dir\"><\/i><\/a> <\/p>\n","protected":false},"author":1,"featured_media":0,"comment_status":"closed","ping_status":"open","sticky":false,"template":"","format":"standard","meta":{"footnotes":""},"categories":[1,20,21,19],"tags":[],"class_list":["post-1493","post","type-post","status-publish","format-standard","hentry","category-allgemein","category-naturschutz","category-rehkitzrettung","category-wissenswertes"],"_links":{"self":[{"href":"https:\/\/www.jvdiana.de\/cm\/wp-json\/wp\/v2\/posts\/1493","targetHints":{"allow":["GET"]}}],"collection":[{"href":"https:\/\/www.jvdiana.de\/cm\/wp-json\/wp\/v2\/posts"}],"about":[{"href":"https:\/\/www.jvdiana.de\/cm\/wp-json\/wp\/v2\/types\/post"}],"author":[{"embeddable":true,"href":"https:\/\/www.jvdiana.de\/cm\/wp-json\/wp\/v2\/users\/1"}],"replies":[{"embeddable":true,"href":"https:\/\/www.jvdiana.de\/cm\/wp-json\/wp\/v2\/comments?post=1493"}],"version-history":[{"count":5,"href":"https:\/\/www.jvdiana.de\/cm\/wp-json\/wp\/v2\/posts\/1493\/revisions"}],"predecessor-version":[{"id":1504,"href":"https:\/\/www.jvdiana.de\/cm\/wp-json\/wp\/v2\/posts\/1493\/revisions\/1504"}],"wp:attachment":[{"href":"https:\/\/www.jvdiana.de\/cm\/wp-json\/wp\/v2\/media?parent=1493"}],"wp:term":[{"taxonomy":"category","embeddable":true,"href":"https:\/\/www.jvdiana.de\/cm\/wp-json\/wp\/v2\/categories?post=1493"},{"taxonomy":"post_tag","embeddable":true,"href":"https:\/\/www.jvdiana.de\/cm\/wp-json\/wp\/v2\/tags?post=1493"}],"curies":[{"name":"wp","href":"https:\/\/api.w.org\/{rel}","templated":true}]}}