{"id":1520,"date":"2022-06-02T23:30:28","date_gmt":"2022-06-02T21:30:28","guid":{"rendered":"https:\/\/www.jvdiana.de\/cm\/?p=1520"},"modified":"2022-06-03T00:17:28","modified_gmt":"2022-06-02T22:17:28","slug":"joerg-hartmann-und-werner-huefner-verabschiedet","status":"publish","type":"post","link":"https:\/\/www.jvdiana.de\/cm\/2022\/06\/02\/joerg-hartmann-und-werner-huefner-verabschiedet\/","title":{"rendered":"Joerg Hartmann und Werner H\u00fcfner verabschiedet"},"content":{"rendered":"<div id=\"attachment_1522\" style=\"width: 910px\" class=\"wp-caption alignnone\"><img loading=\"lazy\" decoding=\"async\" aria-describedby=\"caption-attachment-1522\" class=\"size-large wp-image-1522\" src=\"https:\/\/www.jvdiana.de\/cm\/wp-content\/uploads\/2022\/06\/verabschiedung_joerg_hartmann_werner_huefner-1024x680.jpg\" alt=\"v.l.n.r. Schriftf\u00fchrer Sebastian K\u00fchn, Werner H\u00fcfner, Annette H\u00fcfner, Joerg Hartmann, Kassenwart Thomas Engelbrecht, 1. Vorsitzende Astrid Schneider-Heil, Foto: Matthias Bender\" width=\"900\" height=\"598\" srcset=\"https:\/\/www.jvdiana.de\/cm\/wp-content\/uploads\/2022\/06\/verabschiedung_joerg_hartmann_werner_huefner-1024x680.jpg 1024w, https:\/\/www.jvdiana.de\/cm\/wp-content\/uploads\/2022\/06\/verabschiedung_joerg_hartmann_werner_huefner-300x199.jpg 300w, https:\/\/www.jvdiana.de\/cm\/wp-content\/uploads\/2022\/06\/verabschiedung_joerg_hartmann_werner_huefner-768x510.jpg 768w, https:\/\/www.jvdiana.de\/cm\/wp-content\/uploads\/2022\/06\/verabschiedung_joerg_hartmann_werner_huefner-1536x1020.jpg 1536w, https:\/\/www.jvdiana.de\/cm\/wp-content\/uploads\/2022\/06\/verabschiedung_joerg_hartmann_werner_huefner-2048x1360.jpg 2048w, https:\/\/www.jvdiana.de\/cm\/wp-content\/uploads\/2022\/06\/verabschiedung_joerg_hartmann_werner_huefner-150x100.jpg 150w, https:\/\/www.jvdiana.de\/cm\/wp-content\/uploads\/2022\/06\/verabschiedung_joerg_hartmann_werner_huefner-1200x797.jpg 1200w, https:\/\/www.jvdiana.de\/cm\/wp-content\/uploads\/2022\/06\/verabschiedung_joerg_hartmann_werner_huefner-400x266.jpg 400w\" sizes=\"auto, (max-width: 900px) 100vw, 900px\" \/><p id=\"caption-attachment-1522\" class=\"wp-caption-text\">v.l.n.r. Schriftf\u00fchrer Sebastian K\u00fchn, Werner H\u00fcfner, Annette H\u00fcfner, Joerg Hartmann, Kassenwart Thomas Engelbrecht, 1. Vorsitzende Astrid Schneider-Heil, Foto: Matthias Bender<\/p><\/div>\n<p>Der Jagdverein Diana H\u00fcnfeld hat Joerg Hartmann und Werner H\u00fcfner im Rahmen einer Feierstunde f\u00fcr das langj\u00e4hrige Engagement im Vorstand und der Jungj\u00e4gerausbildung gew\u00fcrdigt. Hartmann und H\u00fcfner folgten \u2013 in Begleitung Ihrer Ehefrauen &#8211; der Einladung des Vorstandes und trafen sich am 02.06.2022 im Gasthof zum Goldenen Stern in H\u00fcnfeld-Gro\u00dfenbach.<\/p>\n<p>Joerg Hartmann &#8211; seit 32 Jahren Vereinsmitglied &#8211; hat in dieser Zeit nicht nur unerm\u00fcdlich (seit 1993) umfangreiche Vorstandsarbeit geleistet (Schriftf\u00fchrer, Kassierer, 2. Vorsitzender), sondern auch als Obmann f\u00fcr die Jungj\u00e4gerausbildung diese ma\u00dfgeblich gepr\u00e4gt und stetig weiter modernisiert. Die Anpassung des Lehrgangs auf Blockunterricht, sorgt mitunter bis heute f\u00fcr gut gef\u00fcllte Jungj\u00e4gerkurse und gipfelte 2020\/2021 in einem rekordverd\u00e4chtigen Jungj\u00e4gerkurs mit 32 Teilnehmern.<\/p>\n<p>Nicht nur als Lehrgangsleiter f\u00fcr Fangjagdlehrg\u00e4nge, auch bei baulichen Fragen auf dem Schie\u00dfstand oder der verst\u00e4ndlichen Darstellung anspruchsvoller Sachverhalte in der Hauptversammlung, Jagdhundeversicherung und Rehkitzrettung mit Drohne, Hartmann war immer ein zuverl\u00e4ssiger Ansprechpartner und mit seiner Erfahrung und fachlichen Kompetenz eine Bereicherung f\u00fcr den Vorstand und Jagdverein. Patrick Figge hat bereits im letzten Jahr die Nachfolge von Hartmann als Obmann der Jungj\u00e4gerausbildung \u00fcbernommen. Auch Hartmanns zuletzt ausge\u00fcbte Vorstandsposten als 2. Vorsitzender und stellv. Kassenwart, sind bereits an die Nachfolger \u00fcbergeben. Die Vereinsarbeit hat ihm immer viel Freude bereitet und Spa\u00df gemacht, es war aber Zeit f\u00fcr Ver\u00e4nderung, einen neuen Lebensabschnitt. Insbesondere Ehefrau Silke freut sich nun auf mehr Zeit mit Ihrem Joerg.<\/p>\n<div id=\"attachment_1524\" style=\"width: 910px\" class=\"wp-caption alignnone\"><img loading=\"lazy\" decoding=\"async\" aria-describedby=\"caption-attachment-1524\" class=\"size-large wp-image-1524\" src=\"https:\/\/www.jvdiana.de\/cm\/wp-content\/uploads\/2022\/06\/verabschiedung_joerg_hartmann_werner_huefner_2-1024x680.jpg\" alt=\"v.l.n.r. 1. Vorsitzende Astrid Schneider-Heil, Joerg Hartmann, Silke Hartmann, Foto: Matthias Bender\" width=\"900\" height=\"598\" srcset=\"https:\/\/www.jvdiana.de\/cm\/wp-content\/uploads\/2022\/06\/verabschiedung_joerg_hartmann_werner_huefner_2-1024x680.jpg 1024w, https:\/\/www.jvdiana.de\/cm\/wp-content\/uploads\/2022\/06\/verabschiedung_joerg_hartmann_werner_huefner_2-300x199.jpg 300w, https:\/\/www.jvdiana.de\/cm\/wp-content\/uploads\/2022\/06\/verabschiedung_joerg_hartmann_werner_huefner_2-768x510.jpg 768w, https:\/\/www.jvdiana.de\/cm\/wp-content\/uploads\/2022\/06\/verabschiedung_joerg_hartmann_werner_huefner_2-1536x1020.jpg 1536w, https:\/\/www.jvdiana.de\/cm\/wp-content\/uploads\/2022\/06\/verabschiedung_joerg_hartmann_werner_huefner_2-2048x1360.jpg 2048w, https:\/\/www.jvdiana.de\/cm\/wp-content\/uploads\/2022\/06\/verabschiedung_joerg_hartmann_werner_huefner_2-150x100.jpg 150w, https:\/\/www.jvdiana.de\/cm\/wp-content\/uploads\/2022\/06\/verabschiedung_joerg_hartmann_werner_huefner_2-1200x797.jpg 1200w, https:\/\/www.jvdiana.de\/cm\/wp-content\/uploads\/2022\/06\/verabschiedung_joerg_hartmann_werner_huefner_2-400x266.jpg 400w\" sizes=\"auto, (max-width: 900px) 100vw, 900px\" \/><p id=\"caption-attachment-1524\" class=\"wp-caption-text\">v.l.n.r. 1. Vorsitzende Astrid Schneider-Heil, Joerg Hartmann, Silke Hartmann, Foto: Matthias Bender<\/p><\/div>\n<p>Werner H\u00fcfner &#8211; seit 1998 Vereinsmitglied &#8211; hatte im Jahr 2013 das Unterrichtsfach Hundewesen von Wolfhard Dotzauer \u00fcbernommen. H\u00fcfner schaffte es, die Thematik aufgrund seiner Erfahrungen ansprechend zu vermitteln und konnte bei vielen die Leidenschaft und das Interesse f\u00fcr die Arbeit mit dem Jagdhund wecken. Der erfahrene Hundemann hatte immer ein Herz f\u00fcr Erdhunde (u.a. Teckel, Terrier etc.) frei nach dem Motto, kleiner Hund gro\u00dfes Herz. H\u00fcfner vermittelte im Unterricht den Jagdhund auch als Kulturgut, das nur in J\u00e4gerh\u00e4nden weitergetragen werden kann. Auch Ehefrau Annette freut sich nun auf mehr freie Zeit mit Ihrem Ehemann. Als Nachfolgerin f\u00fcr Werner H\u00fcfner und das Fach Jagdhundewesen im Jungj\u00e4gerkurs konnte Anja Bilstein gewonnen werden.<\/p>\n<div id=\"attachment_1523\" style=\"width: 910px\" class=\"wp-caption alignnone\"><img loading=\"lazy\" decoding=\"async\" aria-describedby=\"caption-attachment-1523\" class=\"size-large wp-image-1523\" src=\"https:\/\/www.jvdiana.de\/cm\/wp-content\/uploads\/2022\/06\/verabschiedung_joerg_hartmann_werner_huefner_1-1024x680.jpg\" alt=\"v.l.n.r. 1. Vorsitzende Astrid Schneider-Heil, Joerg Hartmann, Silke Hartmann, Annette H\u00fcfner, Werner H\u00fcfner, Foto: Matthias Bender\" width=\"900\" height=\"598\" srcset=\"https:\/\/www.jvdiana.de\/cm\/wp-content\/uploads\/2022\/06\/verabschiedung_joerg_hartmann_werner_huefner_1-1024x680.jpg 1024w, https:\/\/www.jvdiana.de\/cm\/wp-content\/uploads\/2022\/06\/verabschiedung_joerg_hartmann_werner_huefner_1-300x199.jpg 300w, https:\/\/www.jvdiana.de\/cm\/wp-content\/uploads\/2022\/06\/verabschiedung_joerg_hartmann_werner_huefner_1-768x510.jpg 768w, https:\/\/www.jvdiana.de\/cm\/wp-content\/uploads\/2022\/06\/verabschiedung_joerg_hartmann_werner_huefner_1-1536x1020.jpg 1536w, https:\/\/www.jvdiana.de\/cm\/wp-content\/uploads\/2022\/06\/verabschiedung_joerg_hartmann_werner_huefner_1-2048x1360.jpg 2048w, https:\/\/www.jvdiana.de\/cm\/wp-content\/uploads\/2022\/06\/verabschiedung_joerg_hartmann_werner_huefner_1-150x100.jpg 150w, https:\/\/www.jvdiana.de\/cm\/wp-content\/uploads\/2022\/06\/verabschiedung_joerg_hartmann_werner_huefner_1-1200x797.jpg 1200w, https:\/\/www.jvdiana.de\/cm\/wp-content\/uploads\/2022\/06\/verabschiedung_joerg_hartmann_werner_huefner_1-400x266.jpg 400w\" sizes=\"auto, (max-width: 900px) 100vw, 900px\" \/><p id=\"caption-attachment-1523\" class=\"wp-caption-text\">v.l.n.r. 1. Vorsitzende Astrid Schneider-Heil, Joerg Hartmann, Silke Hartmann, Annette H\u00fcfner, Werner H\u00fcfner, Foto: Matthias Bender<\/p><\/div>\n<p>1. Vorsitzende Astrid Schneider-Heil dankte Joerg Hartmann und Werner H\u00fcfner im Namen des gesamten Jagdvereins und aller bisherigen Jungj\u00e4gerlehrg\u00e4nge f\u00fcr das langj\u00e4hriges Engagement, die geleistete Arbeit, den unerm\u00fcdlichen Einsatz und das eingebrachte Herzblut. Ein weiterer Dank ging an die beiden Ehefrauen Silke Hartmann und Annette H\u00fcfner, die auf viel gemeinsame Zeit mit Ihren Ehem\u00e4nnern &#8211; zugunsten des Jagdvereins &#8211; verzichten mussten.<\/p>\n<p>Danke Joerg + Danke Werner!<\/p>\n","protected":false},"excerpt":{"rendered":"<p>Der Jagdverein Diana H\u00fcnfeld hat Joerg Hartmann und Werner H\u00fcfner im Rahmen einer Feierstunde f\u00fcr das langj\u00e4hrige Engagement im Vorstand und der Jungj\u00e4gerausbildung gew\u00fcrdigt. Hartmann und H\u00fcfner folgten \u2013 in Begleitung Ihrer Ehefrauen &#8211; der Einladung des Vorstandes und trafen sich am 02.06.2022 im Gasthof zum Goldenen Stern in H\u00fcnfeld-Gro\u00dfenbach&#8230;.<\/p>\n<p> <a class=\"continue-reading-link\" href=\"https:\/\/www.jvdiana.de\/cm\/2022\/06\/02\/joerg-hartmann-und-werner-huefner-verabschiedet\/\"><span>Weiterlesen&#8230;<\/span><i class=\"crycon-right-dir\"><\/i><\/a> <\/p>\n","protected":false},"author":1,"featured_media":1522,"comment_status":"closed","ping_status":"open","sticky":false,"template":"","format":"standard","meta":{"footnotes":""},"categories":[1,13,10,18,11,17,19],"tags":[],"class_list":["post-1520","post","type-post","status-publish","format-standard","has-post-thumbnail","hentry","category-allgemein","category-jagdhunde","category-jungjaeger","category-lehrgaenge","category-schiesswesen","category-veranstaltungen","category-wissenswertes"],"_links":{"self":[{"href":"https:\/\/www.jvdiana.de\/cm\/wp-json\/wp\/v2\/posts\/1520","targetHints":{"allow":["GET"]}}],"collection":[{"href":"https:\/\/www.jvdiana.de\/cm\/wp-json\/wp\/v2\/posts"}],"about":[{"href":"https:\/\/www.jvdiana.de\/cm\/wp-json\/wp\/v2\/types\/post"}],"author":[{"embeddable":true,"href":"https:\/\/www.jvdiana.de\/cm\/wp-json\/wp\/v2\/users\/1"}],"replies":[{"embeddable":true,"href":"https:\/\/www.jvdiana.de\/cm\/wp-json\/wp\/v2\/comments?post=1520"}],"version-history":[{"count":7,"href":"https:\/\/www.jvdiana.de\/cm\/wp-json\/wp\/v2\/posts\/1520\/revisions"}],"predecessor-version":[{"id":1531,"href":"https:\/\/www.jvdiana.de\/cm\/wp-json\/wp\/v2\/posts\/1520\/revisions\/1531"}],"wp:featuredmedia":[{"embeddable":true,"href":"https:\/\/www.jvdiana.de\/cm\/wp-json\/wp\/v2\/media\/1522"}],"wp:attachment":[{"href":"https:\/\/www.jvdiana.de\/cm\/wp-json\/wp\/v2\/media?parent=1520"}],"wp:term":[{"taxonomy":"category","embeddable":true,"href":"https:\/\/www.jvdiana.de\/cm\/wp-json\/wp\/v2\/categories?post=1520"},{"taxonomy":"post_tag","embeddable":true,"href":"https:\/\/www.jvdiana.de\/cm\/wp-json\/wp\/v2\/tags?post=1520"}],"curies":[{"name":"wp","href":"https:\/\/api.w.org\/{rel}","templated":true}]}}