{"id":1548,"date":"2022-06-11T13:43:32","date_gmt":"2022-06-11T11:43:32","guid":{"rendered":"https:\/\/www.jvdiana.de\/cm\/?p=1548"},"modified":"2022-06-11T13:43:58","modified_gmt":"2022-06-11T11:43:58","slug":"17-kitze-gerettet-voller-erfolg-bei-der-rehkitzrettung","status":"publish","type":"post","link":"https:\/\/www.jvdiana.de\/cm\/2022\/06\/11\/17-kitze-gerettet-voller-erfolg-bei-der-rehkitzrettung\/","title":{"rendered":"17 Kitze an einem Morgen &#8211; Voller Erfolg bei der Rehkitzrettung"},"content":{"rendered":"<div id=\"attachment_1551\" style=\"width: 910px\" class=\"wp-caption alignnone\"><img loading=\"lazy\" decoding=\"async\" aria-describedby=\"caption-attachment-1551\" class=\"size-large wp-image-1551\" src=\"https:\/\/www.jvdiana.de\/cm\/wp-content\/uploads\/2022\/06\/kitzrettung_foto_joerg_hartmann_juni_2022_2-1024x768.jpg\" alt=\"Joerg Hartmann tr\u00e4gt ein gerettetes Rehkitz aus der Wiese. Rechts neben ihm sieht man den Landeplatz f\u00fcr die Drohne. Foto: Jutta Adam-Fu\u00df\" width=\"900\" height=\"675\" srcset=\"https:\/\/www.jvdiana.de\/cm\/wp-content\/uploads\/2022\/06\/kitzrettung_foto_joerg_hartmann_juni_2022_2-1024x768.jpg 1024w, https:\/\/www.jvdiana.de\/cm\/wp-content\/uploads\/2022\/06\/kitzrettung_foto_joerg_hartmann_juni_2022_2-300x225.jpg 300w, https:\/\/www.jvdiana.de\/cm\/wp-content\/uploads\/2022\/06\/kitzrettung_foto_joerg_hartmann_juni_2022_2-768x576.jpg 768w, https:\/\/www.jvdiana.de\/cm\/wp-content\/uploads\/2022\/06\/kitzrettung_foto_joerg_hartmann_juni_2022_2-1536x1152.jpg 1536w, https:\/\/www.jvdiana.de\/cm\/wp-content\/uploads\/2022\/06\/kitzrettung_foto_joerg_hartmann_juni_2022_2-150x113.jpg 150w, https:\/\/www.jvdiana.de\/cm\/wp-content\/uploads\/2022\/06\/kitzrettung_foto_joerg_hartmann_juni_2022_2-1200x900.jpg 1200w, https:\/\/www.jvdiana.de\/cm\/wp-content\/uploads\/2022\/06\/kitzrettung_foto_joerg_hartmann_juni_2022_2-400x300.jpg 400w, https:\/\/www.jvdiana.de\/cm\/wp-content\/uploads\/2022\/06\/kitzrettung_foto_joerg_hartmann_juni_2022_2.jpg 2048w\" sizes=\"auto, (max-width: 900px) 100vw, 900px\" \/><p id=\"caption-attachment-1551\" class=\"wp-caption-text\">Joerg Hartmann tr\u00e4gt ein gerettetes Rehkitz aus der Wiese. Rechts neben ihm sieht man den Landeplatz f\u00fcr die Drohne. Foto: Jutta Adam-Fu\u00df<\/p><\/div>\n<p>Am heutigen morgen konnten die Rehkitzretter des Jagdvereins Diana H\u00fcnfeld einen vollen Erfolg und Rekordfund verzeichnen. Jagdp\u00e4chter Joerg Hartmann hatte heute morgen mit Unterst\u00fctzung der Drohnenpiloten Jutta Adam-Fu\u00df, Karl Fu\u00df und Helfer Alexander Witzel insgesamt <strong>36 ha Fl\u00e4che<\/strong> im Raum Eiterfeld, Leimbach und Betzenrod abgesucht. Hier konnte die unglaubliche Anzahl von <strong>17 Rehkitzen<\/strong> ausfindig gemacht werden. Neben den 17 Rehkitzen wurden auch 2 F\u00fcchse entdeckt, die sich \u00e4hnlich wie die Rehkitze bis zum Schluss dr\u00fcckten, dann aber\u00a0 selbstst\u00e4ndig die Flucht ergriffen.<\/p>\n<div id=\"attachment_1553\" style=\"width: 778px\" class=\"wp-caption alignnone\"><img loading=\"lazy\" decoding=\"async\" aria-describedby=\"caption-attachment-1553\" class=\"size-large wp-image-1553\" src=\"https:\/\/www.jvdiana.de\/cm\/wp-content\/uploads\/2022\/06\/kitzrettung_foto_joerg_hartmann_juni_2022-768x1024.jpg\" alt=\"Ein gerettetes Rehkitz wird aus der Wiese in Sicherheit gebracht. Wichtig ist, das Kitz dabei nicht mit blo\u00dfen H\u00e4nden anzufassen, damit das Kitz keinen menschlichen Geruch annimmt und dann von der Ricke nicht mehr angenommen wird. Foto: Karl Fu\u00df\" width=\"768\" height=\"1024\" srcset=\"https:\/\/www.jvdiana.de\/cm\/wp-content\/uploads\/2022\/06\/kitzrettung_foto_joerg_hartmann_juni_2022-768x1024.jpg 768w, https:\/\/www.jvdiana.de\/cm\/wp-content\/uploads\/2022\/06\/kitzrettung_foto_joerg_hartmann_juni_2022-225x300.jpg 225w, https:\/\/www.jvdiana.de\/cm\/wp-content\/uploads\/2022\/06\/kitzrettung_foto_joerg_hartmann_juni_2022-1152x1536.jpg 1152w, https:\/\/www.jvdiana.de\/cm\/wp-content\/uploads\/2022\/06\/kitzrettung_foto_joerg_hartmann_juni_2022-113x150.jpg 113w, https:\/\/www.jvdiana.de\/cm\/wp-content\/uploads\/2022\/06\/kitzrettung_foto_joerg_hartmann_juni_2022-400x533.jpg 400w, https:\/\/www.jvdiana.de\/cm\/wp-content\/uploads\/2022\/06\/kitzrettung_foto_joerg_hartmann_juni_2022.jpg 1200w\" sizes=\"auto, (max-width: 768px) 100vw, 768px\" \/><p id=\"caption-attachment-1553\" class=\"wp-caption-text\">Ein gerettetes Rehkitz wird aus der Wiese in Sicherheit gebracht. Wichtig ist, das Kitz dabei nicht mit blo\u00dfen H\u00e4nden anzufassen, damit das Kitz keinen menschlichen Geruch annimmt und dann von der Ricke nicht mehr angenommen wird. Foto: Karl Fu\u00df<\/p><\/div>\n<p>Aufgrund der gemeldeten trockenen Witterung in den n\u00e4chsten Tagen und dem mittlerweile h\u00fcfthohen Gras, hatten Landwirte die Mahd angek\u00fcndigt und Hartmann entsprechend reagiert. Bei besten Flug- und Umgebungsbedingungen wurde nicht nur den Piloten + Helfern alles abverlangt, auch alle Reserve Akkus des Drohnensystems wurden einmal leer geflogen und mussten unterwegs sogar nochmal nachgeladen werden. Nach 3 Stunden Rehkitzsuche (05:00 &#8211; 08:00 Uhr) waren alle Beteiligten sehr ersch\u00f6pft, aber auch die Freude gro\u00df, \u00fcber diese hohe Anzahl an gefundenen und geretteten Rehkitzen.<\/p>\n<div id=\"attachment_1552\" style=\"width: 778px\" class=\"wp-caption alignnone\"><img loading=\"lazy\" decoding=\"async\" aria-describedby=\"caption-attachment-1552\" class=\"size-large wp-image-1552\" src=\"https:\/\/www.jvdiana.de\/cm\/wp-content\/uploads\/2022\/06\/kitzrettung_foto_joerg_hartmann_juni_2022_1-768x1024.jpg\" alt=\"F\u00fcr die Rehkitzrettung werden Beh\u00e4ltnisse wie diese genutzt. Damit ist sichergestellt, das die Kitze nach dem &quot;Retten&quot; nicht wieder selbstst\u00e4ndig auf die Wiese zur\u00fcckkehren. Erst nach dem M\u00e4hen werden die Kitze dann wieder freigelassen. Foto: Karl Fu\u00df\" width=\"768\" height=\"1024\" srcset=\"https:\/\/www.jvdiana.de\/cm\/wp-content\/uploads\/2022\/06\/kitzrettung_foto_joerg_hartmann_juni_2022_1-768x1024.jpg 768w, https:\/\/www.jvdiana.de\/cm\/wp-content\/uploads\/2022\/06\/kitzrettung_foto_joerg_hartmann_juni_2022_1-225x300.jpg 225w, https:\/\/www.jvdiana.de\/cm\/wp-content\/uploads\/2022\/06\/kitzrettung_foto_joerg_hartmann_juni_2022_1-1152x1536.jpg 1152w, https:\/\/www.jvdiana.de\/cm\/wp-content\/uploads\/2022\/06\/kitzrettung_foto_joerg_hartmann_juni_2022_1-113x150.jpg 113w, https:\/\/www.jvdiana.de\/cm\/wp-content\/uploads\/2022\/06\/kitzrettung_foto_joerg_hartmann_juni_2022_1-400x533.jpg 400w, https:\/\/www.jvdiana.de\/cm\/wp-content\/uploads\/2022\/06\/kitzrettung_foto_joerg_hartmann_juni_2022_1.jpg 1200w\" sizes=\"auto, (max-width: 768px) 100vw, 768px\" \/><p id=\"caption-attachment-1552\" class=\"wp-caption-text\">F\u00fcr die Rehkitzrettung werden Beh\u00e4ltnisse wie diese genutzt. Damit ist sichergestellt, das die Kitze nach dem &#8222;Retten&#8220; nicht wieder selbstst\u00e4ndig auf die Wiese zur\u00fcckkehren. Erst nach dem M\u00e4hen werden die Kitze dann wieder freigelassen. Foto: Karl Fu\u00df<\/p><\/div>\n","protected":false},"excerpt":{"rendered":"<p>Am heutigen morgen konnten die Rehkitzretter des Jagdvereins Diana H\u00fcnfeld einen vollen Erfolg und Rekordfund verzeichnen. Jagdp\u00e4chter Joerg Hartmann hatte heute morgen mit Unterst\u00fctzung der Drohnenpiloten Jutta Adam-Fu\u00df, Karl Fu\u00df und Helfer Alexander Witzel insgesamt 36 ha Fl\u00e4che im Raum Eiterfeld, Leimbach und Betzenrod abgesucht. Hier konnte die unglaubliche Anzahl&#8230;<\/p>\n<p> <a class=\"continue-reading-link\" href=\"https:\/\/www.jvdiana.de\/cm\/2022\/06\/11\/17-kitze-gerettet-voller-erfolg-bei-der-rehkitzrettung\/\"><span>Weiterlesen&#8230;<\/span><i class=\"crycon-right-dir\"><\/i><\/a> <\/p>\n","protected":false},"author":1,"featured_media":1553,"comment_status":"closed","ping_status":"open","sticky":false,"template":"","format":"standard","meta":{"footnotes":""},"categories":[1],"tags":[],"class_list":["post-1548","post","type-post","status-publish","format-standard","has-post-thumbnail","hentry","category-allgemein"],"_links":{"self":[{"href":"https:\/\/www.jvdiana.de\/cm\/wp-json\/wp\/v2\/posts\/1548","targetHints":{"allow":["GET"]}}],"collection":[{"href":"https:\/\/www.jvdiana.de\/cm\/wp-json\/wp\/v2\/posts"}],"about":[{"href":"https:\/\/www.jvdiana.de\/cm\/wp-json\/wp\/v2\/types\/post"}],"author":[{"embeddable":true,"href":"https:\/\/www.jvdiana.de\/cm\/wp-json\/wp\/v2\/users\/1"}],"replies":[{"embeddable":true,"href":"https:\/\/www.jvdiana.de\/cm\/wp-json\/wp\/v2\/comments?post=1548"}],"version-history":[{"count":6,"href":"https:\/\/www.jvdiana.de\/cm\/wp-json\/wp\/v2\/posts\/1548\/revisions"}],"predecessor-version":[{"id":1557,"href":"https:\/\/www.jvdiana.de\/cm\/wp-json\/wp\/v2\/posts\/1548\/revisions\/1557"}],"wp:featuredmedia":[{"embeddable":true,"href":"https:\/\/www.jvdiana.de\/cm\/wp-json\/wp\/v2\/media\/1553"}],"wp:attachment":[{"href":"https:\/\/www.jvdiana.de\/cm\/wp-json\/wp\/v2\/media?parent=1548"}],"wp:term":[{"taxonomy":"category","embeddable":true,"href":"https:\/\/www.jvdiana.de\/cm\/wp-json\/wp\/v2\/categories?post=1548"},{"taxonomy":"post_tag","embeddable":true,"href":"https:\/\/www.jvdiana.de\/cm\/wp-json\/wp\/v2\/tags?post=1548"}],"curies":[{"name":"wp","href":"https:\/\/api.w.org\/{rel}","templated":true}]}}