{"id":1667,"date":"2023-04-26T23:35:06","date_gmt":"2023-04-26T21:35:06","guid":{"rendered":"https:\/\/www.jvdiana.de\/cm\/?p=1667"},"modified":"2023-05-02T10:52:18","modified_gmt":"2023-05-02T08:52:18","slug":"jahreshauptversammlung-am-25-04-2023-in-grossenbach","status":"publish","type":"post","link":"https:\/\/www.jvdiana.de\/cm\/2023\/04\/26\/jahreshauptversammlung-am-25-04-2023-in-grossenbach\/","title":{"rendered":"Jahreshauptversammlung am 25.04.2023 in Gro\u00dfenbach"},"content":{"rendered":"<div id=\"attachment_1665\" style=\"width: 910px\" class=\"wp-caption alignnone\"><img loading=\"lazy\" decoding=\"async\" aria-describedby=\"caption-attachment-1665\" class=\"size-large wp-image-1665\" src=\"https:\/\/www.jvdiana.de\/cm\/wp-content\/uploads\/2023\/04\/jhv_2023_ehrungen_besondere_verdienste-1024x563.jpg\" alt=\"Die geehrten, v.l.n.r. Jochen Wolff, Hans-Ludwig Leubecher, J\u00fcrgen Manns, Ludwig Glotzbach, Christoph Besse, 1. Vorsitzende Astrid Schneider-Heil, Foto: Karl-Heinz Burkhardt\" width=\"900\" height=\"495\" srcset=\"https:\/\/www.jvdiana.de\/cm\/wp-content\/uploads\/2023\/04\/jhv_2023_ehrungen_besondere_verdienste-1024x563.jpg 1024w, https:\/\/www.jvdiana.de\/cm\/wp-content\/uploads\/2023\/04\/jhv_2023_ehrungen_besondere_verdienste-300x165.jpg 300w, https:\/\/www.jvdiana.de\/cm\/wp-content\/uploads\/2023\/04\/jhv_2023_ehrungen_besondere_verdienste-768x423.jpg 768w, https:\/\/www.jvdiana.de\/cm\/wp-content\/uploads\/2023\/04\/jhv_2023_ehrungen_besondere_verdienste-1536x845.jpg 1536w, https:\/\/www.jvdiana.de\/cm\/wp-content\/uploads\/2023\/04\/jhv_2023_ehrungen_besondere_verdienste-150x83.jpg 150w, https:\/\/www.jvdiana.de\/cm\/wp-content\/uploads\/2023\/04\/jhv_2023_ehrungen_besondere_verdienste-1200x660.jpg 1200w, https:\/\/www.jvdiana.de\/cm\/wp-content\/uploads\/2023\/04\/jhv_2023_ehrungen_besondere_verdienste-400x220.jpg 400w, https:\/\/www.jvdiana.de\/cm\/wp-content\/uploads\/2023\/04\/jhv_2023_ehrungen_besondere_verdienste.jpg 2003w\" sizes=\"auto, (max-width: 900px) 100vw, 900px\" \/><p id=\"caption-attachment-1665\" class=\"wp-caption-text\">Die geehrten, v.l.n.r. Jochen Wolff, Hans-Ludwig Leubecher, J\u00fcrgen Manns, Ludwig Glotzbach, Christoph Besse, 1. Vorsitzende Astrid Schneider-Heil, Foto: Karl-Heinz Burkhardt<\/p><\/div>\n<p>Am 25.04.2023 fand in der Gastst\u00e4tte zum Goldenen Stern in Gro\u00dfenbach die Jahreshauptversammlung des Jagdvereins Diana H\u00fcnfeld statt. Die 1. Vorsitzende Astrid Schneider-Heil er\u00f6ffnete die Versammlung. Das Jagdhornbl\u00e4serkorps unter Leitung von Georg Laibach umrahmte mit den Signalen \u201cSammeln der J\u00e4ger\u201c, &#8222;Begr\u00fc\u00dfung&#8220;, dem \u201eJ\u00e4gergru\u00df\u201c und \u201eGru\u00df aus den Bergen\u201c.<\/p>\n<p>Nach Feststellung der satzungsgem\u00e4\u00dfen Einladung folgte die Toten-Ehrung der im letzten Jahr verstorbenen Mitglieder, Reinhold Giebel, Heribert Kempf und Joseph Sauer. Unter Begleitung des Jagdhornbl\u00e4sercorps mit den Signalen \u201eJagd vorbei\u201c und \u201eHalali&#8220; wurde den Verstorbenen gedacht.<\/p>\n<p>In den Vorstandssitzungen wurden schwerpunktm\u00e4\u00dfig die Sanierungsarbeiten auf dem Schie\u00dfstand, insbesondere der Trappanlage sowie die neue Zaunanlage und der ab 01.01.2023 g\u00fcltige neue Pachtvertrag behandelt. Im M\u00e4rz 2023 wurde die neue Trappanlage, die nun \u00fcber eine Abrufanlage verf\u00fcgt. in Betrieb genommen. Beide Ma\u00dfnahmen wurden durch das RP Kassel gef\u00f6rdert. Die Vorsitzende bedankte sich bei Marcus Neuland und allen weiteren Helfern f\u00fcr die unerm\u00fcdliche Unterst\u00fctzung bei den get\u00e4tigten Ma\u00dfnahmen.<\/p>\n<p><strong>\u00a0<\/strong>Die Mitgliederverwaltung wurde in ein modernes System \u00fcberf\u00fchrt, dessen Daten nun auch mit dem Landesjagdverband (LJV) abgeglichen werden k\u00f6nnen. Hier ging ein Dank an Thomas Engelbrecht, der das Thema als neuer Kassierer federf\u00fchrend vorangetrieben hat. Der Verein plant, die rund 650 Einladungsschreiben f\u00fcr zuk\u00fcnftige Jahreshauptversammlungen per E-Mail zu verschicken, um Kosten zu sparen. Auch im Jahr 2024 sind weitere Investitionen am Schie\u00dfstand geplant, f\u00fcr die schon jetzt F\u00f6rderantr\u00e4ge eingereicht wurden. Die Anlage f\u00fcr den Kipphase und der laufende Keiler m\u00fcssen saniert werden, um den Schie\u00dfstand auf einem technischen hochwertigen Standard zu halten.<\/p>\n<p>Thomas Engelbrecht berichtete zur Kassenlage und best\u00e4tigte Schneider-Heils Intention auch zuk\u00fcnftig in den Schie\u00dfstand als Aush\u00e4ngeschild des Vereins zu investieren.<\/p>\n<p>Cornelia Schmidt gab einen \u00dcberblick zum Hundewesen, insbesondere den Vorbereitungslehrg\u00e4ngen und den Pr\u00fcfungen. Ein Dank ging an Hessenforst und die Revierinhaber f\u00fcr die zur Verf\u00fcgung gestellten \u00dcbungsgel\u00e4nde sowie die Verbandsrichter. Der Themenabend \u201eErste &#8211; Hilfe am Hund\u201c im November 2022 wurde gut angenommen und wird auch im Jahr 2023 wieder stattfinden. Schmidt dankte der Versammlung f\u00fcr die Aufmerksamkeit, verbunden mit der Hoffnung das auch in diesem Jahr m\u00f6glichst alle Hunde in den angebotenen Pr\u00fcfungen bestehen.<\/p>\n<p>Das Interesse am Jungj\u00e4gerlehrgang ist ungebrochen, so Patrick Figge, Lehrgangsleiter der Jungj\u00e4gerausbildung. Von 15 Teilnehmern im Lehrgang 2021\/2022 konnten 11 erfolgreich die J\u00e4gerpr\u00fcfung ablegen. Die 17 Teilnehmer des Lehrgangs 2022\/2023 befinden sich gerade in den Pr\u00fcfungen. Auch f\u00fcr den Lehrgang 2023 \/ 2024 liegen bereits 17 Anmeldungen vor. Figge schloss mit einem Dank an seine Ausbilderkollegen.<\/p>\n<p>Dominik H\u00fcfner gab der Versammlung einen \u00dcberblick zu Jagdhaftpflicht und Jagdhundeunfallversicherungen und die Vorteile f\u00fcr Vereinsmitglieder.<\/p>\n<p>29 Proben und 7 Auftritte konnte die Jagdhornbl\u00e4sergruppe im Jahr 2022 verzeichnen, so Georg Laibach, Leiter der Jagdhornbl\u00e4sergruppe. Im Jahr 2023 wird die Gruppe an den hessischen Meisterschaften im Jagdhornblasen auf Schloss Fasanerie in Eichenzell teilnehmen. Auch wird wieder ein Anf\u00e4ngerkurs angeboten, mit dem Ziel, die Gruppe weiter zu verst\u00e4rken.<\/p>\n<p>Die Kasse wurde von den Kassenpr\u00fcfern ohne Beanstandungen gepr\u00fcft. Im Anschluss wurde der Vorstand entlastet.<\/p>\n<p>Brauchen wir die Jagd noch? Kreisjagdberater J\u00fcrgen Manns beantwortete diese Frage klar mit ja. Oft wird von Jagdkritikern der Schweizer Kanton Genf erw\u00e4hnt, in dem die Jagd seit 1974 ruht. Die Zunahme von Wildbest\u00e4nden f\u00fchrte allerdings auch hier dazu, das mittlerweile gut bezahlte \u201eFaunaw\u00e4chter\u201c etliche \u201eSpezialabsch\u00fcsse\u201c t\u00e4tigen, um den Wildbestand zu regulieren. Ein \u00dcbertrag dieses Modells auf Deutschland w\u00e4re schon allein aus Mangel an Personal + Geld nicht m\u00f6glich. J\u00e4ger in Deutschland sind ehrenamtlich aktiv.<\/p>\n<p>Oft kommt die Forderung zur Abschaffung der Jagd auch von Menschen aus dem urbanen Raum. Dabei sind die Kernaufgaben der J\u00e4gerschaft vielf\u00e4ltig und wichtig. Der Erhalt der Artenvielfalt, die Biotophege, die Pr\u00e4datoren Bejagung, die Vermeidung von Wildsch\u00e4den und nicht zuletzt die Vermeidung der Ausbreitung von Wildseuchen. Im Abschluss seiner Ausf\u00fchrungen w\u00fcnschte Manns der Versammlung viel Sitzfleisch, verst\u00e4ndnisvolle Partner, Durchhalteverm\u00f6gen, Freude an der Jagd und Waidmannsheil.<\/p>\n<div id=\"attachment_1666\" style=\"width: 910px\" class=\"wp-caption alignnone\"><img loading=\"lazy\" decoding=\"async\" aria-describedby=\"caption-attachment-1666\" class=\"size-large wp-image-1666\" src=\"https:\/\/www.jvdiana.de\/cm\/wp-content\/uploads\/2023\/04\/jhv_2023_ehrungen_zeit-1024x637.jpg\" alt=\"Die geehrten, v.l.n.r. Marco Christ, Wendelin A. Priller, Joachim Trost, Peter Mohr, Fred Reinhard, Ulrich Holler, Guenther Hausmann, Stefan Hohmann, Werner Pelster, 1. Vorsitzende Astrid Schneider-Heil, Foto: Karl-Heinz Burkhardt\" width=\"900\" height=\"560\" srcset=\"https:\/\/www.jvdiana.de\/cm\/wp-content\/uploads\/2023\/04\/jhv_2023_ehrungen_zeit-1024x637.jpg 1024w, https:\/\/www.jvdiana.de\/cm\/wp-content\/uploads\/2023\/04\/jhv_2023_ehrungen_zeit-300x186.jpg 300w, https:\/\/www.jvdiana.de\/cm\/wp-content\/uploads\/2023\/04\/jhv_2023_ehrungen_zeit-768x477.jpg 768w, https:\/\/www.jvdiana.de\/cm\/wp-content\/uploads\/2023\/04\/jhv_2023_ehrungen_zeit-1536x955.jpg 1536w, https:\/\/www.jvdiana.de\/cm\/wp-content\/uploads\/2023\/04\/jhv_2023_ehrungen_zeit-150x93.jpg 150w, https:\/\/www.jvdiana.de\/cm\/wp-content\/uploads\/2023\/04\/jhv_2023_ehrungen_zeit-1200x746.jpg 1200w, https:\/\/www.jvdiana.de\/cm\/wp-content\/uploads\/2023\/04\/jhv_2023_ehrungen_zeit-400x249.jpg 400w, https:\/\/www.jvdiana.de\/cm\/wp-content\/uploads\/2023\/04\/jhv_2023_ehrungen_zeit.jpg 2027w\" sizes=\"auto, (max-width: 900px) 100vw, 900px\" \/><p id=\"caption-attachment-1666\" class=\"wp-caption-text\">Die geehrten, v.l.n.r. Marco Christ, Wendelin A. Priller, Joachim Trost, Peter Mohr, Fred Reinhard, Ulrich Holler, G\u00fcnter Hausmann, Stefan Hohmann, Werner Pelster, 1. Vorsitzende Astrid Schneider-Heil, Foto: Karl-Heinz Burkhardt<\/p><\/div>\n<p><strong>Ehrungen:<\/strong><\/p>\n<p><strong>25 Jahre Mitgliedschaft<\/strong><\/p>\n<p>Markus Bening<br \/>\nAndreas Buecher<br \/>\nMarco Christ<br \/>\nG\u00fcnter Hausmann<br \/>\nWerner H\u00fcfner<br \/>\nCornelia Landgraf<br \/>\nAndreas Martin<br \/>\nWerner Pelster<br \/>\nWendelin A. Priller<br \/>\nFred Reinhard<br \/>\nDavid Scheuthle<br \/>\nMartin Schneider<br \/>\nManuela Schneider<br \/>\nJoachim Trost<\/p>\n<p><strong>40 Jahre Mitgliedschaft<\/strong><\/p>\n<p>Meinrad Bender<br \/>\nBernd Deisenroth<br \/>\nUlf Emig<br \/>\nRan Engelhardt<br \/>\nStefan Hildenbrand<br \/>\nUllrich Holler<br \/>\nGerhard Martin<br \/>\nPeter Mohr<\/p>\n<p><strong>50 Jahre Mitgliedschaft<\/strong><\/p>\n<p>Wilfried Blankenbach<br \/>\nOtto Bug<br \/>\nMartin Henkel<br \/>\nStefan Hohmann<br \/>\nHubert Schulte<br \/>\nLothar Stattaus<br \/>\nGerhard Wiegand<\/p>\n<p><strong>DJV Silber<\/strong><\/p>\n<p>J\u00fcrgen Manns<\/p>\n<p><strong>LJV Silber<\/strong><\/p>\n<p>Ludwig Glotzbach<br \/>\nJochen Wolff<br \/>\nHans-Ludwig Leubecher<\/p>\n<p><strong>LJV Bronze<\/strong><\/p>\n<p>Christoph Besse<\/p>\n","protected":false},"excerpt":{"rendered":"<p>Am 25.04.2023 fand in der Gastst\u00e4tte zum Goldenen Stern in Gro\u00dfenbach die Jahreshauptversammlung des Jagdvereins Diana H\u00fcnfeld statt. Die 1. Vorsitzende Astrid Schneider-Heil er\u00f6ffnete die Versammlung. Das Jagdhornbl\u00e4serkorps unter Leitung von Georg Laibach umrahmte mit den Signalen \u201cSammeln der J\u00e4ger\u201c, &#8222;Begr\u00fc\u00dfung&#8220;, dem \u201eJ\u00e4gergru\u00df\u201c und \u201eGru\u00df aus den Bergen\u201c. Nach Feststellung&#8230;<\/p>\n<p> <a class=\"continue-reading-link\" href=\"https:\/\/www.jvdiana.de\/cm\/2023\/04\/26\/jahreshauptversammlung-am-25-04-2023-in-grossenbach\/\"><span>Weiterlesen&#8230;<\/span><i class=\"crycon-right-dir\"><\/i><\/a> <\/p>\n","protected":false},"author":1,"featured_media":1666,"comment_status":"closed","ping_status":"open","sticky":false,"template":"","format":"standard","meta":{"footnotes":""},"categories":[1,12,13,10,20,17,19],"tags":[],"class_list":["post-1667","post","type-post","status-publish","format-standard","has-post-thumbnail","hentry","category-allgemein","category-jagdhornblaeser","category-jagdhunde","category-jungjaeger","category-naturschutz","category-veranstaltungen","category-wissenswertes"],"_links":{"self":[{"href":"https:\/\/www.jvdiana.de\/cm\/wp-json\/wp\/v2\/posts\/1667","targetHints":{"allow":["GET"]}}],"collection":[{"href":"https:\/\/www.jvdiana.de\/cm\/wp-json\/wp\/v2\/posts"}],"about":[{"href":"https:\/\/www.jvdiana.de\/cm\/wp-json\/wp\/v2\/types\/post"}],"author":[{"embeddable":true,"href":"https:\/\/www.jvdiana.de\/cm\/wp-json\/wp\/v2\/users\/1"}],"replies":[{"embeddable":true,"href":"https:\/\/www.jvdiana.de\/cm\/wp-json\/wp\/v2\/comments?post=1667"}],"version-history":[{"count":2,"href":"https:\/\/www.jvdiana.de\/cm\/wp-json\/wp\/v2\/posts\/1667\/revisions"}],"predecessor-version":[{"id":1681,"href":"https:\/\/www.jvdiana.de\/cm\/wp-json\/wp\/v2\/posts\/1667\/revisions\/1681"}],"wp:featuredmedia":[{"embeddable":true,"href":"https:\/\/www.jvdiana.de\/cm\/wp-json\/wp\/v2\/media\/1666"}],"wp:attachment":[{"href":"https:\/\/www.jvdiana.de\/cm\/wp-json\/wp\/v2\/media?parent=1667"}],"wp:term":[{"taxonomy":"category","embeddable":true,"href":"https:\/\/www.jvdiana.de\/cm\/wp-json\/wp\/v2\/categories?post=1667"},{"taxonomy":"post_tag","embeddable":true,"href":"https:\/\/www.jvdiana.de\/cm\/wp-json\/wp\/v2\/tags?post=1667"}],"curies":[{"name":"wp","href":"https:\/\/api.w.org\/{rel}","templated":true}]}}