{"id":1756,"date":"2023-10-29T17:04:10","date_gmt":"2023-10-29T16:04:10","guid":{"rendered":"https:\/\/www.jvdiana.de\/cm\/?p=1756"},"modified":"2023-10-29T17:04:10","modified_gmt":"2023-10-29T16:04:10","slug":"jaegerschlag-2023","status":"publish","type":"post","link":"https:\/\/www.jvdiana.de\/cm\/2023\/10\/29\/jaegerschlag-2023\/","title":{"rendered":"J\u00e4gerschlag 2023"},"content":{"rendered":"<div id=\"attachment_1757\" style=\"width: 910px\" class=\"wp-caption alignnone\"><img loading=\"lazy\" decoding=\"async\" aria-describedby=\"caption-attachment-1757\" class=\"size-large wp-image-1757\" src=\"https:\/\/www.jvdiana.de\/cm\/wp-content\/uploads\/2023\/10\/2023_jaegerschlag_kurs_2022-2023-1024x683.jpg\" alt=\"v.l.nr.: Astrid Weimann-Heim, Ludwig Glotzbach (Wald- u. Landbau), Anja Bilstein (Jagdhundewesen), Robert Kilian, Michael Steinwachs (Brauchtum \/ Jagdpraxis), Patrick Figge (Lehrgangsleiter), Rick Botts, Nico Och, Christoph Besse (Jagdrecht), Viggo Schelling, Eric Pilotto, Matthias Stein, Ruth Kohlmann, Jan-Hendrick Gutacker, Leonard Schwalbach, Vincent G\u00f6bel, Mark Rericha, Foto: Sabrina Botts\" width=\"900\" height=\"600\" srcset=\"https:\/\/www.jvdiana.de\/cm\/wp-content\/uploads\/2023\/10\/2023_jaegerschlag_kurs_2022-2023-1024x683.jpg 1024w, https:\/\/www.jvdiana.de\/cm\/wp-content\/uploads\/2023\/10\/2023_jaegerschlag_kurs_2022-2023-300x200.jpg 300w, https:\/\/www.jvdiana.de\/cm\/wp-content\/uploads\/2023\/10\/2023_jaegerschlag_kurs_2022-2023-768x512.jpg 768w, https:\/\/www.jvdiana.de\/cm\/wp-content\/uploads\/2023\/10\/2023_jaegerschlag_kurs_2022-2023-1536x1024.jpg 1536w, https:\/\/www.jvdiana.de\/cm\/wp-content\/uploads\/2023\/10\/2023_jaegerschlag_kurs_2022-2023-2048x1365.jpg 2048w, https:\/\/www.jvdiana.de\/cm\/wp-content\/uploads\/2023\/10\/2023_jaegerschlag_kurs_2022-2023-150x100.jpg 150w, https:\/\/www.jvdiana.de\/cm\/wp-content\/uploads\/2023\/10\/2023_jaegerschlag_kurs_2022-2023-1200x800.jpg 1200w, https:\/\/www.jvdiana.de\/cm\/wp-content\/uploads\/2023\/10\/2023_jaegerschlag_kurs_2022-2023-400x267.jpg 400w\" sizes=\"auto, (max-width: 900px) 100vw, 900px\" \/><p id=\"caption-attachment-1757\" class=\"wp-caption-text\">v.l.nr.: Astrid Weimann-Heim, Ludwig Glotzbach (Wald- u. Landbau), Anja Bilstein (Jagdhundewesen), Robert Kilian, Michael Steinwachs (Brauchtum \/ Jagdpraxis), Patrick Figge (Lehrgangsleiter), Rick Botts, Nico Och, Christoph Besse (Jagdrecht), Viggo Schelling, Eric Pilotto, Matthias Stein, Ruth Kohlmann, Jan-Hendrick Gutacker, Leonard Schwalbach, Vincent G\u00f6bel, Mark Rericha, Foto: Sabrina Botts<\/p><\/div>\n<p>Am 07.10.2023 fand der feierliche Abschluss des Jungj\u00e4gerlehrgangs 2022\/20203 im Jagdverein Diana H\u00fcnfeld, der \u201cJ\u00e4gerschlag\u201c statt. Die 13 erfolgreichen Teilnehmer\/-innen erhielten den J\u00e4gerschlag im Rahmen eines geselligen Beisammenseins in der Gastst\u00e4tte zum Goldenen Stern in Gro\u00dfenbach. Der vom Lehrgangsleiter Patrick Figge pers\u00f6nlich ausgef\u00fchrte J\u00e4gerschlag war der kr\u00f6nende Abschluss der Ausbildung. Von urspr\u00fcnglich 17 angemeldeten Kursteilnehmer\/-innen konnten sich im Fr\u00fchjahr 15 den Pr\u00fcfungen stellen. Leider konnten hier nur 8 die Pr\u00fcfung erfolgreich ablegen. Von den 7 Durchgefallenen, scheiterten 4 in der &#8211; in diesem Jahr sehr anspruchsvollen \u2013 schriftlichen- , 1 in der m\u00fcndlichen- und 2 in der schriftlich- und m\u00fcndlichen Pr\u00fcfung. 5 der 7 Durchgefallenen konnten dann in der Herbstpr\u00fcfung erfolgreich nachgepr\u00fcft werden. Somit waren insgesamt 13 Teilnehmer\/-innen erfolgreich. Die Pr\u00fcfungen gliedern sich in die Schriftliche-, Praktisch-M\u00fcndliche-, sowie die Schie\u00dfpr\u00fcfung. Nicht nur der Umgang mit- und die sichere Handhabung der Jagdwaffen und das Jagdrecht, sondern auch Kenntnisse \u00fcber die heimischen Wildtierarten, den Natur- \/ Tierschutz, die Hege und den Jagdbetrieb werden gepr\u00fcft. Der Hund als wichtigster Begleiter des J\u00e4gers sowie die Behandlung des erlegten Wildes und das Erkennen von Wildkrankheiten einschlie\u00dflich der Wildbret Hygiene sind weitere Pr\u00fcfungsinhalte. Lehrgangsleiter Patrick Figge res\u00fcmierte nochmal \u00fcber den Lehrgang, die sehr abwechslungsreiche, kurzweilige, aber auch sehr anstrengende Zeit und bedankte sich im Abschluss nochmal recht herzlich bei seinen Ausbilderkollegen, die sich sehr engagiert- und mit viel Herzblut das n\u00f6tige Wissen und die F\u00e4higkeiten zum Bestehen der Pr\u00fcfung vermittelt haben.<\/p>\n","protected":false},"excerpt":{"rendered":"<p>Am 07.10.2023 fand der feierliche Abschluss des Jungj\u00e4gerlehrgangs 2022\/20203 im Jagdverein Diana H\u00fcnfeld, der \u201cJ\u00e4gerschlag\u201c statt. Die 13 erfolgreichen Teilnehmer\/-innen erhielten den J\u00e4gerschlag im Rahmen eines geselligen Beisammenseins in der Gastst\u00e4tte zum Goldenen Stern in Gro\u00dfenbach. Der vom Lehrgangsleiter Patrick Figge pers\u00f6nlich ausgef\u00fchrte J\u00e4gerschlag war der kr\u00f6nende Abschluss der Ausbildung&#8230;.<\/p>\n<p> <a class=\"continue-reading-link\" href=\"https:\/\/www.jvdiana.de\/cm\/2023\/10\/29\/jaegerschlag-2023\/\"><span>Weiterlesen&#8230;<\/span><i class=\"crycon-right-dir\"><\/i><\/a> <\/p>\n","protected":false},"author":1,"featured_media":1757,"comment_status":"closed","ping_status":"open","sticky":false,"template":"","format":"standard","meta":{"footnotes":""},"categories":[1,10,18,17,19],"tags":[],"class_list":["post-1756","post","type-post","status-publish","format-standard","has-post-thumbnail","hentry","category-allgemein","category-jungjaeger","category-lehrgaenge","category-veranstaltungen","category-wissenswertes"],"_links":{"self":[{"href":"https:\/\/www.jvdiana.de\/cm\/wp-json\/wp\/v2\/posts\/1756","targetHints":{"allow":["GET"]}}],"collection":[{"href":"https:\/\/www.jvdiana.de\/cm\/wp-json\/wp\/v2\/posts"}],"about":[{"href":"https:\/\/www.jvdiana.de\/cm\/wp-json\/wp\/v2\/types\/post"}],"author":[{"embeddable":true,"href":"https:\/\/www.jvdiana.de\/cm\/wp-json\/wp\/v2\/users\/1"}],"replies":[{"embeddable":true,"href":"https:\/\/www.jvdiana.de\/cm\/wp-json\/wp\/v2\/comments?post=1756"}],"version-history":[{"count":1,"href":"https:\/\/www.jvdiana.de\/cm\/wp-json\/wp\/v2\/posts\/1756\/revisions"}],"predecessor-version":[{"id":1758,"href":"https:\/\/www.jvdiana.de\/cm\/wp-json\/wp\/v2\/posts\/1756\/revisions\/1758"}],"wp:featuredmedia":[{"embeddable":true,"href":"https:\/\/www.jvdiana.de\/cm\/wp-json\/wp\/v2\/media\/1757"}],"wp:attachment":[{"href":"https:\/\/www.jvdiana.de\/cm\/wp-json\/wp\/v2\/media?parent=1756"}],"wp:term":[{"taxonomy":"category","embeddable":true,"href":"https:\/\/www.jvdiana.de\/cm\/wp-json\/wp\/v2\/categories?post=1756"},{"taxonomy":"post_tag","embeddable":true,"href":"https:\/\/www.jvdiana.de\/cm\/wp-json\/wp\/v2\/tags?post=1756"}],"curies":[{"name":"wp","href":"https:\/\/api.w.org\/{rel}","templated":true}]}}