{"id":1838,"date":"2024-04-30T19:35:27","date_gmt":"2024-04-30T17:35:27","guid":{"rendered":"https:\/\/www.jvdiana.de\/cm\/?p=1838"},"modified":"2024-04-30T19:42:34","modified_gmt":"2024-04-30T17:42:34","slug":"jahreshauptversammlung-am-23-04-2024-in-grossenbach","status":"publish","type":"post","link":"https:\/\/www.jvdiana.de\/cm\/2024\/04\/30\/jahreshauptversammlung-am-23-04-2024-in-grossenbach\/","title":{"rendered":"Jahreshauptversammlung am 23.04.2024 in Gro\u00dfenbach"},"content":{"rendered":"<div id=\"attachment_1833\" style=\"width: 910px\" class=\"wp-caption alignnone\"><img loading=\"lazy\" decoding=\"async\" aria-describedby=\"caption-attachment-1833\" class=\"size-large wp-image-1833\" src=\"https:\/\/www.jvdiana.de\/cm\/wp-content\/uploads\/2024\/04\/20240423_jhv_jagdhornblaeser-1024x680.jpg\" alt=\"Er\u00f6ffnung der Jahreshauptversammlung 2024 durch das Jagdhornbl\u00e4sercorps Diana H\u00fcnfeld. Foto: Matthias Bender\" width=\"900\" height=\"598\" srcset=\"https:\/\/www.jvdiana.de\/cm\/wp-content\/uploads\/2024\/04\/20240423_jhv_jagdhornblaeser-1024x680.jpg 1024w, https:\/\/www.jvdiana.de\/cm\/wp-content\/uploads\/2024\/04\/20240423_jhv_jagdhornblaeser-300x199.jpg 300w, https:\/\/www.jvdiana.de\/cm\/wp-content\/uploads\/2024\/04\/20240423_jhv_jagdhornblaeser-768x510.jpg 768w, https:\/\/www.jvdiana.de\/cm\/wp-content\/uploads\/2024\/04\/20240423_jhv_jagdhornblaeser-1536x1020.jpg 1536w, https:\/\/www.jvdiana.de\/cm\/wp-content\/uploads\/2024\/04\/20240423_jhv_jagdhornblaeser-2048x1360.jpg 2048w, https:\/\/www.jvdiana.de\/cm\/wp-content\/uploads\/2024\/04\/20240423_jhv_jagdhornblaeser-150x100.jpg 150w, https:\/\/www.jvdiana.de\/cm\/wp-content\/uploads\/2024\/04\/20240423_jhv_jagdhornblaeser-1200x797.jpg 1200w, https:\/\/www.jvdiana.de\/cm\/wp-content\/uploads\/2024\/04\/20240423_jhv_jagdhornblaeser-400x266.jpg 400w\" sizes=\"auto, (max-width: 900px) 100vw, 900px\" \/><p id=\"caption-attachment-1833\" class=\"wp-caption-text\">Er\u00f6ffnung der Jahreshauptversammlung 2024 durch das Jagdhornbl\u00e4sercorps Diana H\u00fcnfeld. Foto: Matthias Bender<\/p><\/div>\n<p>Am 23.04.2024 fand in der Gastst\u00e4tte zum Goldenen Stern in Gro\u00dfenbach die Jahreshauptversammlung des Jagdvereins Diana H\u00fcnfeld statt. 1. Vorsitzende Astrid Schneider-Heil er\u00f6ffnete die Versammlung und begr\u00fc\u00dfte die 75 Anwesenden Vereinsmitglieder. Das Jagdhornbl\u00e4serkorps unter Leitung von Georg Laibach umrahmte mit den Signalen &#8222;Begr\u00fc\u00dfung&#8220;, dem \u201eJ\u00e4germarsch Nr. 3\u201c und \u201eGru\u00df aus den Bergen\u201c.<\/p>\n<p>Die Einladung zur Jahreshauptversammlung wurde in diesem Jahr erstmalig digital per E-Mail verschickt, sowie in der H\u00fcnfelder Zeitung und dem Hessenj\u00e4ger fristgerecht \u00f6ffentlich bekannt gegeben.<\/p>\n<p>Nach Feststellung der satzungsgem\u00e4\u00dfen Einladung folgte das Gedenken an die verstorbenen Mitglieder. Stellvertretend sind hier die Mitglieder Reinhard Breitung und Heinrich Eigenbrod genannt, denen mit den Jagdsignalen \u201eJagd vorbei\u201c und \u201eHalali&#8220; gedacht wurde.<\/p>\n<p>1. Vorsitzende Astrid Schneider-Heil f\u00fchrte aus, das die Abnahme des Schie\u00dfstandes durch den zust\u00e4ndigen Sachverst\u00e4ndigen erfolgt ist. Die Sanierung des laufenden Keilers befindet sich in der Planungsphase und es wurden Parcoursmaschinen f\u00fcr den Skeetstand angeschafft. Ein neues, frisches Vereinslogo wurde entwickelt. Die Betreuung von Versicherungsangelegenheiten hat Dominik H\u00fcfner von Joerg Hartmann \u00fcbernommen. Kurzfristig \u00fcbernahm Dominik H\u00fcfner den lfd. Hundef\u00fchrerkurs und f\u00fchrte diesen erfolgreich zu Ende. In 2023 wurde in die H\u00fctte auf dem Schie\u00dfstand eingebrochen. Der Verein hat daraufhin die Sicherheitsma\u00dfnahmen in der H\u00fctte erh\u00f6ht. Die Vorstandsarbeit im letzten Jahr war gepr\u00e4gt durch die Erstellung einer neuen Satzung, mit dem Ziel die Gemeinn\u00fctzigkeit zu erreichen. Die Gemeinn\u00fctzigkeit ist f\u00fcr die Teilnahme an vielen F\u00f6rderprogrammen eine wichtige Voraussetzung. Die entsprechenden F\u00f6rderprogramme sind u.a. f\u00fcr die Erhaltung des Schie\u00dfstandes unverzichtbar.<\/p>\n<p>Es folgten die Berichte aus den Abteilungen. Der Kassenbericht wurde vom Stellvertretenden Schatzmeister vorgetragen.<\/p>\n<p>Unter der Regie von Dominik H\u00fcfner wurden 15 Jagdhunde gepr\u00fcft, davon 12 auf Brauchbarkeit. 14 Hunde konnten ihre Pr\u00fcfungen erfolgreich abschlie\u00dfen.<\/p>\n<p>Der neue Hundef\u00fchrerlehrgang startet am 4. Mai 2024 in Ufhausen. Die BPO wird im Oktober stattfinden. Weiter ist ein Kurs f\u00fcr die erste Hilfe beim Jagdhund geplant. Ab Juli sollen lose Treffen zur Ein\u00fcbung und F\u00f6rderung des Grundgehorsams stattfinden.<\/p>\n<p>Das Interesse am Jungj\u00e4gerlehrgang ist ungebrochen, so Patrick Figge, Lehrgangsleiter der Jungj\u00e4gerausbildung. Von 17 Teilnehmern im Lehrgang 2022 \/ 2023 konnten aber leider nur 13 erfolgreich die J\u00e4gerpr\u00fcfung ablegen. Die Quote lag hier bei 86% im Verein, damit aber immer noch deutlich \u00fcber der hessenweiten Quote von 61,4%. Die 15 Teilnehmer des aktuellen Lehrgangs 2023\/2024 befinden sich gerade in den Pr\u00fcfungen. F\u00fcr den Kurs 2024\/2025 gibt es noch einige freie Pl\u00e4tze.<\/p>\n<p>Patrick Figge dankte allen Ausbildern, ohne deren Engagement eine so erfolgreiche Ausbildung nicht m\u00f6glich w\u00e4re.<\/p>\n<p>Georg Laibach berichtet \u00fcber die Aktivit\u00e4ten der Jagdhornbl\u00e4ser. Neben Auftritten auf dem Gaalbernfest, der H\u00fcnfelder Landpartie und der Hubertusmesse, war die Teilnahme an den hessischen Meisterschaften im Jagdhornblasen auf Schlo\u00df Fasanerie in Eichenzell das absolute Highlight. In der Klasse B konnte der 3. Platz erreicht werden. Am 06. Mai startet der neue Anf\u00e4ngerkurs, zu dem bereits 6 Teilnehmer angemeldet sind.<\/p>\n<p>Die Vereinsmeisterschaft 2023 konnte Marcel Beduin f\u00fcr sich entscheiden. Es wurde an Quali-Schie\u00dfen und an der Landesmeisterschaft teilgenommen. Beate Reichard wurde Landesmeisterin in der Kombination, Katja Ullrich zweite. Beate Reichard belegte auch den ersten Platz in B\u00fcchse und Flinte, Katja Ullrich wieder den zweiten in der B\u00fcchse und den dritten in der Flinte. Die Mannschaft belegte den 4. Platz. Andreas Maul belegte den 3. Platz in der Altersklasse allgemein und in der Flinte den 1. Platz. Bei der Bundesmeisterschaft haben die Damen den 3. Platz erreicht. Katja Ullrich wurde Bundesmeisterin der Damen. Es wurde ein Parcoursschie\u00dfen durchgef\u00fchrt, die Resonanz war gut. Im Abschluss seiner Ausf\u00fchrungen warb Andreas Maul f\u00fcr Nachwuchs f\u00fcr die Schie\u00dfmannschaft.<\/p>\n<p>Der Kreisjagdberater des Altkreis H\u00fcnfeld J\u00fcrgen Manns referiert \u00fcber eine drohende Versch\u00e4rfung des Waffenrechts. Die Forderungen aus Politik und Journalismus sind nicht faktenbasiert und reiner Populismus. Im internationalen Vergleich hat Deutschland ein viel restriktiveres Waffenrecht als viel andere L\u00e4nder, aber dennoch keine niedrigeren Deliktraten. Das Hauptproblem von gesch\u00e4tzt 20 Millionen illegalen Waffen wird jedoch meist ignoriert; die Kriminalit\u00e4t mit legal besessenen Waffen hingegen ist verschwindend gering. In Hessen ist zurzeit keine \u00c4nderung der Rechtsprechung bei der Schl\u00fcsselaufbewahrung f\u00fcr Waffenschr\u00e4nke geplant. Die Jahresstrecke beim Rehwild betrug 6500. Die Schalenwildrichtlinie soll bis Ende 2024 \u00fcberarbeitet werden. Beim Rotwild betrug die Jahresstrecke 103 St\u00fcck, beim Schwarzwild 2200. Die Schwarzwildstrecke schwankt meist sehr stark, jedoch ist Moment eine sinkende Tendenz zu beobachten. Es treten immer wieder F\u00e4lle der Aujeszky-Krankheit auf, daher sollte der Kontakt der Hunde mit Schwarzwild so gering wie m\u00f6glich gehalten werden, da diese Krankheit f\u00fcr Hunde unheilbar und immer t\u00f6dlich ist. Beim Wolf sind nach wie vor viel zu geringe Kenntnisse in der Bev\u00f6lkerung und auch den ma\u00dfgeblichen Beh\u00f6rden vorhanden. In Deutschland haben wir eine Population von 2000-3000 Tieren, die extrem stark w\u00e4chst. Die Meldungen an die EU erfolgen jedoch immer ohne Welpen, daher ist der Wolf immer noch streng gesch\u00fctzt, obwohl er eigentlich einen sehr g\u00fcnstigen Erhaltungszustand aufweist. Es wird beklagt, dass kein differenziertes regionales Wolfmanagement, sondern ein \u201eRissreaktionsmanagement\u201c vorliegt. Die Pr\u00e4sentation der Jagd in den Medien ist in der Regel negativ, fehlerhaft und kenntnisarm. Jagd ist nachhaltige Naturnutzung in unserer Kulturlandschaft. Manns fordert einen respektvollen Umgang mit Wald und Wild. Der Koalitionsvertrag der neuen hessischen Landesregierung l\u00e4sst hoffen, dass die Jagd wieder einen etwas h\u00f6heren Stellenwert als zuletzt erh\u00e4lt. Manns w\u00fcnschte den Jagdkursteilnehmern viel Erfolg bei den Pr\u00fcfungen und allen Anwesenden guten Anblick und Waidmannsheil.<\/p>\n<p>Die Kasse wurde von den Kassenpr\u00fcfern Albert Peter und Sabrina Botts ohne Beanstandungen gepr\u00fcft. Im Anschluss wurde der Vorstand entlastet.<\/p>\n<p>1. Vorsitzende Astrid Schneider- Heil stellte im Anschluss den neuen Satzungsentwurf vor. Dieser Entwurf wurde als neue Satzung von der Versammlung beschlossen.<\/p>\n<p>Der amtierende Schatzmeister Thomas Engelbrecht schied zur Jahreshauptversammlung aus dem Vorstand aus. In der Nachwahl wurde Dominik H\u00fcfner von der Versammlung als neuer Schatzmeister gew\u00e4hlt.<\/p>\n<p>Ein besonderer H\u00f6hepunkt der Veranstaltung war der Vortrag von Matthias Bender. Er ist im Verein verantwortlich f\u00fcr die Kitzrettung. In seinem Vortrag stellte er die Aktivit\u00e4ten des Jagdvereins Diana H\u00fcnfeld zur Kitzrettung mittels Drohne und W\u00e4rmebildkamera vor. Die Kitzrettung ist f\u00fcr uns J\u00e4ger von gro\u00dfer Bedeutung. \u00a0Sie steht f\u00fcr eine positive \u00f6ffentliche Wahrnehmung der J\u00e4gerschaft und stellt das Tierwohl in den Mittelpunkt unseres Handelns. Dem Verein stehen momentan drei Drohnensysteme zur Verf\u00fcgung, die von Matthias Bender, Patrick Figge und dem Hegering Eiterfeld (hier vor allem von den Eheleuten Fu\u00df) betreut werden. Im Jahr 2022 wurden 33 Eins\u00e4tze geflogen, bei denen 30 Kitze gerettet werden konnten. Im Jahr 2023 wurden 45 Eins\u00e4tze geflogen, bei denen 45 Kitze gerettet werden konnten. F\u00fcr die Zukunft besteht weiterhin ein hoher Bedarf von Seiten der Landwirtschaft, so dass die Drohnenflotte weiter ausgebaut werden sollte. Bender skizzierte detailliert die Planung und den Ablauf eines Kitzrettungseinsatzes und ging dabei auch auf die n\u00f6tigen Vorbereitungen und die auftretenden Schwierigkeiten ein.<\/p>\n<div id=\"attachment_1832\" style=\"width: 910px\" class=\"wp-caption alignnone\"><img loading=\"lazy\" decoding=\"async\" aria-describedby=\"caption-attachment-1832\" class=\"size-large wp-image-1832\" src=\"https:\/\/www.jvdiana.de\/cm\/wp-content\/uploads\/2024\/04\/20240423_jhv_ehrungen-1024x680.jpg\" alt=\"vl.n.r. Klaus Wolff, Jutta Fu\u00df, x, Ute Bangert-Stangier, Peter Lohfink, Helmuth Rieger, Lothar Keidel, Christoph Pralle, Thomas Vieth, Stefan Hohmann, Karl Fu\u00df, Adolf Bielefeld, 1. Vorsitzende Astrid Schneider-Heil, Foto: Matthias Bender\" width=\"900\" height=\"598\" srcset=\"https:\/\/www.jvdiana.de\/cm\/wp-content\/uploads\/2024\/04\/20240423_jhv_ehrungen-1024x680.jpg 1024w, https:\/\/www.jvdiana.de\/cm\/wp-content\/uploads\/2024\/04\/20240423_jhv_ehrungen-300x199.jpg 300w, https:\/\/www.jvdiana.de\/cm\/wp-content\/uploads\/2024\/04\/20240423_jhv_ehrungen-768x510.jpg 768w, https:\/\/www.jvdiana.de\/cm\/wp-content\/uploads\/2024\/04\/20240423_jhv_ehrungen-1536x1020.jpg 1536w, https:\/\/www.jvdiana.de\/cm\/wp-content\/uploads\/2024\/04\/20240423_jhv_ehrungen-2048x1360.jpg 2048w, https:\/\/www.jvdiana.de\/cm\/wp-content\/uploads\/2024\/04\/20240423_jhv_ehrungen-150x100.jpg 150w, https:\/\/www.jvdiana.de\/cm\/wp-content\/uploads\/2024\/04\/20240423_jhv_ehrungen-1200x797.jpg 1200w, https:\/\/www.jvdiana.de\/cm\/wp-content\/uploads\/2024\/04\/20240423_jhv_ehrungen-400x266.jpg 400w\" sizes=\"auto, (max-width: 900px) 100vw, 900px\" \/><p id=\"caption-attachment-1832\" class=\"wp-caption-text\">v.l.n.r. Klaus Wolff, Jutta Fu\u00df, x, Ute Bangert-Stangier, Peter Lohfink, Helmuth Rieger, Lothar Keidel, Christoph Pralle, Thomas Vieth, Stefan Hohmann, Karl Fu\u00df, Adolf Bielefeld, 1. Vorsitzende Astrid Schneider-Heil, Foto: Matthias Bender<\/p><\/div>\n<p><strong>Ehrungen:<\/strong><\/p>\n<p><strong>Ehrenmitglied<br \/>\n<\/strong>Klaus Wolff<\/p>\n<p><strong>25 Jahre Mitgliedschaft<\/strong><\/p>\n<p>Ute Bangert-Stangier<br \/>\nJan Garlepp<br \/>\nLothar Keidel<br \/>\nVolker Assel<br \/>\nHelmuth Rieger<br \/>\nJens Mueller<br \/>\nChristian Weber<\/p>\n<p><strong>\u00a0<\/strong><strong>40 Jahre Mitgliedschaft<\/strong><\/p>\n<p>Werner Eichler<br \/>\nKarl Golbach<br \/>\nThomas Vieth<\/p>\n<p><strong>50 Jahre Mitgliedschaft<\/strong><\/p>\n<p>Adolf Bielefeld<br \/>\nErwin Figge<\/p>\n<p><strong>\u00a0<\/strong><strong>LJV Ehrennadel<\/strong><\/p>\n<p>Dirk Schumann<br \/>\nKarl Fu\u00df<br \/>\nChristoph Pralle<\/p>\n<p><strong>DJV Silber<br \/>\n<\/strong>Peter Lohfink<\/p>\n<p><strong>LJV Silber<br \/>\n<\/strong>Stefan Hohmann<\/p>\n<p><strong>Engagement in der Kitzrettung<br \/>\n<\/strong>Jutta Fu\u00df<\/p>\n","protected":false},"excerpt":{"rendered":"<p>Am 23.04.2024 fand in der Gastst\u00e4tte zum Goldenen Stern in Gro\u00dfenbach die Jahreshauptversammlung des Jagdvereins Diana H\u00fcnfeld statt. 1. Vorsitzende Astrid Schneider-Heil er\u00f6ffnete die Versammlung und begr\u00fc\u00dfte die 75 Anwesenden Vereinsmitglieder. Das Jagdhornbl\u00e4serkorps unter Leitung von Georg Laibach umrahmte mit den Signalen &#8222;Begr\u00fc\u00dfung&#8220;, dem \u201eJ\u00e4germarsch Nr. 3\u201c und \u201eGru\u00df aus&#8230;<\/p>\n<p> <a class=\"continue-reading-link\" href=\"https:\/\/www.jvdiana.de\/cm\/2024\/04\/30\/jahreshauptversammlung-am-23-04-2024-in-grossenbach\/\"><span>Weiterlesen&#8230;<\/span><i class=\"crycon-right-dir\"><\/i><\/a> <\/p>\n","protected":false},"author":1,"featured_media":1832,"comment_status":"closed","ping_status":"open","sticky":false,"template":"","format":"standard","meta":{"footnotes":""},"categories":[1,17,19],"tags":[],"class_list":["post-1838","post","type-post","status-publish","format-standard","has-post-thumbnail","hentry","category-allgemein","category-veranstaltungen","category-wissenswertes"],"_links":{"self":[{"href":"https:\/\/www.jvdiana.de\/cm\/wp-json\/wp\/v2\/posts\/1838","targetHints":{"allow":["GET"]}}],"collection":[{"href":"https:\/\/www.jvdiana.de\/cm\/wp-json\/wp\/v2\/posts"}],"about":[{"href":"https:\/\/www.jvdiana.de\/cm\/wp-json\/wp\/v2\/types\/post"}],"author":[{"embeddable":true,"href":"https:\/\/www.jvdiana.de\/cm\/wp-json\/wp\/v2\/users\/1"}],"replies":[{"embeddable":true,"href":"https:\/\/www.jvdiana.de\/cm\/wp-json\/wp\/v2\/comments?post=1838"}],"version-history":[{"count":3,"href":"https:\/\/www.jvdiana.de\/cm\/wp-json\/wp\/v2\/posts\/1838\/revisions"}],"predecessor-version":[{"id":1841,"href":"https:\/\/www.jvdiana.de\/cm\/wp-json\/wp\/v2\/posts\/1838\/revisions\/1841"}],"wp:featuredmedia":[{"embeddable":true,"href":"https:\/\/www.jvdiana.de\/cm\/wp-json\/wp\/v2\/media\/1832"}],"wp:attachment":[{"href":"https:\/\/www.jvdiana.de\/cm\/wp-json\/wp\/v2\/media?parent=1838"}],"wp:term":[{"taxonomy":"category","embeddable":true,"href":"https:\/\/www.jvdiana.de\/cm\/wp-json\/wp\/v2\/categories?post=1838"},{"taxonomy":"post_tag","embeddable":true,"href":"https:\/\/www.jvdiana.de\/cm\/wp-json\/wp\/v2\/tags?post=1838"}],"curies":[{"name":"wp","href":"https:\/\/api.w.org\/{rel}","templated":true}]}}