{"id":1907,"date":"2024-07-16T16:58:52","date_gmt":"2024-07-16T14:58:52","guid":{"rendered":"https:\/\/www.jvdiana.de\/cm\/?p=1907"},"modified":"2024-07-16T18:06:39","modified_gmt":"2024-07-16T16:06:39","slug":"infos-zur-afrikanischen-schweinepest-asp","status":"publish","type":"post","link":"https:\/\/www.jvdiana.de\/cm\/2024\/07\/16\/infos-zur-afrikanischen-schweinepest-asp\/","title":{"rendered":"Infos zur Afrikanischen Schweinepest (ASP)"},"content":{"rendered":"<p><strong>Der Landesjagdverband Hessen e.V. informiert fortlaufend \u00fcber die aktuellen Entwicklungen in Hessen unter diesem Link:<\/strong><\/p>\n<blockquote class=\"wp-embedded-content\" data-secret=\"J1YNisi1Iz\"><p><a href=\"https:\/\/ljv-hessen.de\/afrikanische-schweinepest-hessen-chronik\/\">Afrikanische Schweinepest in Hessen (Chronik)<\/a><\/p><\/blockquote>\n<p><iframe loading=\"lazy\" class=\"wp-embedded-content\" sandbox=\"allow-scripts\" security=\"restricted\" style=\"position: absolute; clip: rect(1px, 1px, 1px, 1px);\" title=\"&#8222;Afrikanische Schweinepest in Hessen (Chronik)&#8220; &#8212; Landesjagdverband Hessen e.V.\" src=\"https:\/\/ljv-hessen.de\/afrikanische-schweinepest-hessen-chronik\/embed\/#?secret=foYrY2BRkZ#?secret=J1YNisi1Iz\" data-secret=\"J1YNisi1Iz\" width=\"600\" height=\"338\" frameborder=\"0\" marginwidth=\"0\" marginheight=\"0\" scrolling=\"no\"><\/iframe><\/p>\n<p><strong>Umfangreiche Informationen zur Afrikanischen Schweinepest, f\u00fcr B\u00fcrger, Landwirte und J\u00e4ger gibt es auf der Homepage des Hessischen Ministeriums f\u00fcr Landwirtschaft und Umwelt, Weinbau, Forsten, Jagd und Heimat:<\/strong><\/p>\n<p><a href=\"https:\/\/landwirtschaft.hessen.de\/Tierschutz-und-Tierseuchen\/Tierseuchen\/Afrikanische-Schweinepest\">https:\/\/landwirtschaft.hessen.de\/Tierschutz-und-Tierseuchen\/Tierseuchen\/Afrikanische-Schweinepest<\/a><\/p>\n<p><strong>Infos &#8211; insbesondere f\u00fcr Landwirte &#8211; stellt auch der Hessische Bauernverband auf seiner Homepage zur Verf\u00fcgung:<\/strong><\/p>\n<p><a href=\"https:\/\/www.hessischerbauernverband.de\/\">https:\/\/www.hessischerbauernverband.de\/<\/a><\/p>\n<p><strong>Info zur Anpassung der Aufwandsentsch\u00e4digung + <a href=\"https:\/\/ljv-hessen.de\/wp-content\/uploads\/2020\/11\/03-Merkblatt_Beprobung_Indikatorwildschweine_Stand16-11-2020.pdf\">Merkblatt Beprobung Indikatorschweine<\/a><\/strong><\/p>\n<blockquote class=\"wp-embedded-content\" data-secret=\"FUhXW0kx6P\"><p><a href=\"https:\/\/ljv-hessen.de\/asp-tupferproben-verfahren-vereinfacht-und-50-euro-aufwandsentschaedigung\/\">ASP-Tupferproben: Verfahren vereinfacht und 50 Euro Aufwandsentsch\u00e4digung<\/a><\/p><\/blockquote>\n<p><iframe loading=\"lazy\" class=\"wp-embedded-content\" sandbox=\"allow-scripts\" security=\"restricted\" style=\"position: absolute; clip: rect(1px, 1px, 1px, 1px);\" title=\"&#8222;ASP-Tupferproben: Verfahren vereinfacht und 50 Euro Aufwandsentsch\u00e4digung&#8220; &#8212; Landesjagdverband Hessen e.V.\" src=\"https:\/\/ljv-hessen.de\/asp-tupferproben-verfahren-vereinfacht-und-50-euro-aufwandsentschaedigung\/embed\/#?secret=0z5TvIt6Si#?secret=FUhXW0kx6P\" data-secret=\"FUhXW0kx6P\" width=\"600\" height=\"338\" frameborder=\"0\" marginwidth=\"0\" marginheight=\"0\" scrolling=\"no\"><\/iframe><\/p>\n<p><strong>Info des LJV zur <a href=\"https:\/\/ljv-hessen.de\/wp-content\/uploads\/2024\/07\/Aenderung_Richtlinie_Drohnenfoerderung.pdf\">\u00c4nderung der F\u00f6rderrichtlinie<\/a> f\u00fcr den Einsatz von gef\u00f6rderten Drohnen<\/strong><\/p>\n<blockquote class=\"wp-embedded-content\" data-secret=\"6tPKkMcz0h\"><p><a href=\"https:\/\/ljv-hessen.de\/aenderung-der-foerderrichtlinie-fuer-waermebilddrohnen-im-asp-einsatz-mitteilung-an-ble-erforderlich\/\">\u00c4nderung der F\u00f6rderrichtlinie f\u00fcr W\u00e4rmebilddrohnen im ASP-Einsatz\/Mitteilung an BLE erforderlich<\/a><\/p><\/blockquote>\n<p><iframe loading=\"lazy\" class=\"wp-embedded-content\" sandbox=\"allow-scripts\" security=\"restricted\" style=\"position: absolute; clip: rect(1px, 1px, 1px, 1px);\" title=\"&#8222;\u00c4nderung der F\u00f6rderrichtlinie f\u00fcr W\u00e4rmebilddrohnen im ASP-Einsatz\/Mitteilung an BLE erforderlich&#8220; &#8212; Landesjagdverband Hessen e.V.\" src=\"https:\/\/ljv-hessen.de\/aenderung-der-foerderrichtlinie-fuer-waermebilddrohnen-im-asp-einsatz-mitteilung-an-ble-erforderlich\/embed\/#?secret=N6LXIIAPJ8#?secret=6tPKkMcz0h\" data-secret=\"6tPKkMcz0h\" width=\"600\" height=\"338\" frameborder=\"0\" marginwidth=\"0\" marginheight=\"0\" scrolling=\"no\"><\/iframe><\/p>\n<p><strong>Bitte beachten, dass f\u00fcr durch das BMEL\/BLE gef\u00f6rderte Drohnen, die nun auch zur ASP-Kadaversuche im Rahmen der ASP-Bek\u00e4mpfung genutzt werden, eine Meldung an das BLE erforderlich ist. <a href=\"https:\/\/newsletter.ljv-hessen.de\/r\/6ReAVSp33531ms1313.html\">Link zur Kontaktseite des BLE.<\/a> <\/strong><\/p>\n<p><strong>Info des LJV zum Planen und exportieren von Flugdaten<\/strong><\/p>\n<blockquote class=\"wp-embedded-content\" data-secret=\"WW8Pvmijh3\"><p><a href=\"https:\/\/ljv-hessen.de\/asp-kadaversuche-flugrouten-planen-und-vom-dji-controller-in-das-gpx-format-exportieren\/\">ASP-Kadaversuche: Flugrouten planen und vom DJI-Controller in das .gpx-Format exportieren<\/a><\/p><\/blockquote>\n<p><iframe loading=\"lazy\" class=\"wp-embedded-content\" sandbox=\"allow-scripts\" security=\"restricted\" style=\"position: absolute; clip: rect(1px, 1px, 1px, 1px);\" title=\"&#8222;ASP-Kadaversuche: Flugrouten planen und vom DJI-Controller in das .gpx-Format exportieren&#8220; &#8212; Landesjagdverband Hessen e.V.\" src=\"https:\/\/ljv-hessen.de\/asp-kadaversuche-flugrouten-planen-und-vom-dji-controller-in-das-gpx-format-exportieren\/embed\/#?secret=bYUDlxvZh6#?secret=WW8Pvmijh3\" data-secret=\"WW8Pvmijh3\" width=\"600\" height=\"338\" frameborder=\"0\" marginwidth=\"0\" marginheight=\"0\" scrolling=\"no\"><\/iframe><\/p>\n","protected":false},"excerpt":{"rendered":"<p>Der Landesjagdverband Hessen e.V. informiert fortlaufend \u00fcber die aktuellen Entwicklungen in Hessen unter diesem Link: Afrikanische Schweinepest in Hessen (Chronik) Umfangreiche Informationen zur Afrikanischen Schweinepest, f\u00fcr B\u00fcrger, Landwirte und J\u00e4ger gibt es auf der Homepage des Hessischen Ministeriums f\u00fcr Landwirtschaft und Umwelt, Weinbau, Forsten, Jagd und Heimat: https:\/\/landwirtschaft.hessen.de\/Tierschutz-und-Tierseuchen\/Tierseuchen\/Afrikanische-Schweinepest Infos &#8211;&#8230;<\/p>\n<p> <a class=\"continue-reading-link\" href=\"https:\/\/www.jvdiana.de\/cm\/2024\/07\/16\/infos-zur-afrikanischen-schweinepest-asp\/\"><span>Weiterlesen&#8230;<\/span><i class=\"crycon-right-dir\"><\/i><\/a> <\/p>\n","protected":false},"author":1,"featured_media":1908,"comment_status":"closed","ping_status":"open","sticky":false,"template":"","format":"standard","meta":{"footnotes":""},"categories":[1,20,19],"tags":[],"class_list":["post-1907","post","type-post","status-publish","format-standard","has-post-thumbnail","hentry","category-allgemein","category-naturschutz","category-wissenswertes"],"_links":{"self":[{"href":"https:\/\/www.jvdiana.de\/cm\/wp-json\/wp\/v2\/posts\/1907","targetHints":{"allow":["GET"]}}],"collection":[{"href":"https:\/\/www.jvdiana.de\/cm\/wp-json\/wp\/v2\/posts"}],"about":[{"href":"https:\/\/www.jvdiana.de\/cm\/wp-json\/wp\/v2\/types\/post"}],"author":[{"embeddable":true,"href":"https:\/\/www.jvdiana.de\/cm\/wp-json\/wp\/v2\/users\/1"}],"replies":[{"embeddable":true,"href":"https:\/\/www.jvdiana.de\/cm\/wp-json\/wp\/v2\/comments?post=1907"}],"version-history":[{"count":7,"href":"https:\/\/www.jvdiana.de\/cm\/wp-json\/wp\/v2\/posts\/1907\/revisions"}],"predecessor-version":[{"id":1917,"href":"https:\/\/www.jvdiana.de\/cm\/wp-json\/wp\/v2\/posts\/1907\/revisions\/1917"}],"wp:featuredmedia":[{"embeddable":true,"href":"https:\/\/www.jvdiana.de\/cm\/wp-json\/wp\/v2\/media\/1908"}],"wp:attachment":[{"href":"https:\/\/www.jvdiana.de\/cm\/wp-json\/wp\/v2\/media?parent=1907"}],"wp:term":[{"taxonomy":"category","embeddable":true,"href":"https:\/\/www.jvdiana.de\/cm\/wp-json\/wp\/v2\/categories?post=1907"},{"taxonomy":"post_tag","embeddable":true,"href":"https:\/\/www.jvdiana.de\/cm\/wp-json\/wp\/v2\/tags?post=1907"}],"curies":[{"name":"wp","href":"https:\/\/api.w.org\/{rel}","templated":true}]}}