{"id":1975,"date":"2025-04-13T23:58:33","date_gmt":"2025-04-13T21:58:33","guid":{"rendered":"https:\/\/www.jvdiana.de\/cm\/?p=1975"},"modified":"2025-04-13T23:58:33","modified_gmt":"2025-04-13T21:58:33","slug":"jahreshauptversammlung-am-08-04-2025-in-grossenbach","status":"publish","type":"post","link":"https:\/\/www.jvdiana.de\/cm\/2025\/04\/13\/jahreshauptversammlung-am-08-04-2025-in-grossenbach\/","title":{"rendered":"Jahreshauptversammlung am 08.04.2025 in Gro\u00dfenbach"},"content":{"rendered":"<p>Am 08.04.2025 fand in der Gastst\u00e4tte zum Goldenen Stern in Gro\u00dfenbach die Jahreshauptversammlung des Jagdvereins Diana H\u00fcnfeld statt. 1. Vorsitzende Astrid Schneider-Heil er\u00f6ffnete die Versammlung und begr\u00fc\u00dfte die Anwesenden Vereinsmitglieder. Das Jagdhornbl\u00e4serkorps unter Leitung von Georg Laibach umrahmte mit den Signalen \u201eSammeln der J\u00e4ger\u201c und &#8222;Begr\u00fc\u00dfung&#8220;. Nach Feststellung der satzungsgem\u00e4\u00dfen Einladung wurde den verstorbenen Mitgliedern mit den Jagdsignalen \u201eJagd vorbei\u201c und \u201eHalali&#8220; gedacht. Mit dem \u201eHessischen J\u00e4germarsch\u201c und \u201eGru\u00df aus den Bergen\u201c gab die Bl\u00e4sergruppe noch 2 weitere St\u00fccke zum Besten.<\/p>\n<div id=\"attachment_1972\" style=\"width: 910px\" class=\"wp-caption alignnone\"><img loading=\"lazy\" decoding=\"async\" aria-describedby=\"caption-attachment-1972\" class=\"size-large wp-image-1972\" src=\"https:\/\/www.jvdiana.de\/cm\/wp-content\/uploads\/2025\/04\/20250408_blaesergruppe-1024x680.jpg\" alt=\"Die Jagdhornbl\u00e4sercorps Diana H\u00fcnfeld er\u00f6ffnet die Jahreshauptversammlung am 08.04.2025, Foto: Matthias Bender\" width=\"900\" height=\"598\" srcset=\"https:\/\/www.jvdiana.de\/cm\/wp-content\/uploads\/2025\/04\/20250408_blaesergruppe-1024x680.jpg 1024w, https:\/\/www.jvdiana.de\/cm\/wp-content\/uploads\/2025\/04\/20250408_blaesergruppe-300x199.jpg 300w, https:\/\/www.jvdiana.de\/cm\/wp-content\/uploads\/2025\/04\/20250408_blaesergruppe-768x510.jpg 768w, https:\/\/www.jvdiana.de\/cm\/wp-content\/uploads\/2025\/04\/20250408_blaesergruppe-1536x1020.jpg 1536w, https:\/\/www.jvdiana.de\/cm\/wp-content\/uploads\/2025\/04\/20250408_blaesergruppe-2048x1360.jpg 2048w, https:\/\/www.jvdiana.de\/cm\/wp-content\/uploads\/2025\/04\/20250408_blaesergruppe-150x100.jpg 150w, https:\/\/www.jvdiana.de\/cm\/wp-content\/uploads\/2025\/04\/20250408_blaesergruppe-1200x797.jpg 1200w, https:\/\/www.jvdiana.de\/cm\/wp-content\/uploads\/2025\/04\/20250408_blaesergruppe-400x266.jpg 400w\" sizes=\"auto, (max-width: 900px) 100vw, 900px\" \/><p id=\"caption-attachment-1972\" class=\"wp-caption-text\">Die Jagdhornbl\u00e4sercorps Diana H\u00fcnfeld er\u00f6ffnet die Jahreshauptversammlung am 08.04.2025, Foto: Matthias Bender<\/p><\/div>\n<p>1. Vorsitzende Astrid Schneider-Heil begr\u00fc\u00dfte Peter Lohfink als Ehrenmitglied. Die Vorstandsarbeit wurde u.a. in 7 Vorstandssitzungen und 1 erweiterten Vorstandssitzung koordiniert. Der Schie\u00dfstand des Kreisjagdverein Bad Hersfeld wurde begutachtet, um weitere Erkenntnisse f\u00fcr die Sanierung des laufenden Keilers zu erlangen. Medial war das vergangene Jahr gepr\u00e4gt durch den Ausbruch der ASP in S\u00fcdhessen. Der Landkreis Fulda blieb bis dato verschont. Auf einer Infoveranstaltung vom Landkreis Fulda wurden Infos zur ASP und m\u00f6glichen Ma\u00dfnahmen, die dann im Landkreis erforderlich sind mit weiteren Jagdvereinen und den Beh\u00f6rden abgestimmt. Auch fand ein Treffen mit den benachbarten Kreisjagdvereinen statt um sich hier \u00fcber aktuelle Themen &#8211; die alle Vereine betreffen &#8211; abzustimmen. Ein gestellter F\u00f6rderantrag auf Digitalisierung in der Vereinsarbeit wurde abgelehnt. F\u00fcr 2025 werden vom Land Hessen wieder F\u00f6rdergelder in Aussicht gestellt, das Antragsverfahren ist aber noch nicht freigegeben. Zum 01.01.2025 wurde die Gemeinn\u00fctzigkeit erreicht. Hier sind steuerliche Pflichten zu wahren und gewisse Standards einzuhalten. Schneider-Heil appellierte an die Abteilungsleiter hier entsprechend sensibel zu agieren. Die Sanierung des laufenden Keilers auf dem Schie\u00dfstand wird f\u00fcr den Vorstand ein weiterer Meilenstein. Hier ist viel Aufwand f\u00fcr Planung und Umsetzung des rund 200.000 Euro Projekts erforderlich. Eine Ausgabensperre der F\u00f6rdergelder und die dadurch bedingten \u00c4nderungen im Antragswesen haben bereits zus\u00e4tzlichen Aufwand generiert und zu einem Zeitverzug gef\u00fchrt. Schneider-Heil w\u00fcnscht sich mehr Engagement der Vereinsmitglieder im Bereich Naturschutz. Wir J\u00e4ger sollten viel mehr f\u00fcr unsere Wahrnehmung in der Gesellschaft tun.<\/p>\n<p>Dominik H\u00fcfner gab einen Bericht \u00fcber die Einnahmen + Ausgaben im vergangenen Jahr. Mitglied Lisa Schmitt wurde zur Unterst\u00fctzung in der Buchhaltung hinzugezogen. Ein Buchhaltungsprogramm wurde angeschafft, das auch mit Blick auf die Gemeinn\u00fctzigkeit erforderlich ist. Mit diesem k\u00f6nnen umfangreiche Auswertungen erstellt und z.B. Buchungen f\u00fcr den Steuerberater vorbereitet werden.<\/p>\n<p>Im Jungj\u00e4gerkurs 2023 \/ 2024 haben von 15 Kursteilnehmern im ersten Anlauf 13 bestanden, 2 Teilnehmer sind durchgefallen. In der Nachpr\u00fcfung konnte ein Teilnehmer die Pr\u00fcfung erfolgreich ablegen. Damit stieg die Quote auf 93% (Vorjahr 86%). Figges Dank ging an seine Ausbilderkollegen, die mit gro\u00dfem Engagement in Ihren F\u00e4chern unterrichten. Ein besonderer Dank ging an J\u00fcrgen Manns, der u.a. mit seinem p\u00e4dagogischen Fachwissen die Lehrgangsteilnehmer bestens unterrichtet hat. Manns steht mit dem neuen Kurs nicht mehr als Ausbilder zur Verf\u00fcgung. Sein Nachfolger, Andre Hensel wird das Fach Naturschutz \u00fcbernehmen. Im aktuellen Lehrgang 2024 \/ 2025 werden 14 Kursteilnehmer auf die Pr\u00fcfung im Mai 2025 vorbereitet. Der Lehrgang 2025 \/ 2026 startet im August, ein Vorstellungsabend wird im Juni stattfinden. Gegenw\u00e4rtig gibt es noch einige wenige freie Pl\u00e4tze.<\/p>\n<p>Die Jagdhornbl\u00e4sergruppe mit 10 aktiven Bl\u00e4sern hatte im vergangenen Jahr 11 Auftritte. Highlights waren laut Georg Laibach, der Hessentag in Fritzlar sowie 3 Hubertusmessen. Im aktuellen Anf\u00e4ngerkurs sind 6 Teilnehmer, die bis zum Herbst die Grundlagen und Jagdsignale erlernen und ggfs. auch zuk\u00fcnftig die Bestandsgruppe verst\u00e4rken sollen.<\/p>\n<p>Dominik H\u00fcfner leitet zusammen mit Andreas Ritz die Hundeausbildung. Auch in diesem Jahr wird wieder ein Hundef\u00fchrerlehrgang angeboten, mit dem Ziel m\u00f6glichst viele F\u00e4cher in der Brauchbarkeitspr\u00fcfung zu belegen. Ende April 2025 startet der neue Lehrgang, ein erstes Treffen wird voraussichtlich f\u00fcr den 26.04. \/ 27.04.2025 geplant. Interessierte k\u00f6nnen sich direkt bei den beiden Hundeausbilder melden.<\/p>\n<p>Andreas Maul berichtete von den Aktivit\u00e4ten der Schie\u00dfmannschaft. Zun\u00e4chst ging ein Dank an den Vorstand, dass ein Parcourschie\u00dfen erm\u00f6glicht und ausgerichtet werden konnte. Alexander Maul schnitt auf internationaler B\u00fchne beim Zoo Cup in Dubai mit 160 Scheiben als bester Deutscher Sch\u00fctze ab. Bei den Landesmeisterschaften wurde Walter Siebert Landesmeister in der Altersklasse mit 323 Ringen. Den 1. Platz in der Kombination erreichte Katja Ullrich mit 312 Ringen, den 1. Platz in der B\u00fcchse und den 1. Platz in der Flinte mit 27 Scheiben. Den 2. Platz sicherte sich Beate Reichhart mit 310 Ringen und 25 Scheiben. Flintenmeister wurde Harald Ullrich mit 30 Scheiben 2 und Florian Siebert mit 30 Scheiben 3. Auch in 2025 ist wieder eine Vereinsmeisterschaft nur f\u00fcr J\u00e4ger geplant, Termin ist noch offen.<\/p>\n<p>Kreisjagdberater J\u00fcrgen Manns tritt nicht mehr an. Der Vorstand hat Markus Hillebrand als Nachfolger vorgeschlagen. Die Berufung erfolgt durch den Landkreis Fulda.<\/p>\n<p>Die Kasse wurde von den Kassenpr\u00fcfern Marcus Hillenbrand und Sabrina Botts ohne Beanstandungen gepr\u00fcft. Im Anschluss wurde der Vorstand entlastet.<\/p>\n<p>Wahlleiter Peter Lohfink f\u00fchrte durch die Vorstandswahlgen mit folgendem Wahlergebnis:<\/p>\n<p>1. Vorsitzende<br \/>\nAstrid Schneider-Heil<\/p>\n<p>2. Vorsitzender<br \/>\nChristopher H\u00fcfner<\/p>\n<p>Kassenwart<br \/>\nDominik H\u00fcfner<\/p>\n<p>Stellv. Kassenwart<br \/>\nLisa Schmitt<\/p>\n<p>Schriftf\u00fchrer<br \/>\nDr. Sebastian K\u00fchn<\/p>\n<p>Stellv. Schriftf\u00fchrer<br \/>\nMarcel Huder<\/p>\n<p>Kassenpr\u00fcfer f\u00fcr 2026<br \/>\nAndreas Ritz<\/p>\n<div id=\"attachment_1974\" style=\"width: 910px\" class=\"wp-caption alignnone\"><img loading=\"lazy\" decoding=\"async\" aria-describedby=\"caption-attachment-1974\" class=\"size-large wp-image-1974\" src=\"https:\/\/www.jvdiana.de\/cm\/wp-content\/uploads\/2025\/04\/20250408_neuer_vorstand-1024x680.jpg\" alt=\"Der neue Vorstand, v.l.n.r. Lisa Schmitt (stellv. Kassiererin), Marcel Huder (stellv. Schriftf\u00fchrer), Astrid Schneider-Heil (1. Vorsitzende), Dominik H\u00fcfner (Kassierer), Christopher H\u00fcfner (2. Vorsitzender), Dr. Sebastian K\u00fchn (Schriftf\u00fchrer), Foto: Matthias Bender\" width=\"900\" height=\"598\" srcset=\"https:\/\/www.jvdiana.de\/cm\/wp-content\/uploads\/2025\/04\/20250408_neuer_vorstand-1024x680.jpg 1024w, https:\/\/www.jvdiana.de\/cm\/wp-content\/uploads\/2025\/04\/20250408_neuer_vorstand-300x199.jpg 300w, https:\/\/www.jvdiana.de\/cm\/wp-content\/uploads\/2025\/04\/20250408_neuer_vorstand-768x510.jpg 768w, https:\/\/www.jvdiana.de\/cm\/wp-content\/uploads\/2025\/04\/20250408_neuer_vorstand-1536x1020.jpg 1536w, https:\/\/www.jvdiana.de\/cm\/wp-content\/uploads\/2025\/04\/20250408_neuer_vorstand-2048x1360.jpg 2048w, https:\/\/www.jvdiana.de\/cm\/wp-content\/uploads\/2025\/04\/20250408_neuer_vorstand-150x100.jpg 150w, https:\/\/www.jvdiana.de\/cm\/wp-content\/uploads\/2025\/04\/20250408_neuer_vorstand-1200x797.jpg 1200w, https:\/\/www.jvdiana.de\/cm\/wp-content\/uploads\/2025\/04\/20250408_neuer_vorstand-400x266.jpg 400w\" sizes=\"auto, (max-width: 900px) 100vw, 900px\" \/><p id=\"caption-attachment-1974\" class=\"wp-caption-text\">Der neue Vorstand, v.l.n.r. Lisa Schmitt (stellv. Kassiererin), Marcel Huder (stellv. Schriftf\u00fchrer), Astrid Schneider-Heil (1. Vorsitzende), Dominik H\u00fcfner (Kassierer), Christopher H\u00fcfner (2. Vorsitzender), Dr. Sebastian K\u00fchn (Schriftf\u00fchrer), Foto: Matthias Bender<\/p><\/div>\n<p>Schriftf\u00fchrer Sebastian K\u00fchn er\u00f6rterte die Erh\u00f6hung der Mitgliedsbeitr\u00e4ge. Die Erh\u00f6hung der Mitgliedsbeitr\u00e4ge ist erforderlich, da der Landesjagdverband noch st\u00e4rker in die \u00d6ffentlichkeitsarbeit investieren und diese weiter ausbauen und verbessern m\u00f6chte.<\/p>\n<div id=\"attachment_1971\" style=\"width: 910px\" class=\"wp-caption alignnone\"><img loading=\"lazy\" decoding=\"async\" aria-describedby=\"caption-attachment-1971\" class=\"size-large wp-image-1971\" src=\"https:\/\/www.jvdiana.de\/cm\/wp-content\/uploads\/2025\/04\/20250408_alter_Vorstand-1024x680.jpg\" alt=\"Der alte Vorstand bis zur JHV am 08.04.2025, v.l.n.r. Andreas Becker (2. Vorsitzender), Marcel Huder (stellv. Schriftf\u00fchrer), Astrid Schneider-Heil (1. Vorsitzende), Dominik H\u00fcfner (Kassierer), Georg K\u00e4smann (stellv. Kassierer), Dr. Sebastian K\u00fchn (Schriftf\u00fchrer), Foto: Matthias Bender\" width=\"900\" height=\"598\" srcset=\"https:\/\/www.jvdiana.de\/cm\/wp-content\/uploads\/2025\/04\/20250408_alter_Vorstand-1024x680.jpg 1024w, https:\/\/www.jvdiana.de\/cm\/wp-content\/uploads\/2025\/04\/20250408_alter_Vorstand-300x199.jpg 300w, https:\/\/www.jvdiana.de\/cm\/wp-content\/uploads\/2025\/04\/20250408_alter_Vorstand-768x510.jpg 768w, https:\/\/www.jvdiana.de\/cm\/wp-content\/uploads\/2025\/04\/20250408_alter_Vorstand-1536x1020.jpg 1536w, https:\/\/www.jvdiana.de\/cm\/wp-content\/uploads\/2025\/04\/20250408_alter_Vorstand-2048x1360.jpg 2048w, https:\/\/www.jvdiana.de\/cm\/wp-content\/uploads\/2025\/04\/20250408_alter_Vorstand-150x100.jpg 150w, https:\/\/www.jvdiana.de\/cm\/wp-content\/uploads\/2025\/04\/20250408_alter_Vorstand-1200x797.jpg 1200w, https:\/\/www.jvdiana.de\/cm\/wp-content\/uploads\/2025\/04\/20250408_alter_Vorstand-400x266.jpg 400w\" sizes=\"auto, (max-width: 900px) 100vw, 900px\" \/><p id=\"caption-attachment-1971\" class=\"wp-caption-text\">Der alte Vorstand bis zur JHV am 08.04.2025, v.l.n.r. Andreas Becker (2. Vorsitzender), Marcel Huder (stellv. Schriftf\u00fchrer), Astrid Schneider-Heil (1. Vorsitzende), Dominik H\u00fcfner (Kassierer), Georg K\u00e4smann (stellv. Kassierer), Dr. Sebastian K\u00fchn (Schriftf\u00fchrer), Foto: Matthias Bender<\/p><\/div>\n<div id=\"attachment_1973\" style=\"width: 910px\" class=\"wp-caption alignnone\"><img loading=\"lazy\" decoding=\"async\" aria-describedby=\"caption-attachment-1973\" class=\"size-large wp-image-1973\" src=\"https:\/\/www.jvdiana.de\/cm\/wp-content\/uploads\/2025\/04\/20250408_Ehrungen_JHV-1024x680.jpg\" alt=\"Die geehrten, v.l.n.r. Wolfgang Lampa, Josef Kn\u00fcttel, Georg Laibach, Matthias F\u00f6rster, G\u00fcnter Bache, 1. Vorsitzende Astrid Schneider-Heil, Hans-Ludwig Leubecher, Foto: Matthias Bender\" width=\"900\" height=\"598\" srcset=\"https:\/\/www.jvdiana.de\/cm\/wp-content\/uploads\/2025\/04\/20250408_Ehrungen_JHV-1024x680.jpg 1024w, https:\/\/www.jvdiana.de\/cm\/wp-content\/uploads\/2025\/04\/20250408_Ehrungen_JHV-300x199.jpg 300w, https:\/\/www.jvdiana.de\/cm\/wp-content\/uploads\/2025\/04\/20250408_Ehrungen_JHV-768x510.jpg 768w, https:\/\/www.jvdiana.de\/cm\/wp-content\/uploads\/2025\/04\/20250408_Ehrungen_JHV-1536x1020.jpg 1536w, https:\/\/www.jvdiana.de\/cm\/wp-content\/uploads\/2025\/04\/20250408_Ehrungen_JHV-2048x1360.jpg 2048w, https:\/\/www.jvdiana.de\/cm\/wp-content\/uploads\/2025\/04\/20250408_Ehrungen_JHV-150x100.jpg 150w, https:\/\/www.jvdiana.de\/cm\/wp-content\/uploads\/2025\/04\/20250408_Ehrungen_JHV-1200x797.jpg 1200w, https:\/\/www.jvdiana.de\/cm\/wp-content\/uploads\/2025\/04\/20250408_Ehrungen_JHV-400x266.jpg 400w\" sizes=\"auto, (max-width: 900px) 100vw, 900px\" \/><p id=\"caption-attachment-1973\" class=\"wp-caption-text\">Die geehrten, v.l.n.r. Wolfgang Lampa, Josef Kn\u00fcttel, Georg Laibach, Matthias F\u00f6rster, G\u00fcnter Bache, 1. Vorsitzende Astrid Schneider-Heil, Hans-Ludwig Leubecher, Foto: Matthias Bender<\/p><\/div>\n<p><strong>Ehrungen:<\/strong><\/p>\n<p><strong>25 Jahre Mitgliedschaft<\/strong><\/p>\n<p>Juan Estevez<br \/>\nThomas Dr\u00e4ger<br \/>\nG\u00fcnter Bache<br \/>\nHarald Fladung<br \/>\nGiuseppe Tranchina<br \/>\nRoland Sauer<\/p>\n<p><strong>40 Jahre Mitgliedschaft<\/strong><\/p>\n<p>Stephan M\u00f6ller<br \/>\nKlaus Schmidt<br \/>\nThomas Weber<br \/>\nAstrid Schneider-Heil<br \/>\nMichael Reich<br \/>\nGeorg Laibach<br \/>\nOskar Hess<br \/>\nJochen Wolff<br \/>\nOlaf Mohr<\/p>\n<p><strong>50 Jahre Mitgliedschaft<\/strong><\/p>\n<p>Hans-Ludwig Leubecher<br \/>\nUlrich Scholz<\/p>\n<p><strong>60 Jahre Mitgliedschaft<\/strong><\/p>\n<p>Josef Kn\u00fcttel<br \/>\nHelmut Leister<br \/>\nWolfgang Lampa<\/p>\n<p><strong>LJV Bronze<\/strong><\/p>\n<p>Matthias F\u00f6rster<\/p>\n<p>&nbsp;<\/p>\n<p><strong>Interessenten an Lehrg\u00e4ngen des Jagdvereins im Jahr 2025 werden gebeten sich direkt anzumelden:<\/strong><\/p>\n<h6>Jagdhornblasen: Georg Laibach, Pfaffstra\u00dfe 6, 36088 H\u00fcnfeld, Tel.: +49 6652 &#8211; 2276<br \/>\nHundef\u00fchrerlehrgang: Dominik H\u00fcfner, Auf der Eller 11, 36088 H\u00fcnfeld, Tel.: +49 6652 &#8211; 4849<br \/>\nFangjagdlehrgang und Jungj\u00e4gerausbildung: Patrick Figge, Brunnenstra\u00dfe 18, 36151 Burghaun, Tel.: +49 6652 &#8211; 4873<br \/>\nFalknerlehrgang: Michael Schanze, Birkenstra\u00dfe 10, 36166 Haunetal-Krupsis, Tel.: +49 152 &#8211; 09776980<br \/>\nSchie\u00dfstandbuchung: Markus Neuland, Am Silgesberg 3, 36167 N\u00fcsttal, Tel.: +49 6652 &#8211; 74 172<br \/>\nPlatzwart: Manfred Weinmeister, Am \u00d6lberg 10, 36088 H\u00fcnfeld-Dammersbach Tel.: +49 6652 &#8211; 55 61<\/h6>\n","protected":false},"excerpt":{"rendered":"<p>Am 08.04.2025 fand in der Gastst\u00e4tte zum Goldenen Stern in Gro\u00dfenbach die Jahreshauptversammlung des Jagdvereins Diana H\u00fcnfeld statt. 1. Vorsitzende Astrid Schneider-Heil er\u00f6ffnete die Versammlung und begr\u00fc\u00dfte die Anwesenden Vereinsmitglieder. Das Jagdhornbl\u00e4serkorps unter Leitung von Georg Laibach umrahmte mit den Signalen \u201eSammeln der J\u00e4ger\u201c und &#8222;Begr\u00fc\u00dfung&#8220;. Nach Feststellung der satzungsgem\u00e4\u00dfen&#8230;<\/p>\n<p> <a class=\"continue-reading-link\" href=\"https:\/\/www.jvdiana.de\/cm\/2025\/04\/13\/jahreshauptversammlung-am-08-04-2025-in-grossenbach\/\"><span>Weiterlesen&#8230;<\/span><i class=\"crycon-right-dir\"><\/i><\/a> <\/p>\n","protected":false},"author":1,"featured_media":1973,"comment_status":"closed","ping_status":"open","sticky":false,"template":"","format":"standard","meta":{"footnotes":""},"categories":[1,17,19],"tags":[],"class_list":["post-1975","post","type-post","status-publish","format-standard","has-post-thumbnail","hentry","category-allgemein","category-veranstaltungen","category-wissenswertes"],"_links":{"self":[{"href":"https:\/\/www.jvdiana.de\/cm\/wp-json\/wp\/v2\/posts\/1975","targetHints":{"allow":["GET"]}}],"collection":[{"href":"https:\/\/www.jvdiana.de\/cm\/wp-json\/wp\/v2\/posts"}],"about":[{"href":"https:\/\/www.jvdiana.de\/cm\/wp-json\/wp\/v2\/types\/post"}],"author":[{"embeddable":true,"href":"https:\/\/www.jvdiana.de\/cm\/wp-json\/wp\/v2\/users\/1"}],"replies":[{"embeddable":true,"href":"https:\/\/www.jvdiana.de\/cm\/wp-json\/wp\/v2\/comments?post=1975"}],"version-history":[{"count":1,"href":"https:\/\/www.jvdiana.de\/cm\/wp-json\/wp\/v2\/posts\/1975\/revisions"}],"predecessor-version":[{"id":1976,"href":"https:\/\/www.jvdiana.de\/cm\/wp-json\/wp\/v2\/posts\/1975\/revisions\/1976"}],"wp:featuredmedia":[{"embeddable":true,"href":"https:\/\/www.jvdiana.de\/cm\/wp-json\/wp\/v2\/media\/1973"}],"wp:attachment":[{"href":"https:\/\/www.jvdiana.de\/cm\/wp-json\/wp\/v2\/media?parent=1975"}],"wp:term":[{"taxonomy":"category","embeddable":true,"href":"https:\/\/www.jvdiana.de\/cm\/wp-json\/wp\/v2\/categories?post=1975"},{"taxonomy":"post_tag","embeddable":true,"href":"https:\/\/www.jvdiana.de\/cm\/wp-json\/wp\/v2\/tags?post=1975"}],"curies":[{"name":"wp","href":"https:\/\/api.w.org\/{rel}","templated":true}]}}