{"id":1995,"date":"2025-06-01T21:44:18","date_gmt":"2025-06-01T19:44:18","guid":{"rendered":"https:\/\/www.jvdiana.de\/cm\/?p=1995"},"modified":"2025-06-01T21:44:18","modified_gmt":"2025-06-01T19:44:18","slug":"verabschiedung-von-georg-kaesmann-und-andreas-becker-aus-dem-vorstand","status":"publish","type":"post","link":"https:\/\/www.jvdiana.de\/cm\/2025\/06\/01\/verabschiedung-von-georg-kaesmann-und-andreas-becker-aus-dem-vorstand\/","title":{"rendered":"Verabschiedung von Georg K\u00e4smann und Andreas Becker aus dem Vorstand"},"content":{"rendered":"<div id=\"attachment_1996\" style=\"width: 910px\" class=\"wp-caption alignnone\"><img loading=\"lazy\" decoding=\"async\" aria-describedby=\"caption-attachment-1996\" class=\"size-large wp-image-1996\" src=\"https:\/\/www.jvdiana.de\/cm\/wp-content\/uploads\/2025\/06\/20250515_verabschiedung_georg_kaesmann_andreas_becker-1024x680.jpg\" alt=\"v.l.n.r.: Dr. Sebastian K\u00fchn, Dominik H\u00fcfner, Georg K\u00e4smann, Astrid Schneider-Heil und Christopher H\u00fcfner, Foto: Matthias Bender\" width=\"900\" height=\"598\" srcset=\"https:\/\/www.jvdiana.de\/cm\/wp-content\/uploads\/2025\/06\/20250515_verabschiedung_georg_kaesmann_andreas_becker-1024x680.jpg 1024w, https:\/\/www.jvdiana.de\/cm\/wp-content\/uploads\/2025\/06\/20250515_verabschiedung_georg_kaesmann_andreas_becker-300x199.jpg 300w, https:\/\/www.jvdiana.de\/cm\/wp-content\/uploads\/2025\/06\/20250515_verabschiedung_georg_kaesmann_andreas_becker-768x510.jpg 768w, https:\/\/www.jvdiana.de\/cm\/wp-content\/uploads\/2025\/06\/20250515_verabschiedung_georg_kaesmann_andreas_becker-1536x1020.jpg 1536w, https:\/\/www.jvdiana.de\/cm\/wp-content\/uploads\/2025\/06\/20250515_verabschiedung_georg_kaesmann_andreas_becker-2048x1360.jpg 2048w, https:\/\/www.jvdiana.de\/cm\/wp-content\/uploads\/2025\/06\/20250515_verabschiedung_georg_kaesmann_andreas_becker-150x100.jpg 150w, https:\/\/www.jvdiana.de\/cm\/wp-content\/uploads\/2025\/06\/20250515_verabschiedung_georg_kaesmann_andreas_becker-1200x797.jpg 1200w, https:\/\/www.jvdiana.de\/cm\/wp-content\/uploads\/2025\/06\/20250515_verabschiedung_georg_kaesmann_andreas_becker-400x266.jpg 400w\" sizes=\"auto, (max-width: 900px) 100vw, 900px\" \/><p id=\"caption-attachment-1996\" class=\"wp-caption-text\">v.l.n.r.: Dr. Sebastian K\u00fchn, Dominik H\u00fcfner, Georg K\u00e4smann, Astrid Schneider-Heil und Christopher H\u00fcfner, es fehlt Andreas Becker, Foto: Matthias Bender<\/p><\/div>\n<p>Am 15. Mai 2025 traf sich der Vorstand des Jagdverein Diana H\u00fcnfeld zur Verabschiedung von Andreas Becker und Georg K\u00e4smann aus der aktiven Vorstandsarbeit.<\/p>\n<p>Georg K\u00e4smann ist seit 2009 Mitglied im Jagdverein und war seit April 2013 im Vorstand als Stellvertretender Kassierer aktiv. Im April 2017 \u00fcbernahm er die Funktion des Kassierers von Joerg Hartmann. Georg K\u00e4smann unterst\u00fctzte den Vorstand stets mit seinem jagdlichen und betriebswirtschaftlichen Fachwissen. Neben der Aufgabe als Kassierer engagierte er sich auch in der \u00d6ffentlichkeitsarbeit und f\u00fcr die Anerkennung der Gemeinn\u00fctzigkeit des Jagdvereins.<\/p>\n<p>Andres Becker ist seit 2016 Mitglied im Verein und war seit April 2021 2. Vorsitzender. Sein Engagement galt der Entwicklung und \u00d6ffentlichkeitsarbeit des Vereins. Andreas Becker konnte leider nicht an der Verabschiedung teilnehmen.<\/p>\n<p>1. Vorsitzende, Astrid Schneider-Heil dankte Georg K\u00e4smann und Andreas Becker f\u00fcr deren Vorstandst\u00e4tigkeiten und w\u00fcnschte beiden f\u00fcr die Zukunft Alles Gute.<\/p>\n","protected":false},"excerpt":{"rendered":"<p>Am 15. Mai 2025 traf sich der Vorstand des Jagdverein Diana H\u00fcnfeld zur Verabschiedung von Andreas Becker und Georg K\u00e4smann aus der aktiven Vorstandsarbeit. Georg K\u00e4smann ist seit 2009 Mitglied im Jagdverein und war seit April 2013 im Vorstand als Stellvertretender Kassierer aktiv. Im April 2017 \u00fcbernahm er die Funktion&#8230;<\/p>\n<p> <a class=\"continue-reading-link\" href=\"https:\/\/www.jvdiana.de\/cm\/2025\/06\/01\/verabschiedung-von-georg-kaesmann-und-andreas-becker-aus-dem-vorstand\/\"><span>Weiterlesen&#8230;<\/span><i class=\"crycon-right-dir\"><\/i><\/a> <\/p>\n","protected":false},"author":1,"featured_media":1996,"comment_status":"closed","ping_status":"open","sticky":false,"template":"","format":"standard","meta":{"footnotes":""},"categories":[1,17,19],"tags":[],"class_list":["post-1995","post","type-post","status-publish","format-standard","has-post-thumbnail","hentry","category-allgemein","category-veranstaltungen","category-wissenswertes"],"_links":{"self":[{"href":"https:\/\/www.jvdiana.de\/cm\/wp-json\/wp\/v2\/posts\/1995","targetHints":{"allow":["GET"]}}],"collection":[{"href":"https:\/\/www.jvdiana.de\/cm\/wp-json\/wp\/v2\/posts"}],"about":[{"href":"https:\/\/www.jvdiana.de\/cm\/wp-json\/wp\/v2\/types\/post"}],"author":[{"embeddable":true,"href":"https:\/\/www.jvdiana.de\/cm\/wp-json\/wp\/v2\/users\/1"}],"replies":[{"embeddable":true,"href":"https:\/\/www.jvdiana.de\/cm\/wp-json\/wp\/v2\/comments?post=1995"}],"version-history":[{"count":1,"href":"https:\/\/www.jvdiana.de\/cm\/wp-json\/wp\/v2\/posts\/1995\/revisions"}],"predecessor-version":[{"id":1997,"href":"https:\/\/www.jvdiana.de\/cm\/wp-json\/wp\/v2\/posts\/1995\/revisions\/1997"}],"wp:featuredmedia":[{"embeddable":true,"href":"https:\/\/www.jvdiana.de\/cm\/wp-json\/wp\/v2\/media\/1996"}],"wp:attachment":[{"href":"https:\/\/www.jvdiana.de\/cm\/wp-json\/wp\/v2\/media?parent=1995"}],"wp:term":[{"taxonomy":"category","embeddable":true,"href":"https:\/\/www.jvdiana.de\/cm\/wp-json\/wp\/v2\/categories?post=1995"},{"taxonomy":"post_tag","embeddable":true,"href":"https:\/\/www.jvdiana.de\/cm\/wp-json\/wp\/v2\/tags?post=1995"}],"curies":[{"name":"wp","href":"https:\/\/api.w.org\/{rel}","templated":true}]}}