{"id":2008,"date":"2025-07-28T11:50:46","date_gmt":"2025-07-28T09:50:46","guid":{"rendered":"https:\/\/www.jvdiana.de\/cm\/?p=2008"},"modified":"2025-07-28T11:50:46","modified_gmt":"2025-07-28T09:50:46","slug":"neubestellung-der-kreisjagdberater-und-rotwild-sachkundigen","status":"publish","type":"post","link":"https:\/\/www.jvdiana.de\/cm\/2025\/07\/28\/neubestellung-der-kreisjagdberater-und-rotwild-sachkundigen\/","title":{"rendered":"Neubestellung der Kreisjagdberater und Rotwild-Sachkundigen"},"content":{"rendered":"<div id=\"attachment_2010\" style=\"width: 910px\" class=\"wp-caption alignnone\"><img loading=\"lazy\" decoding=\"async\" aria-describedby=\"caption-attachment-2010\" class=\"size-large wp-image-2010\" src=\"https:\/\/www.jvdiana.de\/cm\/wp-content\/uploads\/2025\/07\/20250630_kreisjagdberater_02-1024x683.jpeg\" alt=\"v.l.n.r.: Matthias Paschen-Hartmann, David N\u00f6llenheidt (Sachkundiger Rotwild), dessen Stellvertreter Peter Neidhardt, Markus Hillenbrand (Kreisjagdberater Altkreis H\u00fcnfeld und Ulstergrund), Dr. Robert Behr (Kreisjagdberater Landkreis Fulda), Erster Kreisbeigeordneter Frederik Schmitt sowie Michael Wehner und Larissa Trabert von der Unteren Jagdbeh\u00f6rde des Landkreises, Foto: Sebastian Mannert\" width=\"900\" height=\"600\" srcset=\"https:\/\/www.jvdiana.de\/cm\/wp-content\/uploads\/2025\/07\/20250630_kreisjagdberater_02-1024x683.jpeg 1024w, https:\/\/www.jvdiana.de\/cm\/wp-content\/uploads\/2025\/07\/20250630_kreisjagdberater_02-300x200.jpeg 300w, https:\/\/www.jvdiana.de\/cm\/wp-content\/uploads\/2025\/07\/20250630_kreisjagdberater_02-768x512.jpeg 768w, https:\/\/www.jvdiana.de\/cm\/wp-content\/uploads\/2025\/07\/20250630_kreisjagdberater_02-150x100.jpeg 150w, https:\/\/www.jvdiana.de\/cm\/wp-content\/uploads\/2025\/07\/20250630_kreisjagdberater_02-1200x801.jpeg 1200w, https:\/\/www.jvdiana.de\/cm\/wp-content\/uploads\/2025\/07\/20250630_kreisjagdberater_02-400x267.jpeg 400w, https:\/\/www.jvdiana.de\/cm\/wp-content\/uploads\/2025\/07\/20250630_kreisjagdberater_02.jpeg 1280w\" sizes=\"auto, (max-width: 900px) 100vw, 900px\" \/><p id=\"caption-attachment-2010\" class=\"wp-caption-text\">v.l.n.r.: Matthias Paschen-Hartmann, David N\u00f6llenheidt (Sachkundiger Rotwild), dessen Stellvertreter Peter Neidhardt, Markus Hillenbrand (Kreisjagdberater Altkreis H\u00fcnfeld und Ulstergrund), Dr. Robert Behr (Kreisjagdberater Landkreis Fulda), Erster Kreisbeigeordneter Frederik Schmitt sowie Michael Wehner und Larissa Trabert von der Unteren Jagdbeh\u00f6rde des Landkreises, Foto: Sebastian Mannert<\/p><\/div>\n<p>Am 30. Juni 2025 erfolgte die turnusgem\u00e4\u00dfe Bestellung neuer Kreisjagdberater und Sachkundiger f\u00fcr Rotwild im Landkreis Fulda. Der Erste Kreisbeigeordnete Frederik Schmitt \u00fcbertrug die \u00c4mter f\u00fcr die kommenden vier Jahre an Dr. Robert Behr und Markus Hillenbrand als Kreisjagdberater sowie an David N\u00f6llenheidt als Sachkundigen f\u00fcr Rotwild und dessen Stellvertreter Peter Neidhardt.<\/p>\n<p>Besonderer Dank galt dem bisherigen Kreisjagdberater J\u00fcrgen Manns, dem Schmitt f\u00fcr \u00fcber zwei Jahrzehnte engagierten Einsatz herzlich verabschiedete.<\/p>\n<div id=\"attachment_2009\" style=\"width: 910px\" class=\"wp-caption alignnone\"><img loading=\"lazy\" decoding=\"async\" aria-describedby=\"caption-attachment-2009\" class=\"size-large wp-image-2009\" src=\"https:\/\/www.jvdiana.de\/cm\/wp-content\/uploads\/2025\/07\/20250630_kreisjagdberater_01-1024x683.jpeg\" alt=\"v.l.n.r.: Matthias Paschen-Hartmann (Fachdienstleiter Ordnungswesen beim Landkreis Fulda, von links), Erster Kreisbeigeordneter Frederik Schmitt, J\u00fcrgen Manns (Kreisjagdberater seit 2004), Michael Wehner und Larissa Trabert von der Unteren Jagdbeh\u00f6rde des Landkreises Fulda, Foto: Sebastian Mannert\" width=\"900\" height=\"600\" srcset=\"https:\/\/www.jvdiana.de\/cm\/wp-content\/uploads\/2025\/07\/20250630_kreisjagdberater_01-1024x683.jpeg 1024w, https:\/\/www.jvdiana.de\/cm\/wp-content\/uploads\/2025\/07\/20250630_kreisjagdberater_01-300x200.jpeg 300w, https:\/\/www.jvdiana.de\/cm\/wp-content\/uploads\/2025\/07\/20250630_kreisjagdberater_01-768x512.jpeg 768w, https:\/\/www.jvdiana.de\/cm\/wp-content\/uploads\/2025\/07\/20250630_kreisjagdberater_01-150x100.jpeg 150w, https:\/\/www.jvdiana.de\/cm\/wp-content\/uploads\/2025\/07\/20250630_kreisjagdberater_01-1200x801.jpeg 1200w, https:\/\/www.jvdiana.de\/cm\/wp-content\/uploads\/2025\/07\/20250630_kreisjagdberater_01-400x267.jpeg 400w, https:\/\/www.jvdiana.de\/cm\/wp-content\/uploads\/2025\/07\/20250630_kreisjagdberater_01.jpeg 1280w\" sizes=\"auto, (max-width: 900px) 100vw, 900px\" \/><p id=\"caption-attachment-2009\" class=\"wp-caption-text\">v.l.n.r.: Matthias Paschen-Hartmann (Fachdienstleiter Ordnungswesen beim Landkreis Fulda, von links), Erster Kreisbeigeordneter Frederik Schmitt, J\u00fcrgen Manns (Kreisjagdberater seit 2004), Michael Wehner und Larissa Trabert von der Unteren Jagdbeh\u00f6rde des Landkreises Fulda, Foto: Sebastian Mannert<\/p><\/div>\n<p>Zur fachlichen Beratung der Unteren Jagdbeh\u00f6rde werden im Landkreis Fulda regelm\u00e4\u00dfig Kreisjagdberater bestellt. Das Amt ist zweigeteilt: F\u00fcr den Altkreis H\u00fcnfeld inklusive Ulstergrund und f\u00fcr den \u00fcbrigen Landkreis Fulda wird jeweils ein Experte alle vier Jahre berufen.<\/p>\n<p>J\u00fcrgen Manns aus Burghaun war seit 2004 als Berater f\u00fcr H\u00fcnfeld und Ulstergrund t\u00e4tig und \u00fcbernahm 2023 zus\u00e4tzlich die Aufgaben f\u00fcr den Restkreis Fulda.<\/p>\n<p>Im Rahmen einer Feierstunde wurde Manns von Frederik Schmitt und Michael Wehner (Untere Jagdbeh\u00f6rde) offiziell verabschiedet. Beide w\u00fcrdigten seinen Einsatz mit den Worten: <em>\u201eSie waren f\u00fcr die J\u00e4gerschaft und den Landkreis Fulda eine verl\u00e4ssliche Gr\u00f6\u00dfe.\u201c<\/em><\/p>\n<p><strong>Die neuen Amtsinhaber:<\/strong><\/p>\n<ul>\n<li>F\u00fcr H\u00fcnfeld und Ulstergrund: <strong>Markus Hillenbrand<\/strong> aus H\u00fcnfeld<\/li>\n<li>F\u00fcr den \u00fcbrigen Kreis: <strong>Dr. Robert Behr<\/strong> aus Petersberg<\/li>\n<li>Als Rotwild-Sachkundiger der Hegegemeinschaft Gieseler Forst: <strong>David N\u00f6llenheidt<\/strong>, bereits zum f\u00fcnften Mal berufen<\/li>\n<li>Stellvertreter: <strong>Peter Neidhardt<\/strong> aus Flieden<\/li>\n<\/ul>\n<p>Musikalisch umrahmt wurde die Veranstaltung von den Jagdhornbl\u00e4sern des Jagdvereins Diana H\u00fcnfeld e.V.<\/p>\n","protected":false},"excerpt":{"rendered":"<p>Am 30. Juni 2025 erfolgte die turnusgem\u00e4\u00dfe Bestellung neuer Kreisjagdberater und Sachkundiger f\u00fcr Rotwild im Landkreis Fulda. Der Erste Kreisbeigeordnete Frederik Schmitt \u00fcbertrug die \u00c4mter f\u00fcr die kommenden vier Jahre an Dr. Robert Behr und Markus Hillenbrand als Kreisjagdberater sowie an David N\u00f6llenheidt als Sachkundigen f\u00fcr Rotwild und dessen Stellvertreter&#8230;<\/p>\n<p> <a class=\"continue-reading-link\" href=\"https:\/\/www.jvdiana.de\/cm\/2025\/07\/28\/neubestellung-der-kreisjagdberater-und-rotwild-sachkundigen\/\"><span>Weiterlesen&#8230;<\/span><i class=\"crycon-right-dir\"><\/i><\/a> <\/p>\n","protected":false},"author":1,"featured_media":2010,"comment_status":"closed","ping_status":"open","sticky":false,"template":"","format":"standard","meta":{"footnotes":""},"categories":[1,20,17,19],"tags":[],"class_list":["post-2008","post","type-post","status-publish","format-standard","has-post-thumbnail","hentry","category-allgemein","category-naturschutz","category-veranstaltungen","category-wissenswertes"],"_links":{"self":[{"href":"https:\/\/www.jvdiana.de\/cm\/wp-json\/wp\/v2\/posts\/2008","targetHints":{"allow":["GET"]}}],"collection":[{"href":"https:\/\/www.jvdiana.de\/cm\/wp-json\/wp\/v2\/posts"}],"about":[{"href":"https:\/\/www.jvdiana.de\/cm\/wp-json\/wp\/v2\/types\/post"}],"author":[{"embeddable":true,"href":"https:\/\/www.jvdiana.de\/cm\/wp-json\/wp\/v2\/users\/1"}],"replies":[{"embeddable":true,"href":"https:\/\/www.jvdiana.de\/cm\/wp-json\/wp\/v2\/comments?post=2008"}],"version-history":[{"count":1,"href":"https:\/\/www.jvdiana.de\/cm\/wp-json\/wp\/v2\/posts\/2008\/revisions"}],"predecessor-version":[{"id":2011,"href":"https:\/\/www.jvdiana.de\/cm\/wp-json\/wp\/v2\/posts\/2008\/revisions\/2011"}],"wp:featuredmedia":[{"embeddable":true,"href":"https:\/\/www.jvdiana.de\/cm\/wp-json\/wp\/v2\/media\/2010"}],"wp:attachment":[{"href":"https:\/\/www.jvdiana.de\/cm\/wp-json\/wp\/v2\/media?parent=2008"}],"wp:term":[{"taxonomy":"category","embeddable":true,"href":"https:\/\/www.jvdiana.de\/cm\/wp-json\/wp\/v2\/categories?post=2008"},{"taxonomy":"post_tag","embeddable":true,"href":"https:\/\/www.jvdiana.de\/cm\/wp-json\/wp\/v2\/tags?post=2008"}],"curies":[{"name":"wp","href":"https:\/\/api.w.org\/{rel}","templated":true}]}}