{"id":2012,"date":"2025-07-28T12:40:01","date_gmt":"2025-07-28T10:40:01","guid":{"rendered":"https:\/\/www.jvdiana.de\/cm\/?p=2012"},"modified":"2025-07-28T12:40:01","modified_gmt":"2025-07-28T10:40:01","slug":"natur-erleben-verantwortung-uebernehmen-jetzt-zum-jungjaegerkurs-anmelden","status":"publish","type":"post","link":"https:\/\/www.jvdiana.de\/cm\/2025\/07\/28\/natur-erleben-verantwortung-uebernehmen-jetzt-zum-jungjaegerkurs-anmelden\/","title":{"rendered":"Natur erleben, Verantwortung \u00fcbernehmen \u2013 Jetzt zum Jungj\u00e4gerkurs anmelden!"},"content":{"rendered":"<div id=\"attachment_1816\" style=\"width: 910px\" class=\"wp-caption alignnone\"><img loading=\"lazy\" decoding=\"async\" aria-describedby=\"caption-attachment-1816\" class=\"size-large wp-image-1816\" src=\"https:\/\/www.jvdiana.de\/cm\/wp-content\/uploads\/2024\/04\/2018-06_Pressefoto_Jungjaeger-Martinsohn-DJV-1024x683.jpg\" alt=\"Foto: Martinsohn \/ DJV\" width=\"900\" height=\"600\" srcset=\"https:\/\/www.jvdiana.de\/cm\/wp-content\/uploads\/2024\/04\/2018-06_Pressefoto_Jungjaeger-Martinsohn-DJV-1024x683.jpg 1024w, https:\/\/www.jvdiana.de\/cm\/wp-content\/uploads\/2024\/04\/2018-06_Pressefoto_Jungjaeger-Martinsohn-DJV-300x200.jpg 300w, https:\/\/www.jvdiana.de\/cm\/wp-content\/uploads\/2024\/04\/2018-06_Pressefoto_Jungjaeger-Martinsohn-DJV-768x512.jpg 768w, https:\/\/www.jvdiana.de\/cm\/wp-content\/uploads\/2024\/04\/2018-06_Pressefoto_Jungjaeger-Martinsohn-DJV-1536x1024.jpg 1536w, https:\/\/www.jvdiana.de\/cm\/wp-content\/uploads\/2024\/04\/2018-06_Pressefoto_Jungjaeger-Martinsohn-DJV-2048x1365.jpg 2048w, https:\/\/www.jvdiana.de\/cm\/wp-content\/uploads\/2024\/04\/2018-06_Pressefoto_Jungjaeger-Martinsohn-DJV-150x100.jpg 150w, https:\/\/www.jvdiana.de\/cm\/wp-content\/uploads\/2024\/04\/2018-06_Pressefoto_Jungjaeger-Martinsohn-DJV-1200x800.jpg 1200w, https:\/\/www.jvdiana.de\/cm\/wp-content\/uploads\/2024\/04\/2018-06_Pressefoto_Jungjaeger-Martinsohn-DJV-400x267.jpg 400w\" sizes=\"auto, (max-width: 900px) 100vw, 900px\" \/><p id=\"caption-attachment-1816\" class=\"wp-caption-text\">Foto: Martinsohn \/ DJV<\/p><\/div>\n<p>Der Jungj\u00e4gerkurs des Jagdverein Diana H\u00fcnfeld e.V. startet in die n\u00e4chste Runde und l\u00e4dt junge Naturbegeisterte ein, die Faszination der Jagd hautnah zu erleben. Der Umgang mit- und die sichere Handhabung der Jagdwaffen und das Jagdrecht, Kenntnisse \u00fcber die heimischen Wildtierarten, den Naturschutz, die Hege und den Jagdbetrieb werden vermittelt. Der Hund als wichtigster Begleiter des J\u00e4gers sowie die Behandlung des erlegten Wildes und das Erkennen von Wildkrankheiten sind weitere Lehrgangsinhalte. Nicht zuletzt durch die Vermittlung des jagdlichen Brauchtums werden Sie in diesem Lehrgang perfekt auf die Aus\u00fcbung des Waidwerks vorbereitet. Ziel ist es, jungen Menschen nicht nur die Jagdtechnik beizubringen, sondern ihnen auch ein tiefes Verst\u00e4ndnis f\u00fcr \u00f6kologische Zusammenh\u00e4nge und die Verantwortung gegen\u00fcber unserer Natur zu vermitteln.<\/p>\n<p>Der Kurs richtet sich insbesondere an Interessierte ab 16 Jahren &#8211; ob Sch\u00fcler, Studenten oder junge Berufst\u00e4tige. Inhalte wie Revierarbeit, Schie\u00dfausbildung, Wildbrethygiene und Artenkenntnis werden praxisorientiert vermittelt und durch erfahrene Ausbilder begleitet.<\/p>\n<p>Durch Blockunterricht in zweiw\u00f6chigem Turnus und den Schie\u00dfstand als Zentrale Ausbildungsst\u00e4tte konnte der Verein die Anfahrtszeiten und Fahrtkosten f\u00fcr die Teilnehmer auf ein Minimum reduzieren. Der Verein erm\u00f6glicht damit auch beruflich sehr engagierten Interessenten die Kursteilnahme. Ein mit vielen Exponaten ausgestatteter Schulungsraum auf dem Schie\u00dfstand macht den Unterricht attraktiver und das Wissen kann in direkter Kombination mit den praxisrelevanten Themen kompakter vermittelt werden.<\/p>\n<p>Interesse? Dann melden Sie sich noch heute f\u00fcr den Jungj\u00e4gerkurs des Jagdverein Diana H\u00fcnfeld in 2025 an.<\/p>\n<p><strong>Der Kurs startet am 15. August 2025<\/strong><\/p>\n<p>Interessenten erhalten weitere Informationen im Bereich <a href=\"https:\/\/www.jvdiana.de\/cm\/jungjaegerkurs\/\">Jungj\u00e4gerkurs.<\/a> Hier werden bereits h\u00e4ufig gestellte Fragen beantwortet. Sollten Sie dar\u00fcber hinaus noch weitere Fragen haben, z\u00f6gern Sie nicht unseren Lehrgangsleiter zu kontaktieren. Er ber\u00e4t Sie gerne und beantwortet Ihre Fragen:<\/p>\n<p><img loading=\"lazy\" decoding=\"async\" class=\"alignnone size-full wp-image-93\" src=\"https:\/\/www.jvdiana.de\/cm\/wp-content\/uploads\/2019\/07\/vorstand_patrick_figge.jpg\" alt=\"\" width=\"200\" height=\"250\" srcset=\"https:\/\/www.jvdiana.de\/cm\/wp-content\/uploads\/2019\/07\/vorstand_patrick_figge.jpg 200w, https:\/\/www.jvdiana.de\/cm\/wp-content\/uploads\/2019\/07\/vorstand_patrick_figge-120x150.jpg 120w\" sizes=\"auto, (max-width: 200px) 100vw, 200px\" \/><\/p>\n<p>Patrick Figge<br \/>\nTel.: +49 171 28 15 041<\/p>\n","protected":false},"excerpt":{"rendered":"<p>Der Jungj\u00e4gerkurs des Jagdverein Diana H\u00fcnfeld e.V. startet in die n\u00e4chste Runde und l\u00e4dt junge Naturbegeisterte ein, die Faszination der Jagd hautnah zu erleben. Der Umgang mit- und die sichere Handhabung der Jagdwaffen und das Jagdrecht, Kenntnisse \u00fcber die heimischen Wildtierarten, den Naturschutz, die Hege und den Jagdbetrieb werden vermittelt&#8230;.<\/p>\n<p> <a class=\"continue-reading-link\" href=\"https:\/\/www.jvdiana.de\/cm\/2025\/07\/28\/natur-erleben-verantwortung-uebernehmen-jetzt-zum-jungjaegerkurs-anmelden\/\"><span>Weiterlesen&#8230;<\/span><i class=\"crycon-right-dir\"><\/i><\/a> <\/p>\n","protected":false},"author":1,"featured_media":1816,"comment_status":"closed","ping_status":"open","sticky":false,"template":"","format":"standard","meta":{"footnotes":""},"categories":[1,10,18,20,17,19],"tags":[],"class_list":["post-2012","post","type-post","status-publish","format-standard","has-post-thumbnail","hentry","category-allgemein","category-jungjaeger","category-lehrgaenge","category-naturschutz","category-veranstaltungen","category-wissenswertes"],"_links":{"self":[{"href":"https:\/\/www.jvdiana.de\/cm\/wp-json\/wp\/v2\/posts\/2012","targetHints":{"allow":["GET"]}}],"collection":[{"href":"https:\/\/www.jvdiana.de\/cm\/wp-json\/wp\/v2\/posts"}],"about":[{"href":"https:\/\/www.jvdiana.de\/cm\/wp-json\/wp\/v2\/types\/post"}],"author":[{"embeddable":true,"href":"https:\/\/www.jvdiana.de\/cm\/wp-json\/wp\/v2\/users\/1"}],"replies":[{"embeddable":true,"href":"https:\/\/www.jvdiana.de\/cm\/wp-json\/wp\/v2\/comments?post=2012"}],"version-history":[{"count":1,"href":"https:\/\/www.jvdiana.de\/cm\/wp-json\/wp\/v2\/posts\/2012\/revisions"}],"predecessor-version":[{"id":2013,"href":"https:\/\/www.jvdiana.de\/cm\/wp-json\/wp\/v2\/posts\/2012\/revisions\/2013"}],"wp:featuredmedia":[{"embeddable":true,"href":"https:\/\/www.jvdiana.de\/cm\/wp-json\/wp\/v2\/media\/1816"}],"wp:attachment":[{"href":"https:\/\/www.jvdiana.de\/cm\/wp-json\/wp\/v2\/media?parent=2012"}],"wp:term":[{"taxonomy":"category","embeddable":true,"href":"https:\/\/www.jvdiana.de\/cm\/wp-json\/wp\/v2\/categories?post=2012"},{"taxonomy":"post_tag","embeddable":true,"href":"https:\/\/www.jvdiana.de\/cm\/wp-json\/wp\/v2\/tags?post=2012"}],"curies":[{"name":"wp","href":"https:\/\/api.w.org\/{rel}","templated":true}]}}