{"id":2020,"date":"2025-08-29T14:37:52","date_gmt":"2025-08-29T12:37:52","guid":{"rendered":"https:\/\/www.jvdiana.de\/cm\/?p=2020"},"modified":"2025-08-29T14:37:52","modified_gmt":"2025-08-29T12:37:52","slug":"feierliche-verabschiedung-von-juergen-manns-durch-den-jagdverein-diana-huenfeld","status":"publish","type":"post","link":"https:\/\/www.jvdiana.de\/cm\/2025\/08\/29\/feierliche-verabschiedung-von-juergen-manns-durch-den-jagdverein-diana-huenfeld\/","title":{"rendered":"Feierliche Verabschiedung von J\u00fcrgen Manns durch den Jagdverein Diana H\u00fcnfeld"},"content":{"rendered":"<div id=\"attachment_2019\" style=\"width: 910px\" class=\"wp-caption alignnone\"><img loading=\"lazy\" decoding=\"async\" aria-describedby=\"caption-attachment-2019\" class=\"size-large wp-image-2019\" src=\"https:\/\/www.jvdiana.de\/cm\/wp-content\/uploads\/2025\/08\/DSC_0011-1-1024x680.jpg\" alt=\"v.l.n.r.: 1. Vorsitzende Astrid Schneider-Heil, J\u00fcrgen Manns, Ehefrau Sigrid Manns, Markus Hillenbrand und 2. Vorsitzender Christopher H\u00fcfner, Foto: Matthias Bender\" width=\"900\" height=\"598\" srcset=\"https:\/\/www.jvdiana.de\/cm\/wp-content\/uploads\/2025\/08\/DSC_0011-1-1024x680.jpg 1024w, https:\/\/www.jvdiana.de\/cm\/wp-content\/uploads\/2025\/08\/DSC_0011-1-300x199.jpg 300w, https:\/\/www.jvdiana.de\/cm\/wp-content\/uploads\/2025\/08\/DSC_0011-1-768x510.jpg 768w, https:\/\/www.jvdiana.de\/cm\/wp-content\/uploads\/2025\/08\/DSC_0011-1-1536x1020.jpg 1536w, https:\/\/www.jvdiana.de\/cm\/wp-content\/uploads\/2025\/08\/DSC_0011-1-2048x1360.jpg 2048w, https:\/\/www.jvdiana.de\/cm\/wp-content\/uploads\/2025\/08\/DSC_0011-1-150x100.jpg 150w, https:\/\/www.jvdiana.de\/cm\/wp-content\/uploads\/2025\/08\/DSC_0011-1-1200x797.jpg 1200w, https:\/\/www.jvdiana.de\/cm\/wp-content\/uploads\/2025\/08\/DSC_0011-1-400x266.jpg 400w\" sizes=\"auto, (max-width: 900px) 100vw, 900px\" \/><p id=\"caption-attachment-2019\" class=\"wp-caption-text\">v.l.n.r.: 1. Vorsitzende Astrid Schneider-Heil, J\u00fcrgen Manns, Ehefrau Sigrid Manns, Markus Hillenbrand und 2. Vorsitzender Christopher H\u00fcfner, Foto: Matthias Bender<\/p><\/div>\n<p>Am Donnerstag, dem 28. August 2025, wurde J\u00fcrgen Manns, langj\u00e4hriger Kreisjagdberater, im Rahmen einer Feierstunde vom Vorstand des Jagdvereins Diana H\u00fcnfeld offiziell verabschiedet. Die formelle Verabschiedung durch den Landkreis hatte bereits Ende Juni im Landratsamt stattgefunden.<\/p>\n<p>Mehr als zwei Jahrzehnte lang pr\u00e4gte Manns mit seinem umfassenden Fachwissen die Funktion des Kreisjagdberaters. Innerhalb der J\u00e4gerschaft genie\u00dft er seit vielen Jahren hohes Ansehen und war dem Verein stets eine verl\u00e4ssliche St\u00fctze. Ob es um jagdpolitische Fragen, Diskussionen zu Abschusspl\u00e4nen, den Umgang mit dem Wolf oder die Waidgerechtigkeit ging \u2013 Manns \u00fcberzeugte mit Sachverstand und Fingerspitzengef\u00fchl, selbst bei kontroversen Themen.<\/p>\n<p>Seit dem Erwerb seines Jagdscheins im Jahr 1968 blickt der P\u00e4dagoge auf \u00fcber 60 Jahre jagdliche Erfahrung zur\u00fcck. Besonders engagiert zeigte er sich in der Ausbildung von Jungj\u00e4gern und Jagdhunden. In zahlreichen Kursen vermittelte er die Inhalte zu Jagdpraxis, Brauchtum und Naturschutz stets anschaulich, verst\u00e4ndlich \u2013 und mit einer Prise Humor.<\/p>\n<p>Seine frei gehaltenen Jahresberichte auf den Jahreshauptversammlungen boten regelm\u00e4\u00dfig fundierte Einblicke in komplexe jagdliche Zusammenh\u00e4nge. Sie regten zum Nachdenken an und er\u00f6ffneten neue Perspektiven \u2013 ein wertvoller Beitrag in einer Zeit, in der das gesellschaftliche Bild der Jagd zunehmend differenzierter wird.<\/p>\n<p>Auch bei Vorstandswahlen im Verein und in den Hegeringen war Manns eine feste Gr\u00f6\u00dfe. Als Wahlleiter agierte er souver\u00e4n, routiniert und effizient.<\/p>\n<p>Zum Nachfolger wurde Markus Hillenbrand ernannt. Der 48-J\u00e4hrige ist seit rund 20 Jahren im Besitz des Jagdscheins, f\u00fchrt zwei Deutsche Jagdterrier und blickt mit Vorfreude auf die neuen Aufgaben.<\/p>\n<p>Die 1. Vorsitzende Astrid Schneider-Heil dankte J\u00fcrgen Manns herzlich f\u00fcr sein langj\u00e4hriges Engagement und seinen unerm\u00fcdlichen Einsatz. Mit der ein oder anderen Anekdote, etwas J\u00e4gerlatein und einem pers\u00f6nlichen, humorvollen R\u00fcckblick auf seine Zeit als P\u00e4dagoge klang der Abend in geselliger Runde aus. Besonders Ehefrau Sigrid darf sich nun auf mehr gemeinsame Zeit mit ihrem J\u00fcrgen freuen.<\/p>\n","protected":false},"excerpt":{"rendered":"<p>Am Donnerstag, dem 28. August 2025, wurde J\u00fcrgen Manns, langj\u00e4hriger Kreisjagdberater, im Rahmen einer Feierstunde vom Vorstand des Jagdvereins Diana H\u00fcnfeld offiziell verabschiedet. Die formelle Verabschiedung durch den Landkreis hatte bereits Ende Juni im Landratsamt stattgefunden. Mehr als zwei Jahrzehnte lang pr\u00e4gte Manns mit seinem umfassenden Fachwissen die Funktion des&#8230;<\/p>\n<p> <a class=\"continue-reading-link\" href=\"https:\/\/www.jvdiana.de\/cm\/2025\/08\/29\/feierliche-verabschiedung-von-juergen-manns-durch-den-jagdverein-diana-huenfeld\/\"><span>Weiterlesen&#8230;<\/span><i class=\"crycon-right-dir\"><\/i><\/a> <\/p>\n","protected":false},"author":1,"featured_media":2019,"comment_status":"closed","ping_status":"open","sticky":false,"template":"","format":"standard","meta":{"footnotes":""},"categories":[1,10,18,20,17,19],"tags":[],"class_list":["post-2020","post","type-post","status-publish","format-standard","has-post-thumbnail","hentry","category-allgemein","category-jungjaeger","category-lehrgaenge","category-naturschutz","category-veranstaltungen","category-wissenswertes"],"_links":{"self":[{"href":"https:\/\/www.jvdiana.de\/cm\/wp-json\/wp\/v2\/posts\/2020","targetHints":{"allow":["GET"]}}],"collection":[{"href":"https:\/\/www.jvdiana.de\/cm\/wp-json\/wp\/v2\/posts"}],"about":[{"href":"https:\/\/www.jvdiana.de\/cm\/wp-json\/wp\/v2\/types\/post"}],"author":[{"embeddable":true,"href":"https:\/\/www.jvdiana.de\/cm\/wp-json\/wp\/v2\/users\/1"}],"replies":[{"embeddable":true,"href":"https:\/\/www.jvdiana.de\/cm\/wp-json\/wp\/v2\/comments?post=2020"}],"version-history":[{"count":2,"href":"https:\/\/www.jvdiana.de\/cm\/wp-json\/wp\/v2\/posts\/2020\/revisions"}],"predecessor-version":[{"id":2022,"href":"https:\/\/www.jvdiana.de\/cm\/wp-json\/wp\/v2\/posts\/2020\/revisions\/2022"}],"wp:featuredmedia":[{"embeddable":true,"href":"https:\/\/www.jvdiana.de\/cm\/wp-json\/wp\/v2\/media\/2019"}],"wp:attachment":[{"href":"https:\/\/www.jvdiana.de\/cm\/wp-json\/wp\/v2\/media?parent=2020"}],"wp:term":[{"taxonomy":"category","embeddable":true,"href":"https:\/\/www.jvdiana.de\/cm\/wp-json\/wp\/v2\/categories?post=2020"},{"taxonomy":"post_tag","embeddable":true,"href":"https:\/\/www.jvdiana.de\/cm\/wp-json\/wp\/v2\/tags?post=2020"}],"curies":[{"name":"wp","href":"https:\/\/api.w.org\/{rel}","templated":true}]}}