{"id":2031,"date":"2025-10-19T16:04:34","date_gmt":"2025-10-19T14:04:34","guid":{"rendered":"https:\/\/www.jvdiana.de\/cm\/?p=2031"},"modified":"2025-10-19T16:04:34","modified_gmt":"2025-10-19T14:04:34","slug":"erfolgreiche-jungjaegerpruefung-mit-traditionellem-jaegerschlag-gefeiert","status":"publish","type":"post","link":"https:\/\/www.jvdiana.de\/cm\/2025\/10\/19\/erfolgreiche-jungjaegerpruefung-mit-traditionellem-jaegerschlag-gefeiert\/","title":{"rendered":"Erfolgreiche Jungj\u00e4gerpr\u00fcfung mit traditionellem J\u00e4gerschlag gefeiert"},"content":{"rendered":"<div id=\"attachment_2032\" style=\"width: 910px\" class=\"wp-caption alignnone\"><img loading=\"lazy\" decoding=\"async\" aria-describedby=\"caption-attachment-2032\" class=\"size-large wp-image-2032\" src=\"https:\/\/www.jvdiana.de\/cm\/wp-content\/uploads\/2025\/10\/20251004_jaegerschlag_freigestellt-1024x353.jpg\" alt=\"v.l.n.r.: Patrick Dietz, Manuela Besse, Serafin Scholz, Tamara Glotzbach, Peter Senftleben, Michael Steinwachs (jagdl. Brauchtum), Christian Kress, Marcus Neuland (Schie\u00dfen), Christoph Besse (Jagdrecht), Tobias Schelkle, Rick Botts (Schie\u00dfen), Daniel Riebel, Anja Bilstein (Kynologie), Tristan Schneider, Nico Limpert, J\u00fcrgen Manns (Naturschutz), Patrick Figge (Waffenkunde, Schie\u00dfen), Roman Lohfink, Fynn Walter-Krisch, Ludwig Glotzbach (Land- und Waldbau), Foto: Tanja Schelkle\" width=\"900\" height=\"310\" srcset=\"https:\/\/www.jvdiana.de\/cm\/wp-content\/uploads\/2025\/10\/20251004_jaegerschlag_freigestellt-1024x353.jpg 1024w, https:\/\/www.jvdiana.de\/cm\/wp-content\/uploads\/2025\/10\/20251004_jaegerschlag_freigestellt-300x103.jpg 300w, https:\/\/www.jvdiana.de\/cm\/wp-content\/uploads\/2025\/10\/20251004_jaegerschlag_freigestellt-768x265.jpg 768w, https:\/\/www.jvdiana.de\/cm\/wp-content\/uploads\/2025\/10\/20251004_jaegerschlag_freigestellt-1536x529.jpg 1536w, https:\/\/www.jvdiana.de\/cm\/wp-content\/uploads\/2025\/10\/20251004_jaegerschlag_freigestellt-2048x706.jpg 2048w, https:\/\/www.jvdiana.de\/cm\/wp-content\/uploads\/2025\/10\/20251004_jaegerschlag_freigestellt-150x52.jpg 150w, https:\/\/www.jvdiana.de\/cm\/wp-content\/uploads\/2025\/10\/20251004_jaegerschlag_freigestellt-1200x413.jpg 1200w, https:\/\/www.jvdiana.de\/cm\/wp-content\/uploads\/2025\/10\/20251004_jaegerschlag_freigestellt-400x138.jpg 400w\" sizes=\"auto, (max-width: 900px) 100vw, 900px\" \/><p id=\"caption-attachment-2032\" class=\"wp-caption-text\">v.l.n.r.: Patrick Dietz, Manuela Besse, Serafin Scholz, Tamara Glotzbach, Peter Senftleben, Michael Steinwachs (jagdl. Brauchtum), Christian Kress, Marcus Neuland (Schie\u00dfen), Christoph Besse (Jagdrecht), Tobias Schelkle, Rick Botts (Schie\u00dfen), Daniel Riebel, Anja Bilstein (Kynologie), Tristan Schneider, Nico Limpert, J\u00fcrgen Manns (Naturschutz), Patrick Figge (Waffenkunde, Schie\u00dfen), Roman Lohfink, Fynn Walter-Krisch, Ludwig Glotzbach (Land- und Waldbau), Foto: Tanja Schelkle<\/p><\/div>\n<p>Von den dreizehn Teilnehmerinnen und Teilnehmern, die zur diesj\u00e4hrigen J\u00e4gerpr\u00fcfung angetreten sind, haben zehn die Pr\u00fcfung direkt im ersten Anlauf erfolgreich bestanden. Ein weiterer Pr\u00fcfling konnte die Nachpr\u00fcfung in Hessen meistern, ein anderer legte die Pr\u00fcfung inzwischen in einem anderen Bundesland ab. Eine Teilnehmerin plant, im kommenden Jahr erneut anzutreten.<\/p>\n<p>Nach einem gemeinsamen Essen fand der feierliche J\u00e4gerschlag statt \u2013 durchgef\u00fchrt von J\u00fcrgen Manns, dem ehemaligen Kreisjagdberater und langj\u00e4hrigen Ausbilder im Fach Naturschutz. In seiner letzten offiziellen Funktion als Ausbilder verabschiedete er die frischgebackenen Jungj\u00e4gerinnen und Jungj\u00e4ger mit den traditionellen Worten des Waidmannsheils und erinnerte an die Bedeutung und W\u00fcrde dieser Zeremonie.<\/p>\n<p>\u201eDer J\u00e4gerschlag ist mehr als nur ein symbolischer Akt \u2013 er steht f\u00fcr Verantwortung, Respekt vor der Natur und die Verpflichtung zu einem waidgerechten Handeln\u201c, betonte Manns in seiner Ansprache.<\/p>\n<p>In geselliger Runde und bei angeregten Gespr\u00e4chen lie\u00df man den Abend harmonisch ausklingen \u2013 ein w\u00fcrdiger Abschluss f\u00fcr einen bedeutenden Meilenstein im Leben der neuen J\u00e4gergeneration.<\/p>\n","protected":false},"excerpt":{"rendered":"<p>Von den dreizehn Teilnehmerinnen und Teilnehmern, die zur diesj\u00e4hrigen J\u00e4gerpr\u00fcfung angetreten sind, haben zehn die Pr\u00fcfung direkt im ersten Anlauf erfolgreich bestanden. Ein weiterer Pr\u00fcfling konnte die Nachpr\u00fcfung in Hessen meistern, ein anderer legte die Pr\u00fcfung inzwischen in einem anderen Bundesland ab. Eine Teilnehmerin plant, im kommenden Jahr erneut anzutreten&#8230;.<\/p>\n<p> <a class=\"continue-reading-link\" href=\"https:\/\/www.jvdiana.de\/cm\/2025\/10\/19\/erfolgreiche-jungjaegerpruefung-mit-traditionellem-jaegerschlag-gefeiert\/\"><span>Weiterlesen&#8230;<\/span><i class=\"crycon-right-dir\"><\/i><\/a> <\/p>\n","protected":false},"author":1,"featured_media":2032,"comment_status":"closed","ping_status":"open","sticky":false,"template":"","format":"standard","meta":{"footnotes":""},"categories":[1,10,18,20,17,19],"tags":[],"class_list":["post-2031","post","type-post","status-publish","format-standard","has-post-thumbnail","hentry","category-allgemein","category-jungjaeger","category-lehrgaenge","category-naturschutz","category-veranstaltungen","category-wissenswertes"],"_links":{"self":[{"href":"https:\/\/www.jvdiana.de\/cm\/wp-json\/wp\/v2\/posts\/2031","targetHints":{"allow":["GET"]}}],"collection":[{"href":"https:\/\/www.jvdiana.de\/cm\/wp-json\/wp\/v2\/posts"}],"about":[{"href":"https:\/\/www.jvdiana.de\/cm\/wp-json\/wp\/v2\/types\/post"}],"author":[{"embeddable":true,"href":"https:\/\/www.jvdiana.de\/cm\/wp-json\/wp\/v2\/users\/1"}],"replies":[{"embeddable":true,"href":"https:\/\/www.jvdiana.de\/cm\/wp-json\/wp\/v2\/comments?post=2031"}],"version-history":[{"count":1,"href":"https:\/\/www.jvdiana.de\/cm\/wp-json\/wp\/v2\/posts\/2031\/revisions"}],"predecessor-version":[{"id":2033,"href":"https:\/\/www.jvdiana.de\/cm\/wp-json\/wp\/v2\/posts\/2031\/revisions\/2033"}],"wp:featuredmedia":[{"embeddable":true,"href":"https:\/\/www.jvdiana.de\/cm\/wp-json\/wp\/v2\/media\/2032"}],"wp:attachment":[{"href":"https:\/\/www.jvdiana.de\/cm\/wp-json\/wp\/v2\/media?parent=2031"}],"wp:term":[{"taxonomy":"category","embeddable":true,"href":"https:\/\/www.jvdiana.de\/cm\/wp-json\/wp\/v2\/categories?post=2031"},{"taxonomy":"post_tag","embeddable":true,"href":"https:\/\/www.jvdiana.de\/cm\/wp-json\/wp\/v2\/tags?post=2031"}],"curies":[{"name":"wp","href":"https:\/\/api.w.org\/{rel}","templated":true}]}}