{"id":2048,"date":"2026-01-09T23:29:15","date_gmt":"2026-01-09T22:29:15","guid":{"rendered":"https:\/\/www.jvdiana.de\/cm\/?p=2048"},"modified":"2026-01-09T23:40:09","modified_gmt":"2026-01-09T22:40:09","slug":"verlaengerung-und-bestaetigung-jagdhaftpflichtversicherung-jagdverein-diana-huenfeld","status":"publish","type":"post","link":"https:\/\/www.jvdiana.de\/cm\/2026\/01\/09\/verlaengerung-und-bestaetigung-jagdhaftpflichtversicherung-jagdverein-diana-huenfeld\/","title":{"rendered":"Verl\u00e4ngerung und Best\u00e4tigung Jagdhaftpflichtversicherung Jagdverein Diana H\u00fcnfeld"},"content":{"rendered":"<p><img loading=\"lazy\" decoding=\"async\" class=\"alignnone wp-image-2055\" src=\"https:\/\/www.jvdiana.de\/cm\/wp-content\/uploads\/2026\/01\/jagdhaftpflicht2-683x1024.png\" alt=\"\" width=\"115\" height=\"172\" srcset=\"https:\/\/www.jvdiana.de\/cm\/wp-content\/uploads\/2026\/01\/jagdhaftpflicht2-683x1024.png 683w, https:\/\/www.jvdiana.de\/cm\/wp-content\/uploads\/2026\/01\/jagdhaftpflicht2-200x300.png 200w, https:\/\/www.jvdiana.de\/cm\/wp-content\/uploads\/2026\/01\/jagdhaftpflicht2-768x1152.png 768w, https:\/\/www.jvdiana.de\/cm\/wp-content\/uploads\/2026\/01\/jagdhaftpflicht2-100x150.png 100w, https:\/\/www.jvdiana.de\/cm\/wp-content\/uploads\/2026\/01\/jagdhaftpflicht2-400x600.png 400w, https:\/\/www.jvdiana.de\/cm\/wp-content\/uploads\/2026\/01\/jagdhaftpflicht2.png 1024w\" sizes=\"auto, (max-width: 115px) 100vw, 115px\" \/><\/p>\n<p>Liebe Jagdhaftpflicht-Versicherte des Jagdvereins Diana H\u00fcnfeld,<\/p>\n<p>aufgrund der Datenschutz-Grundverordnung, unserer \u201cveralteten\u201d Versicherungs-Datenbank und den in der Vergangenheit teilweise m\u00fcndlich erfolgten Datenaufnahmen ist die Verwaltung des Gruppen Rahmenvertrages unserer Jagdhaftpflichtversicherung mittlerweile sehr schwierig geworden. Um unsere verschiedenen Datens\u00e4tze zu synchronisieren und zu aktualisieren, nehmen wir nun eine einmalige Datenabfrage vor. Dies geschieht in Form eines von der Gothaer-Versicherung gew\u00fcnschten (und versicherungsrechtlich erforderlichen) Antrages.<\/p>\n<p>Wir bitten Sie daher, uns den <a href=\"https:\/\/www.jvdiana.de\/cm\/wp-content\/uploads\/2026\/01\/beitrittserklaerung_gruppen-JHV_Jagdverein_Diana_huenfeld_01_2026.pdf\">beiliegenden Blankoantrag<\/a> ausgef\u00fcllt per E-Mail an:\u00a0<a href=\"mailto:dominik.huefner@jv-diana.de\">dominik.huefner@jv-diana.de<\/a> oder per Post an: Dominik H\u00fcfner, Igelst\u00fcck 1, in 36100 Petersberg zu senden.<\/p>\n<p>Die Antr\u00e4ge sollten bis zum 25.Januar 2026 ausgef\u00fcllt zur\u00fcck erreichen, damit wir in der\u00a0letzten Januarwoche Versicherungsbest\u00e4tigungen versenden k\u00f6nnen. Am liebsten w\u00fcrden wir dies per E-Mail tun; sollten Sie diese weiterhin per Post w\u00fcnschen, dann teilen Sie uns dies bitte entsprechend mit.<\/p>\n<p>Generell k\u00f6nnen wir nur bei einem ausgef\u00fcllten Antrag mit den entsprechenden korrekten und aktuellen Daten eine Versicherungsbest\u00e4tigung ausstellen und somit gleichzeitig eine Aktualisierung durchf\u00fchren.<\/p>\n<p>Wir freuen uns auf Ihre\/eure R\u00fcckmeldung, w\u00fcnschen Waidmannsheil und frohes\u00a0neues und gesundes Jahr 2026!<\/p>\n<p>Der Vorstand<br \/>\ni.A. Dominik H\u00fcfner<\/p>\n<p>Waidmannsheil<\/p>\n<p><img loading=\"lazy\" decoding=\"async\" class=\"alignnone size-full wp-image-1624\" src=\"https:\/\/www.jvdiana.de\/cm\/wp-content\/uploads\/2023\/01\/vorstand_dominik_huefner.jpg\" alt=\"\" width=\"200\" height=\"250\" srcset=\"https:\/\/www.jvdiana.de\/cm\/wp-content\/uploads\/2023\/01\/vorstand_dominik_huefner.jpg 200w, https:\/\/www.jvdiana.de\/cm\/wp-content\/uploads\/2023\/01\/vorstand_dominik_huefner-120x150.jpg 120w\" sizes=\"auto, (max-width: 200px) 100vw, 200px\" \/><\/p>\n<p>Dominik H\u00fcfner<br \/>\n-Schatzmeister-<br \/>\n-Obmann Jagdhundewesen-<br \/>\n-Obmann Versicherungen-<\/p>\n<p>Mobil: +49 151 16 59 66 66<br \/>\nMail: <a href=\"mailto:dominik.huefner@jv-diana.de\">dominik.huefner@jv-diana.de<\/a><\/p>\n","protected":false},"excerpt":{"rendered":"<p>Liebe Jagdhaftpflicht-Versicherte des Jagdvereins Diana H\u00fcnfeld, aufgrund der Datenschutz-Grundverordnung, unserer \u201cveralteten\u201d Versicherungs-Datenbank und den in der Vergangenheit teilweise m\u00fcndlich erfolgten Datenaufnahmen ist die Verwaltung des Gruppen Rahmenvertrages unserer Jagdhaftpflichtversicherung mittlerweile sehr schwierig geworden. Um unsere verschiedenen Datens\u00e4tze zu synchronisieren und zu aktualisieren, nehmen wir nun eine einmalige Datenabfrage vor. Dies&#8230;<\/p>\n<p> <a class=\"continue-reading-link\" href=\"https:\/\/www.jvdiana.de\/cm\/2026\/01\/09\/verlaengerung-und-bestaetigung-jagdhaftpflichtversicherung-jagdverein-diana-huenfeld\/\"><span>Weiterlesen&#8230;<\/span><i class=\"crycon-right-dir\"><\/i><\/a> <\/p>\n","protected":false},"author":1,"featured_media":2055,"comment_status":"closed","ping_status":"open","sticky":false,"template":"","format":"standard","meta":{"footnotes":""},"categories":[1,19],"tags":[],"class_list":["post-2048","post","type-post","status-publish","format-standard","has-post-thumbnail","hentry","category-allgemein","category-wissenswertes"],"_links":{"self":[{"href":"https:\/\/www.jvdiana.de\/cm\/wp-json\/wp\/v2\/posts\/2048","targetHints":{"allow":["GET"]}}],"collection":[{"href":"https:\/\/www.jvdiana.de\/cm\/wp-json\/wp\/v2\/posts"}],"about":[{"href":"https:\/\/www.jvdiana.de\/cm\/wp-json\/wp\/v2\/types\/post"}],"author":[{"embeddable":true,"href":"https:\/\/www.jvdiana.de\/cm\/wp-json\/wp\/v2\/users\/1"}],"replies":[{"embeddable":true,"href":"https:\/\/www.jvdiana.de\/cm\/wp-json\/wp\/v2\/comments?post=2048"}],"version-history":[{"count":6,"href":"https:\/\/www.jvdiana.de\/cm\/wp-json\/wp\/v2\/posts\/2048\/revisions"}],"predecessor-version":[{"id":2057,"href":"https:\/\/www.jvdiana.de\/cm\/wp-json\/wp\/v2\/posts\/2048\/revisions\/2057"}],"wp:featuredmedia":[{"embeddable":true,"href":"https:\/\/www.jvdiana.de\/cm\/wp-json\/wp\/v2\/media\/2055"}],"wp:attachment":[{"href":"https:\/\/www.jvdiana.de\/cm\/wp-json\/wp\/v2\/media?parent=2048"}],"wp:term":[{"taxonomy":"category","embeddable":true,"href":"https:\/\/www.jvdiana.de\/cm\/wp-json\/wp\/v2\/categories?post=2048"},{"taxonomy":"post_tag","embeddable":true,"href":"https:\/\/www.jvdiana.de\/cm\/wp-json\/wp\/v2\/tags?post=2048"}],"curies":[{"name":"wp","href":"https:\/\/api.w.org\/{rel}","templated":true}]}}