{"id":2096,"date":"2026-04-26T13:16:06","date_gmt":"2026-04-26T11:16:06","guid":{"rendered":"https:\/\/www.jvdiana.de\/cm\/?p=2096"},"modified":"2026-04-26T13:16:06","modified_gmt":"2026-04-26T11:16:06","slug":"jahreshauptversammlung-am-21-04-2026-in-grossenbach","status":"publish","type":"post","link":"https:\/\/www.jvdiana.de\/cm\/2026\/04\/26\/jahreshauptversammlung-am-21-04-2026-in-grossenbach\/","title":{"rendered":"Jahreshauptversammlung am 21.04.2026 in Gro\u00dfenbach"},"content":{"rendered":"<div id=\"attachment_2100\" style=\"width: 910px\" class=\"wp-caption alignnone\"><img loading=\"lazy\" decoding=\"async\" aria-describedby=\"caption-attachment-2100\" class=\"size-large wp-image-2100\" src=\"https:\/\/www.jvdiana.de\/cm\/wp-content\/uploads\/2026\/04\/2026_jhv_blaesergruppe-1024x683.jpg\" alt=\"Feierliche Er\u00f6ffnung der Jahreshauptversammlung 2026 durch das Jagdhornbl\u00e4sercorps Diana H\u00fcnfeld. Foto: Matthias Bender\" width=\"900\" height=\"600\" srcset=\"https:\/\/www.jvdiana.de\/cm\/wp-content\/uploads\/2026\/04\/2026_jhv_blaesergruppe-1024x683.jpg 1024w, https:\/\/www.jvdiana.de\/cm\/wp-content\/uploads\/2026\/04\/2026_jhv_blaesergruppe-300x200.jpg 300w, https:\/\/www.jvdiana.de\/cm\/wp-content\/uploads\/2026\/04\/2026_jhv_blaesergruppe-768x512.jpg 768w, https:\/\/www.jvdiana.de\/cm\/wp-content\/uploads\/2026\/04\/2026_jhv_blaesergruppe-1536x1024.jpg 1536w, https:\/\/www.jvdiana.de\/cm\/wp-content\/uploads\/2026\/04\/2026_jhv_blaesergruppe-2048x1365.jpg 2048w, https:\/\/www.jvdiana.de\/cm\/wp-content\/uploads\/2026\/04\/2026_jhv_blaesergruppe-150x100.jpg 150w, https:\/\/www.jvdiana.de\/cm\/wp-content\/uploads\/2026\/04\/2026_jhv_blaesergruppe-1200x800.jpg 1200w, https:\/\/www.jvdiana.de\/cm\/wp-content\/uploads\/2026\/04\/2026_jhv_blaesergruppe-400x267.jpg 400w\" sizes=\"auto, (max-width: 900px) 100vw, 900px\" \/><p id=\"caption-attachment-2100\" class=\"wp-caption-text\">Feierliche Er\u00f6ffnung der Jahreshauptversammlung 2026 durch das Jagdhornbl\u00e4sercorps Diana H\u00fcnfeld. Foto: Matthias Bender<\/p><\/div>\n<p>Am 21.04.2026 fand in der Gastst\u00e4tte \u201eZum Goldenen Stern\u201c in Gro\u00dfenbach die Jahreshauptversammlung des Jagdvereins Diana H\u00fcnfeld statt. Die 1. Vorsitzende Astrid Schneider-Heil er\u00f6ffnete die Versammlung und begr\u00fc\u00dfte die anwesenden Mitglieder. Das Jagdhornbl\u00e4serkorps unter Leitung von Georg Laibach umrahmte die Er\u00f6ffnung mit den Signalen \u201eSammeln der J\u00e4ger\u201c und \u201eBegr\u00fc\u00dfung\u201c. Nach Feststellung der satzungsgem\u00e4\u00dfen Einladung wurde der verstorbenen Mitglieder mit den Jagdsignalen \u201eJagd vorbei\u201c und \u201eHalali\u201c gedacht. Mit dem \u201eJ\u00e4germarsch Nr. 3\u201c, dem \u201eHessischen J\u00e4germarsch\u201c und \u201eGru\u00df aus den Bergen\u201c trug die Bl\u00e4sergruppe drei weitere St\u00fccke vor.<\/p>\n<p>Astrid Schneider-Heil begr\u00fc\u00dfte die beiden Ehrenmitglieder Peter Lohfink und J\u00fcrgen Manns. In sechs Vorstandssitzungen (f\u00fcnf hybrid und eine vollst\u00e4ndig online) wurden die Angelegenheiten des Vereins mit derzeit 664 Mitgliedern koordiniert. Zum 01.01.2025 wurde die Gemeinn\u00fctzigkeit anerkannt; damit verbunden ist die steuerkonforme Dokumentation von Einnahmen und Ausgaben. Die Instandhaltung des Schie\u00dfstandes bleibt eine dauerhafte Aufgabe, um die regelm\u00e4\u00dfigen Pr\u00fcfungen durch den Schie\u00dfstandsachverst\u00e4ndigen zu erf\u00fcllen, einen sicheren Schie\u00dfbetrieb \u2013 unter anderem f\u00fcr Wettbewerbe \u2013 zu gew\u00e4hrleisten und die Attraktivit\u00e4t der Anlage zu erhalten. Ein F\u00f6rderantrag f\u00fcr die Erneuerung des \u201eLaufenden Keilers\u201c wurde aufgrund gek\u00fcrzter F\u00f6rdermittel abgelehnt; der Antrag wurde \u00fcberarbeitet und erneut eingereicht. F\u00f6rdermittel f\u00fcr die Anschaffung einer weiteren Drohne zur Kitzrettung sowie f\u00fcr die Digitalf\u00f6rderung im Ehrenamt konnten hingegen genutzt werden. Aus der Digitalf\u00f6rderung wurden unter anderem Beamer und Leinwand sowie eine neue Digitalkamera beschafft, die auch im Rahmen der Jahreshauptversammlung eingesetzt wurden. Neuer Kreisjagdberater ist Markus Hillenbrand. Zur St\u00e4rkung der \u00f6ffentlichen Wahrnehmung und zur Vereinspr\u00e4sentation wurde die Teilnahme am Hessentag 2026 in Fulda beschlossen.<\/p>\n<div id=\"attachment_2101\" style=\"width: 910px\" class=\"wp-caption alignnone\"><img loading=\"lazy\" decoding=\"async\" aria-describedby=\"caption-attachment-2101\" class=\"size-large wp-image-2101\" src=\"https:\/\/www.jvdiana.de\/cm\/wp-content\/uploads\/2026\/04\/2026_jhv_neues_roll-up-banner-1024x833.jpg\" alt=\"1. Vorsitzende Astrid Schneider-Heil pr\u00e4sentiert den neuen Roll-up-Banner f\u00fcr den Verein, der u.a. auch f\u00fcr die Pr\u00e4sentation des Vereins auf dem Hessentag 2026 in Fulda zum Einsatz kommt. Foto: Matthias Bender\" width=\"900\" height=\"732\" srcset=\"https:\/\/www.jvdiana.de\/cm\/wp-content\/uploads\/2026\/04\/2026_jhv_neues_roll-up-banner-1024x833.jpg 1024w, https:\/\/www.jvdiana.de\/cm\/wp-content\/uploads\/2026\/04\/2026_jhv_neues_roll-up-banner-300x244.jpg 300w, https:\/\/www.jvdiana.de\/cm\/wp-content\/uploads\/2026\/04\/2026_jhv_neues_roll-up-banner-768x624.jpg 768w, https:\/\/www.jvdiana.de\/cm\/wp-content\/uploads\/2026\/04\/2026_jhv_neues_roll-up-banner-1536x1249.jpg 1536w, https:\/\/www.jvdiana.de\/cm\/wp-content\/uploads\/2026\/04\/2026_jhv_neues_roll-up-banner-2048x1665.jpg 2048w, https:\/\/www.jvdiana.de\/cm\/wp-content\/uploads\/2026\/04\/2026_jhv_neues_roll-up-banner-150x122.jpg 150w, https:\/\/www.jvdiana.de\/cm\/wp-content\/uploads\/2026\/04\/2026_jhv_neues_roll-up-banner-1200x976.jpg 1200w, https:\/\/www.jvdiana.de\/cm\/wp-content\/uploads\/2026\/04\/2026_jhv_neues_roll-up-banner-400x325.jpg 400w\" sizes=\"auto, (max-width: 900px) 100vw, 900px\" \/><p id=\"caption-attachment-2101\" class=\"wp-caption-text\">1. Vorsitzende Astrid Schneider-Heil pr\u00e4sentiert den neuen Roll-up-Banner f\u00fcr den Verein, der u.a. auch f\u00fcr die Pr\u00e4sentation des Vereins auf dem Hessentag 2026 in Fulda zum Einsatz kommt. Foto: Matthias Bender<\/p><\/div>\n<p>Da Lehrgangsleiter Patrick Figge verhindert war, gab Astrid Schneider-Heil einen kurzen \u00dcberblick zur Jungj\u00e4gerausbildung. Im aktuellen Kurs 2025\/2026 nehmen 13 Jungj\u00e4gerinnen und Jungj\u00e4ger teil; die Schie\u00dfpr\u00fcfung wurde k\u00fcrzlich von allen Teilnehmenden erfolgreich absolviert. F\u00fcr die weiteren Pr\u00fcfungen w\u00fcnschte sie den Kursteilnehmenden viel Erfolg. F\u00fcr den Lehrgang 2026\/2027 liegen bereits neun Anmeldungen vor.<\/p>\n<p>Dominik H\u00fcfner berichtete \u00fcber die Einnahmen und Ausgaben des vergangenen Jahres. Aus Sicht des Kassierers ist der Schie\u00dfstand weiterhin ein erheblicher Kostenfaktor. F\u00fcr die Planung der Erneuerung des \u201eLaufenden Keilers\u201c wurde ein Architekt beauftragt. Die hierf\u00fcr anfallenden Kosten sind zun\u00e4chst vom Verein zu tragen, da der eingereichte F\u00f6rderantrag abgelehnt wurde.<\/p>\n<p>Georg Laibach berichtete, dass aus dem letzten Anf\u00e4ngerkurs im Jagdhornblasen vier Teilnehmende in das Jagdhornbl\u00e4serkorps \u00fcbernommen werden konnten. Jungj\u00e4gerausbilder Christoph Besse sowie der ehemalige Kreisjagdberater J\u00fcrgen Manns verst\u00e4rken die Gruppe ebenfalls, sodass das Korps bei der Jahreshauptversammlung erstmals in dieser Besetzung mit insgesamt 17 aktiven Jagdhornbl\u00e4sern auftrat. Laibach dankte den Nachwuchsbl\u00e4sern f\u00fcr die Unterst\u00fctzung und der Stadt H\u00fcnfeld f\u00fcr die Bereitstellung des Probenraums.<\/p>\n<p>Andreas Maul berichtete \u00fcber die Aktivit\u00e4ten der Schie\u00dfmannschaft. Die Sch\u00fctzen nahmen an zahlreichen Wettbewerben im Inland sowie an einem Wettbewerb in den Niederlanden teil. Hervorgehoben wurde das erfolgreiche Abschneiden bei der Landesmeisterschaft in Frankfurt am Main: Thomas Engelbrecht erreichte in der B-Klasse mit 291 Punkten den 3. Platz. F\u00fcr den 25. und 26. Juli 2026 ist ein \u201e30\/30-Schie\u00dfen\u201c mit Parcours geplant; am 18.10.2026 findet ein weiteres Parcourschie\u00dfen statt.<\/p>\n<p>Dominik H\u00fcfner leitet die Hundeausbildung gemeinsam mit Andreas Ritz. Im letzten Vorbereitungskurs wurden vier Hunde auf die Pr\u00fcfung vorbereitet; alle bestanden die Pr\u00fcfung erfolgreich. Im aktuellen Vorbereitungskurs befinden sich sieben Hunde. Die Pr\u00fcfung nach BPO findet am 03.10.2026 statt.<\/p>\n<p>Der neue Kreisjagdberater Markus Hillenbrand stellte sich der Versammlung vor und dankte seinem Vorg\u00e4nger J\u00fcrgen Manns, der ihm weiterhin f\u00fcr R\u00fcckfragen zur Verf\u00fcgung steht. Zudem hob Hillenbrand die gute Zusammenarbeit mit der unteren Jagdbeh\u00f6rde hervor. Er warb f\u00fcr die digitale Streckenmeldung, die den organisatorischen Aufwand reduzieren soll. Die Teilnahme am Wildmonitoring, das in Hessen vollst\u00e4ndig beim Landesjagdverband (LJV) liegt, sollte nach seiner Einsch\u00e4tzung f\u00fcr Revierinhaber selbstverst\u00e4ndlich sein.<\/p>\n<div id=\"attachment_2099\" style=\"width: 910px\" class=\"wp-caption alignnone\"><img loading=\"lazy\" decoding=\"async\" aria-describedby=\"caption-attachment-2099\" class=\"size-large wp-image-2099\" src=\"https:\/\/www.jvdiana.de\/cm\/wp-content\/uploads\/2026\/04\/2026_jhv_kreisjagdberater-1024x683.jpg\" alt=\"J\u00fcrgen Manns (links) unterst\u00fctzt seinen Nachfolger Markus Hillenbrand (rechts) gerne und steht ihm f\u00fcr R\u00fcckfragen zur Verf\u00fcgung. Foto: Matthias Bender\" width=\"900\" height=\"600\" srcset=\"https:\/\/www.jvdiana.de\/cm\/wp-content\/uploads\/2026\/04\/2026_jhv_kreisjagdberater-1024x683.jpg 1024w, https:\/\/www.jvdiana.de\/cm\/wp-content\/uploads\/2026\/04\/2026_jhv_kreisjagdberater-300x200.jpg 300w, https:\/\/www.jvdiana.de\/cm\/wp-content\/uploads\/2026\/04\/2026_jhv_kreisjagdberater-768x512.jpg 768w, https:\/\/www.jvdiana.de\/cm\/wp-content\/uploads\/2026\/04\/2026_jhv_kreisjagdberater-1536x1024.jpg 1536w, https:\/\/www.jvdiana.de\/cm\/wp-content\/uploads\/2026\/04\/2026_jhv_kreisjagdberater-2048x1365.jpg 2048w, https:\/\/www.jvdiana.de\/cm\/wp-content\/uploads\/2026\/04\/2026_jhv_kreisjagdberater-150x100.jpg 150w, https:\/\/www.jvdiana.de\/cm\/wp-content\/uploads\/2026\/04\/2026_jhv_kreisjagdberater-1200x800.jpg 1200w, https:\/\/www.jvdiana.de\/cm\/wp-content\/uploads\/2026\/04\/2026_jhv_kreisjagdberater-400x267.jpg 400w\" sizes=\"auto, (max-width: 900px) 100vw, 900px\" \/><p id=\"caption-attachment-2099\" class=\"wp-caption-text\">J\u00fcrgen Manns (links) unterst\u00fctzt seinen Nachfolger Markus Hillenbrand (rechts) gerne und steht ihm f\u00fcr R\u00fcckfragen zur Verf\u00fcgung. Foto: Matthias Bender<\/p><\/div>\n<p>Die Kasse wurde von den Kassenpr\u00fcfern Andreas Ritz und Marcus Hillenbrand ohne Beanstandungen gepr\u00fcft. Im Anschluss wurde der Vorstand entlastet.<\/p>\n<div id=\"attachment_2102\" style=\"width: 910px\" class=\"wp-caption alignnone\"><img loading=\"lazy\" decoding=\"async\" aria-describedby=\"caption-attachment-2102\" class=\"size-large wp-image-2102\" src=\"https:\/\/www.jvdiana.de\/cm\/wp-content\/uploads\/2026\/04\/2026_jhv_digitalfoerderung_leinwand-1024x683.jpg\" alt=\"Der neue Beamer und die Leinwand die mit F\u00f6rdermitteln des Digitalministeriums angeschafft wurden, kamen beim Vortrag des Landkreis Fulda \u201eDie sichere Aufbewahrung von Waffen und Munition\u201c zum Einsatz. Foto: Matthias Bender\" width=\"900\" height=\"600\" srcset=\"https:\/\/www.jvdiana.de\/cm\/wp-content\/uploads\/2026\/04\/2026_jhv_digitalfoerderung_leinwand-1024x683.jpg 1024w, https:\/\/www.jvdiana.de\/cm\/wp-content\/uploads\/2026\/04\/2026_jhv_digitalfoerderung_leinwand-300x200.jpg 300w, https:\/\/www.jvdiana.de\/cm\/wp-content\/uploads\/2026\/04\/2026_jhv_digitalfoerderung_leinwand-768x512.jpg 768w, https:\/\/www.jvdiana.de\/cm\/wp-content\/uploads\/2026\/04\/2026_jhv_digitalfoerderung_leinwand-1536x1024.jpg 1536w, https:\/\/www.jvdiana.de\/cm\/wp-content\/uploads\/2026\/04\/2026_jhv_digitalfoerderung_leinwand-2048x1365.jpg 2048w, https:\/\/www.jvdiana.de\/cm\/wp-content\/uploads\/2026\/04\/2026_jhv_digitalfoerderung_leinwand-150x100.jpg 150w, https:\/\/www.jvdiana.de\/cm\/wp-content\/uploads\/2026\/04\/2026_jhv_digitalfoerderung_leinwand-1200x800.jpg 1200w, https:\/\/www.jvdiana.de\/cm\/wp-content\/uploads\/2026\/04\/2026_jhv_digitalfoerderung_leinwand-400x267.jpg 400w\" sizes=\"auto, (max-width: 900px) 100vw, 900px\" \/><p id=\"caption-attachment-2102\" class=\"wp-caption-text\">Der neue Beamer und die Leinwand die mit F\u00f6rdermitteln des Digitalministeriums angeschafft wurden, kamen beim Vortrag des Landkreis Fulda \u201eDie sichere Aufbewahrung von Waffen und Munition\u201c zum Einsatz. Foto: Matthias Bender<\/p><\/div>\n<p>Matthias Paschen-Hartmann und Annika N\u00fcchter vom Landkreis Fulda gaben in ihrem Vortrag \u201eRechtliches zur Waffenaufbewahrung\u201c einen Einblick in die rechtlichen Grundlagen der Waffenaufbewahrung in Hessen sowie in die Aufgaben der Beh\u00f6rde. Zahlreiche Fragen aus der Versammlung wurden er\u00f6rtert und anhand von Praxisbeispielen anschaulich erl\u00e4utert. Auch f\u00fcr diesen Vortrag konnte die im Rahmen der Digitalf\u00f6rderung beschaffte Technik eingesetzt werden.<\/p>\n<div id=\"attachment_2097\" style=\"width: 910px\" class=\"wp-caption alignnone\"><img loading=\"lazy\" decoding=\"async\" aria-describedby=\"caption-attachment-2097\" class=\"size-large wp-image-2097\" src=\"https:\/\/www.jvdiana.de\/cm\/wp-content\/uploads\/2026\/04\/2026_jhv_LK_fulda-1024x683.jpg\" alt=\"Vorsitzende Astrid Schneider-Heil (links) dankte Matthias Paschen-Hartmann und Annika N\u00fcchter vom Landkreis Fulda f\u00fcr den Vortrag \u201eRechtliches zur Waffenaufbewahrung\u201c. Foto: Matthias Bender.\" width=\"900\" height=\"600\" srcset=\"https:\/\/www.jvdiana.de\/cm\/wp-content\/uploads\/2026\/04\/2026_jhv_LK_fulda-1024x683.jpg 1024w, https:\/\/www.jvdiana.de\/cm\/wp-content\/uploads\/2026\/04\/2026_jhv_LK_fulda-300x200.jpg 300w, https:\/\/www.jvdiana.de\/cm\/wp-content\/uploads\/2026\/04\/2026_jhv_LK_fulda-768x512.jpg 768w, https:\/\/www.jvdiana.de\/cm\/wp-content\/uploads\/2026\/04\/2026_jhv_LK_fulda-1536x1024.jpg 1536w, https:\/\/www.jvdiana.de\/cm\/wp-content\/uploads\/2026\/04\/2026_jhv_LK_fulda-2048x1365.jpg 2048w, https:\/\/www.jvdiana.de\/cm\/wp-content\/uploads\/2026\/04\/2026_jhv_LK_fulda-150x100.jpg 150w, https:\/\/www.jvdiana.de\/cm\/wp-content\/uploads\/2026\/04\/2026_jhv_LK_fulda-1200x800.jpg 1200w, https:\/\/www.jvdiana.de\/cm\/wp-content\/uploads\/2026\/04\/2026_jhv_LK_fulda-400x267.jpg 400w\" sizes=\"auto, (max-width: 900px) 100vw, 900px\" \/><p id=\"caption-attachment-2097\" class=\"wp-caption-text\">Vorsitzende Astrid Schneider-Heil (links) dankte Matthias Paschen-Hartmann und Annika N\u00fcchter vom Landkreis Fulda f\u00fcr den Vortrag \u201eRechtliches zur Waffenaufbewahrung\u201c. Foto: Matthias Bender.<\/p><\/div>\n<p><strong>Ehrungen:<\/strong><\/p>\n<div id=\"attachment_2098\" style=\"width: 910px\" class=\"wp-caption alignnone\"><img loading=\"lazy\" decoding=\"async\" aria-describedby=\"caption-attachment-2098\" class=\"size-large wp-image-2098\" src=\"https:\/\/www.jvdiana.de\/cm\/wp-content\/uploads\/2026\/04\/2026_jhv_ehrungen-1024x683.jpg\" alt=\"Die Geehrten (v. l. n. r.): Vorsitzende Astrid Schneider-Heil, Erich Brehm, Marcus Neuland, Michael Schanze, Michael Steinwachs; zweite Reihe: Kurt H\u00e4mmelmann, Hermann-Josef Stangier; dritte Reihe: Hans-J\u00fcrgen K\u00e4mmerer und Paul M\u00f6ller. Foto: Matthias Bender.\" width=\"900\" height=\"600\" srcset=\"https:\/\/www.jvdiana.de\/cm\/wp-content\/uploads\/2026\/04\/2026_jhv_ehrungen-1024x683.jpg 1024w, https:\/\/www.jvdiana.de\/cm\/wp-content\/uploads\/2026\/04\/2026_jhv_ehrungen-300x200.jpg 300w, https:\/\/www.jvdiana.de\/cm\/wp-content\/uploads\/2026\/04\/2026_jhv_ehrungen-768x512.jpg 768w, https:\/\/www.jvdiana.de\/cm\/wp-content\/uploads\/2026\/04\/2026_jhv_ehrungen-1536x1024.jpg 1536w, https:\/\/www.jvdiana.de\/cm\/wp-content\/uploads\/2026\/04\/2026_jhv_ehrungen-2048x1365.jpg 2048w, https:\/\/www.jvdiana.de\/cm\/wp-content\/uploads\/2026\/04\/2026_jhv_ehrungen-150x100.jpg 150w, https:\/\/www.jvdiana.de\/cm\/wp-content\/uploads\/2026\/04\/2026_jhv_ehrungen-1200x800.jpg 1200w, https:\/\/www.jvdiana.de\/cm\/wp-content\/uploads\/2026\/04\/2026_jhv_ehrungen-400x267.jpg 400w\" sizes=\"auto, (max-width: 900px) 100vw, 900px\" \/><p id=\"caption-attachment-2098\" class=\"wp-caption-text\">Die Geehrten (v. l. n. r.): Vorsitzende Astrid Schneider-Heil, Erich Brehm, Marcus Neuland, Michael Schanze, Michael Steinwachs; zweite Reihe: Kurt H\u00e4mmelmann, Hermann-Josef Stangier; dritte Reihe: Hans-J\u00fcrgen K\u00e4mmerer und Paul M\u00f6ller. Foto: Matthias Bender.<\/p><\/div>\n<p><strong>25 Jahre Mitgliedschaft<br \/>\n<\/strong>Hans-J\u00fcrgen K\u00e4mmerer<br \/>\nGerhard Weber<br \/>\nThomas R\u00f6der<br \/>\nTobias Giebel<br \/>\nHelmut Gladbach<br \/>\nVinzenz Giebel<\/p>\n<p><strong>40 Jahre Mitgliedschaft<br \/>\n<\/strong>Hermann-Josef Stangier<\/p>\n<p><strong>50 Jahre Mitgliedschaft<br \/>\n<\/strong>Paul M\u00f6ller<\/p>\n<p><strong>60 Jahre Mitgliedschaft<br \/>\n<\/strong>Kurt H\u00e4mmelmann<\/p>\n<p><strong>LJV Bronze<br \/>\n<\/strong>Erich Brehm<br \/>\nMichael Schanze<br \/>\nMichael Steinwachs<br \/>\nFrank Z\u00f6ll<\/p>\n<p><strong>DJV Bronze<br \/>\n<\/strong>Patrick Figge<\/p>\n<p><strong>LJV Silber<br \/>\n<\/strong>Marcus Neuland<\/p>\n<p><strong>DJV Silber<br \/>\n<\/strong>Adolf Krause<\/p>\n<h5><strong>Lehrg\u00e4nge des Jagdvereins \u2013 Anmeldung 2026<\/strong><\/h5>\n<h6>Interessenten f\u00fcr die Lehrg\u00e4nge im Jahr 2026 werden gebeten, sich <strong>direkt bei den jeweiligen Ansprechpartnern<\/strong> anzumelden.<\/h6>\n<h6><strong>\ud83c\udfba Jagdhornblasen<br \/>\n<\/strong>Georg Laibach<br \/>\nPfaffstra\u00dfe 6<br \/>\n36088 H\u00fcnfeld<br \/>\nTel.: +49 6652 2276<\/h6>\n<h6><strong>\ud83d\udc15 Hundef\u00fchrerlehrgang<br \/>\n<\/strong>Dominik H\u00fcfner<br \/>\nAuf der Eller 11<br \/>\n36088 H\u00fcnfeld<br \/>\nTel.: +49 6652 4849<\/h6>\n<h6><strong>\ud83e\udd8a Fangjagdlehrgang &amp; Jungj\u00e4gerausbildung<br \/>\n<\/strong>Patrick Figge<br \/>\nBrunnenstra\u00dfe 18<br \/>\n36151 Burghaun<br \/>\nTel.: +49 6652 4873<\/h6>\n<h6><strong>\ud83e\udd85 Falknerlehrgang<br \/>\n<\/strong>Michael Schanze<br \/>\nBirkenstra\u00dfe 10<br \/>\n36166 Haunetal-Krupsis<br \/>\nTel.: +49 152 09776980<\/h6>\n<h6><strong>\ud83c\udfaf Schie\u00dfstandbuchung<br \/>\n<\/strong>Markus Neuland<br \/>\nAm Silgesberg 3<br \/>\n36167 N\u00fcsttal<br \/>\nTel.: +49 6652 74172<\/h6>\n<h6><strong>\ud83c\udfde\ufe0f Platzwart<br \/>\n<\/strong>Manfred Weinmeister<br \/>\nAm \u00d6lberg 10<br \/>\n36088 H\u00fcnfeld-Dammersbach<br \/>\nTel.: +49 6652 5561<\/h6>\n","protected":false},"excerpt":{"rendered":"<p>Am 21.04.2026 fand in der Gastst\u00e4tte \u201eZum Goldenen Stern\u201c in Gro\u00dfenbach die Jahreshauptversammlung des Jagdvereins Diana H\u00fcnfeld statt. Die 1. Vorsitzende Astrid Schneider-Heil er\u00f6ffnete die Versammlung und begr\u00fc\u00dfte die anwesenden Mitglieder. Das Jagdhornbl\u00e4serkorps unter Leitung von Georg Laibach umrahmte die Er\u00f6ffnung mit den Signalen \u201eSammeln der J\u00e4ger\u201c und \u201eBegr\u00fc\u00dfung\u201c. Nach&#8230;<\/p>\n<p> <a class=\"continue-reading-link\" href=\"https:\/\/www.jvdiana.de\/cm\/2026\/04\/26\/jahreshauptversammlung-am-21-04-2026-in-grossenbach\/\"><span>Weiterlesen&#8230;<\/span><i class=\"crycon-right-dir\"><\/i><\/a> <\/p>\n","protected":false},"author":1,"featured_media":2098,"comment_status":"closed","ping_status":"open","sticky":false,"template":"","format":"standard","meta":{"footnotes":""},"categories":[1,17,19],"tags":[],"class_list":["post-2096","post","type-post","status-publish","format-standard","has-post-thumbnail","hentry","category-allgemein","category-veranstaltungen","category-wissenswertes"],"_links":{"self":[{"href":"https:\/\/www.jvdiana.de\/cm\/wp-json\/wp\/v2\/posts\/2096","targetHints":{"allow":["GET"]}}],"collection":[{"href":"https:\/\/www.jvdiana.de\/cm\/wp-json\/wp\/v2\/posts"}],"about":[{"href":"https:\/\/www.jvdiana.de\/cm\/wp-json\/wp\/v2\/types\/post"}],"author":[{"embeddable":true,"href":"https:\/\/www.jvdiana.de\/cm\/wp-json\/wp\/v2\/users\/1"}],"replies":[{"embeddable":true,"href":"https:\/\/www.jvdiana.de\/cm\/wp-json\/wp\/v2\/comments?post=2096"}],"version-history":[{"count":1,"href":"https:\/\/www.jvdiana.de\/cm\/wp-json\/wp\/v2\/posts\/2096\/revisions"}],"predecessor-version":[{"id":2103,"href":"https:\/\/www.jvdiana.de\/cm\/wp-json\/wp\/v2\/posts\/2096\/revisions\/2103"}],"wp:featuredmedia":[{"embeddable":true,"href":"https:\/\/www.jvdiana.de\/cm\/wp-json\/wp\/v2\/media\/2098"}],"wp:attachment":[{"href":"https:\/\/www.jvdiana.de\/cm\/wp-json\/wp\/v2\/media?parent=2096"}],"wp:term":[{"taxonomy":"category","embeddable":true,"href":"https:\/\/www.jvdiana.de\/cm\/wp-json\/wp\/v2\/categories?post=2096"},{"taxonomy":"post_tag","embeddable":true,"href":"https:\/\/www.jvdiana.de\/cm\/wp-json\/wp\/v2\/tags?post=2096"}],"curies":[{"name":"wp","href":"https:\/\/api.w.org\/{rel}","templated":true}]}}