{"id":2108,"date":"2026-04-28T17:59:21","date_gmt":"2026-04-28T15:59:21","guid":{"rendered":"https:\/\/www.jvdiana.de\/cm\/?p=2108"},"modified":"2026-04-28T18:04:57","modified_gmt":"2026-04-28T16:04:57","slug":"vorstellungsabend-fuer-den-jungjaegerkurs-2025-2026","status":"publish","type":"post","link":"https:\/\/www.jvdiana.de\/cm\/2026\/04\/28\/vorstellungsabend-fuer-den-jungjaegerkurs-2025-2026\/","title":{"rendered":"Vorstellungsabend f\u00fcr den Jungj\u00e4gerkurs 2026 \/ 2027"},"content":{"rendered":"<p>Hallo liebe Interessenten f\u00fcr den Jagdscheinkurs 2026-27 beim Jagdverein Diana H\u00fcnfeld,<\/p>\n<p>der Termin f\u00fcr den Vorstellungsabend steht.<\/p>\n<p>Dieser wird am <strong>Dienstag 30. Juni um 19:00 Uhr <\/strong><\/p>\n<p>am Schie\u00dfstand des Jagdvereins in Dammersbach stattfinden.<\/p>\n<p>Hierzu lade ich herzlich ein!<\/p>\n<p>Die Ausbilder werden an diesem Abend sich und ihre F\u00e4cher vorstellen, es wird allgemeine Informationen zum Kursablauf geben und es k\u00f6nnen nat\u00fcrlich Fragen gestellt werden.<\/p>\n<p>Auch wird es eine kleine Vorstellungsrunde seitens der Kursteilnehmer geben.<\/p>\n<p>F\u00fcr eure Jahresplanung teile ich schon mal mit, dass der <strong>Kurs dann am Freitag 14. August um 19:00 Uhr starten wird<\/strong>, der Unterricht ist dann jedes zweite Wochenende Freitag\/Samstag\/Sonntag.<\/p>\n<p>Bis zum Vorstellungsabend wird die genaue F\u00e4chereinteilung dann vermutlich auch feststehen.<\/p>\n<p>Bis dahin w\u00fcnsche ich eine sch\u00f6ne Zeit, stehe f\u00fcr R\u00fcckfragen nat\u00fcrlich weiterhin zur Verf\u00fcgung und verbleibe<\/p>\n<p>Mit freundlichen Gr\u00fc\u00dfen<\/p>\n<p><img loading=\"lazy\" decoding=\"async\" class=\"alignnone size-full wp-image-93\" src=\"https:\/\/www.jvdiana.de\/cm\/wp-content\/uploads\/2019\/07\/vorstand_patrick_figge.jpg\" alt=\"\" width=\"200\" height=\"250\" srcset=\"https:\/\/www.jvdiana.de\/cm\/wp-content\/uploads\/2019\/07\/vorstand_patrick_figge.jpg 200w, https:\/\/www.jvdiana.de\/cm\/wp-content\/uploads\/2019\/07\/vorstand_patrick_figge-120x150.jpg 120w\" sizes=\"auto, (max-width: 200px) 100vw, 200px\" \/><\/p>\n<p>Patrick Figge<br \/>\nJagdverein Diana H\u00fcnfeld<br \/>\n-Obmann Jungj\u00e4gerausbildung\u2013<br \/>\nBrunnenstra\u00dfe 18<br \/>\n36151 Burghaun<br \/>\nMobil: 0171 2815041<\/p>\n","protected":false},"excerpt":{"rendered":"<p>Hallo liebe Interessenten f\u00fcr den Jagdscheinkurs 2026-27 beim Jagdverein Diana H\u00fcnfeld, der Termin f\u00fcr den Vorstellungsabend steht. Dieser wird am Dienstag 30. Juni um 19:00 Uhr am Schie\u00dfstand des Jagdvereins in Dammersbach stattfinden. Hierzu lade ich herzlich ein! Die Ausbilder werden an diesem Abend sich und ihre F\u00e4cher vorstellen, es&#8230;<\/p>\n<p> <a class=\"continue-reading-link\" href=\"https:\/\/www.jvdiana.de\/cm\/2026\/04\/28\/vorstellungsabend-fuer-den-jungjaegerkurs-2025-2026\/\"><span>Weiterlesen&#8230;<\/span><i class=\"crycon-right-dir\"><\/i><\/a> <\/p>\n","protected":false},"author":1,"featured_media":702,"comment_status":"closed","ping_status":"open","sticky":false,"template":"","format":"standard","meta":{"footnotes":""},"categories":[1,10,17,19],"tags":[],"class_list":["post-2108","post","type-post","status-publish","format-standard","has-post-thumbnail","hentry","category-allgemein","category-jungjaeger","category-veranstaltungen","category-wissenswertes"],"_links":{"self":[{"href":"https:\/\/www.jvdiana.de\/cm\/wp-json\/wp\/v2\/posts\/2108","targetHints":{"allow":["GET"]}}],"collection":[{"href":"https:\/\/www.jvdiana.de\/cm\/wp-json\/wp\/v2\/posts"}],"about":[{"href":"https:\/\/www.jvdiana.de\/cm\/wp-json\/wp\/v2\/types\/post"}],"author":[{"embeddable":true,"href":"https:\/\/www.jvdiana.de\/cm\/wp-json\/wp\/v2\/users\/1"}],"replies":[{"embeddable":true,"href":"https:\/\/www.jvdiana.de\/cm\/wp-json\/wp\/v2\/comments?post=2108"}],"version-history":[{"count":2,"href":"https:\/\/www.jvdiana.de\/cm\/wp-json\/wp\/v2\/posts\/2108\/revisions"}],"predecessor-version":[{"id":2110,"href":"https:\/\/www.jvdiana.de\/cm\/wp-json\/wp\/v2\/posts\/2108\/revisions\/2110"}],"wp:featuredmedia":[{"embeddable":true,"href":"https:\/\/www.jvdiana.de\/cm\/wp-json\/wp\/v2\/media\/702"}],"wp:attachment":[{"href":"https:\/\/www.jvdiana.de\/cm\/wp-json\/wp\/v2\/media?parent=2108"}],"wp:term":[{"taxonomy":"category","embeddable":true,"href":"https:\/\/www.jvdiana.de\/cm\/wp-json\/wp\/v2\/categories?post=2108"},{"taxonomy":"post_tag","embeddable":true,"href":"https:\/\/www.jvdiana.de\/cm\/wp-json\/wp\/v2\/tags?post=2108"}],"curies":[{"name":"wp","href":"https:\/\/api.w.org\/{rel}","templated":true}]}}