{"id":237,"date":"2019-03-16T15:30:44","date_gmt":"2019-03-16T14:30:44","guid":{"rendered":"http:\/\/www.jvdiana.de\/cm\/?p=237"},"modified":"2019-07-23T01:44:02","modified_gmt":"2019-07-22T23:44:02","slug":"einladung-jhv-2019","status":"publish","type":"post","link":"https:\/\/www.jvdiana.de\/cm\/2019\/03\/16\/einladung-jhv-2019\/","title":{"rendered":"Einladung JHV 2019"},"content":{"rendered":"<div><strong>Einladung zur Jahreshauptversammlung<\/strong><br \/>\nam Dienstag, den\u00a0<b>09.04.2019 um 19:00 Uhr<\/b>\u00a0in die\u00a0<strong>Gastst\u00e4tte &#8222;Zum Goldenen Stern&#8220; in Gro\u00dfenbach<\/strong>\n<\/div>\n<div><strong>Tagesordnung:<\/strong><\/div>\n<ol>\n<li>Begr\u00fc\u00dfung<\/li>\n<li>Feststellung der satzungsgem\u00e4\u00dfel Einladung<\/li>\n<li>Totenehrung<\/li>\n<li>Jahresbericht des Vorsitzenden, des Schatzmeisters und der Abteilungsleiter<\/li>\n<li>Berichte der Rechnungspr\u00fcfer<\/li>\n<li>Entlastung des Vorstandes<\/li>\n<li>Wahl des Vorstandes<\/li>\n<li>Wahl eines neuen Kassenpr\u00fcfers<\/li>\n<li>Ehrungen<\/li>\n<li>Behandlung von Antr\u00e4gen<\/li>\n<li>Verschiedenes<\/li>\n<\/ol>\n<div>Antr\u00e4ge zur Behandlung in der Jahreshauptversammlung sind bis zum 02.04.2019 schriftlich an den Vorstand zu richten.<\/div>\n<div>\nMit freundlichen Gr\u00fc\u00dfen<br \/>\ngez. Patrick Figge 1.vorsitzender des Jagdvereines Diana H\u00fcnfeld<\/div>\n","protected":false},"excerpt":{"rendered":"<p>Einladung zur Jahreshauptversammlung am Dienstag, den\u00a009.04.2019 um 19:00 Uhr\u00a0in die\u00a0Gastst\u00e4tte &#8222;Zum Goldenen Stern&#8220; in Gro\u00dfenbach Tagesordnung: Begr\u00fc\u00dfung Feststellung der satzungsgem\u00e4\u00dfel Einladung Totenehrung Jahresbericht des Vorsitzenden, des Schatzmeisters und der Abteilungsleiter Berichte der Rechnungspr\u00fcfer Entlastung des Vorstandes Wahl des Vorstandes Wahl eines neuen Kassenpr\u00fcfers Ehrungen Behandlung von Antr\u00e4gen Verschiedenes Antr\u00e4ge zur&#8230;<\/p>\n<p> <a class=\"continue-reading-link\" href=\"https:\/\/www.jvdiana.de\/cm\/2019\/03\/16\/einladung-jhv-2019\/\"><span>Weiterlesen&#8230;<\/span><i class=\"crycon-right-dir\"><\/i><\/a> <\/p>\n","protected":false},"author":1,"featured_media":0,"comment_status":"closed","ping_status":"open","sticky":false,"template":"","format":"standard","meta":{"footnotes":""},"categories":[1,17],"tags":[],"class_list":["post-237","post","type-post","status-publish","format-standard","hentry","category-allgemein","category-veranstaltungen"],"_links":{"self":[{"href":"https:\/\/www.jvdiana.de\/cm\/wp-json\/wp\/v2\/posts\/237","targetHints":{"allow":["GET"]}}],"collection":[{"href":"https:\/\/www.jvdiana.de\/cm\/wp-json\/wp\/v2\/posts"}],"about":[{"href":"https:\/\/www.jvdiana.de\/cm\/wp-json\/wp\/v2\/types\/post"}],"author":[{"embeddable":true,"href":"https:\/\/www.jvdiana.de\/cm\/wp-json\/wp\/v2\/users\/1"}],"replies":[{"embeddable":true,"href":"https:\/\/www.jvdiana.de\/cm\/wp-json\/wp\/v2\/comments?post=237"}],"version-history":[{"count":1,"href":"https:\/\/www.jvdiana.de\/cm\/wp-json\/wp\/v2\/posts\/237\/revisions"}],"predecessor-version":[{"id":238,"href":"https:\/\/www.jvdiana.de\/cm\/wp-json\/wp\/v2\/posts\/237\/revisions\/238"}],"wp:attachment":[{"href":"https:\/\/www.jvdiana.de\/cm\/wp-json\/wp\/v2\/media?parent=237"}],"wp:term":[{"taxonomy":"category","embeddable":true,"href":"https:\/\/www.jvdiana.de\/cm\/wp-json\/wp\/v2\/categories?post=237"},{"taxonomy":"post_tag","embeddable":true,"href":"https:\/\/www.jvdiana.de\/cm\/wp-json\/wp\/v2\/tags?post=237"}],"curies":[{"name":"wp","href":"https:\/\/api.w.org\/{rel}","templated":true}]}}