{"id":241,"date":"2011-03-28T15:30:47","date_gmt":"2011-03-28T13:30:47","guid":{"rendered":"http:\/\/www.jvdiana.de\/cm\/?p=241"},"modified":"2019-07-21T14:29:42","modified_gmt":"2019-07-21T12:29:42","slug":"schweisspruefung-des-parson-russell-terrier-clubs-lg-hessen-am-17-10-2010-in-huenfeld-mackenzell","status":"publish","type":"post","link":"https:\/\/www.jvdiana.de\/cm\/2011\/03\/28\/schweisspruefung-des-parson-russell-terrier-clubs-lg-hessen-am-17-10-2010-in-huenfeld-mackenzell\/","title":{"rendered":"Schwei\u00dfpr\u00fcfung des Parson Russell Terrier Clubs LG-Hessen am 17.10.2010 in H\u00fcnfeld \/ Mackenzell"},"content":{"rendered":"<p><img loading=\"lazy\" decoding=\"async\" class=\"alignnone wp-image-242 size-full\" src=\"http:\/\/www.jvdiana.de\/cm\/wp-content\/uploads\/2019\/07\/schweisspr\u00fcfung_2010.jpg\" alt=\"\" width=\"448\" height=\"236\" srcset=\"https:\/\/www.jvdiana.de\/cm\/wp-content\/uploads\/2019\/07\/schweisspr\u00fcfung_2010.jpg 448w, https:\/\/www.jvdiana.de\/cm\/wp-content\/uploads\/2019\/07\/schweisspr\u00fcfung_2010-300x158.jpg 300w, https:\/\/www.jvdiana.de\/cm\/wp-content\/uploads\/2019\/07\/schweisspr\u00fcfung_2010-150x79.jpg 150w\" sizes=\"auto, (max-width: 448px) 100vw, 448px\" \/><\/p>\n<p>Nachdem am Samstag, den 16.10.2010 von den Richtern und Andreas Fu\u00df (der gleichzeitig Revierkundiger, Meldestelle, Sekret\u00e4r des\u00a0 Pr\u00fcfungsleiters, Wildtr\u00e4ger und Bl\u00e4ser war) bei teilweise heftigen Regenf\u00e4llen 5 F\u00e4hrten f\u00fcr die 4 gemeldeten Gespanne (und 1 Ersatzf\u00e4hrte) gelegt wurden, trafen wir uns am Sonntag,\u00a0 17.10.2010 um 9.00 Uhr im Suchenlokal. Gott sei Dank hatten Petrus und Diana gute Laune und es hatte aufgeh\u00f6rt zu regnen. Nach Begr\u00fc\u00dfung und Richterbesprechung wurden die F\u00e4hrten ausgelost.<\/p>\n<p>Unser weitgereister F\u00fchrer aus S\u00fcdtirol, Herr Moriggl zog die Nr. 1, mein Mann die Nr. 2, Frau Lenz die Nr. 3 und ich die Nr. 4.<br \/>\nDie Richter, der Revierkundige und Gespann Nr. 1 fuhren los. Da verabredet war, das jeweils n\u00e4chste Gespann zu dem ca. 3 Km au\u00dferhalb des Dorfes gelegenen Friedhofs zu bringen, der mitten im Revier liegt, fuhr ich meinen Mann dorthin. Wir sa\u00dfen im Auto und warteten, als wir von Ferne das Signal \u201eReh tot\u201c h\u00f6rten. Erleichterung\u00a0 &#8212;\u00a0 das erst Gespann war angekommen. Die Korona kam zum Treffpunkt, die F\u00fchrer wurden getauscht und ich fuhr mit Herrn Moriggl wieder ins Suchenlokal um Frau Lenz abzuholen. Wieder sa\u00dfen wir im Auto, diesmal h\u00f6rten wir nichts\u00a0 &#8212;\u00a0 was war\u00a0 los?<\/p>\n<p>Endlich klingelte mein Handy\u00a0 \u201eDas n\u00e4chste Gespann bitte zum Treffpunkt bringen, wir sind am St\u00fcck\u201c\u00a0\u00a0 &#8212;\u00a0\u00a0 Puh\u00a0\u00a0 &#8212;\u00a0\u00a0 das zweite Gespann ist auch angekommen. Wieder wurden die F\u00fchrer getauscht und da ich selbst ja als n\u00e4chstes dran sein w\u00fcrde, blieben wir gleich im Auto sitzen. Mein Mann erz\u00e4hlte mir, wie gut alles geklappt hatte, das die H\u00fcndin sich sehr gut auf die Arbeit eingestellt hatte, das sie flott, aber konzentriert die F\u00e4hrte ausgearbeitet hatte und er stolz und erleichtert war, denn es war der erste Terrier, den er auf einer Pr\u00fcfung gef\u00fchrt hatte. Wir sahen auf die Uhr\u00a0\u00a0 &#8212;\u00a0\u00a0 musste Frau Lenz mit ihrem Hund nicht l\u00e4ngst angekommen sein?\u00a0\u00a0 &#8212;\u00a0\u00a0\u00a0\u00a0\u00a0 Da klingelte wieder mein Handy\u00a0\u00a0 \u201eDas Gespann hatte gerade den dritten Abruf &#8212;\u00a0 leider nicht bestanden\u00a0 &#8212; wir kommen jetzt zur\u00fcck\u201c\u00a0Mir wurde ganz anders\u00a0\u00a0 &#8212;\u00a0 gleich war ich dran. Mein Mann fuhr mit Frau Lenz ins Suchenlokal und ich fuhr mit der Korona zu \u201cmeinem\u201c Anschu\u00df. Habe ich auch Alles? Schwei\u00dfriemen, Belohnung?\u00a0 &#8212;\u00a0 Ja, alles da.<\/p>\n<p>Am Sch\u00fctzenstand eingewiesen, legte ich den Hund ab, tauschte Halsband und Leine gegen Schwei\u00dfhalsung und Riemen. Dann sah ich mir den Anschu\u00df an. Ein wenig Risshaar, kein Schwei\u00df\u00a0 &#8212;\u00a0 Na Ja\u00a0\u00a0 &#8212;\u00a0 Hund geholt und los. Die H\u00fcndin ging \u2013 wie immer \u2013 mit nicht ganz tiefer Nase flott vorw\u00e4rts, leicht bergan und dann ein ganzes St\u00fcck parallel zum Hang in leichten B\u00f6gen mehr oder weniger gerade aus\u00a0\u00a0 &#8212;\u00a0\u00a0 war ich noch richtig?\u00a0\u00a0 &#8212;\u00a0 Wo ist der\u00a01. Winkel?\u00a0\u00a0 &#8212;\u00a0\u00a0 Sind wir schon vorbei?\u00a0 Nach einem Ger\u00f6llfeld aus Basaltgestein, drehte sich die H\u00fcndin um, lief einmal im Kreis und zog dann nach rechts den Hang hinunter\u00a0 &#8212;\u00a0\u00a01. Winkel oder Verleitung? Ein St\u00fcck den ziemlich steilen Hang hinunter, auf einer Art Stufe blieb sie stehen, drehte sich um und verwies\u00a0 &#8211;\u00a0 Schnitthaar!!!\u00a0 Das erste Wundbett\u00a0\u00a0 &#8212;\u00a0\u00a0 wir sind richtig!!! Weiter ging es den steilen Berg hinunter bis in eine Senke, dort zog sie nach rechts auf eine Schneise zu, hinter der es heller wurde, der Wald wurde offener, Buchenaltholz mit Grasfl\u00e4chen. Leicht bergan, parallel zum Hang. Wieder kamen wir an einem Basaltsteinhaufen vorbei, von denen wir auch auf dem Hang abw\u00e4rts einige gesehen haben. Nach einigen umgest\u00fcrzten\u00a0 B\u00e4umen, zog die H\u00fcndin nach links wieder bergab. Nach ca. 80 m fiel der Hang vor mir steil ab, die H\u00fcndin nahm die Nase hoch und holte sich Wind von der unter mir liegenden Buchennaturverj\u00fcngung,\u00a0\u00a0\u00a0 &#8212;-\u00a0\u00a0\u00a0 war dort Wild?\u00a0 &#8212; lag dort das St\u00fcck?\u00a0 Ich legte die H\u00fcndin erst einmal ab, wartete einen Moment, sprach ruhig mit ihr, strich\u00a0 ihr \u00fcber den Kopf und forderte sie dann wieder auf zu suchen.\u00a0 Sie ging\u00a0\u00a0 &#8212;\u00a0 nicht den Hang hinunter, sondern am Hang entlang. Pl\u00f6tzlich wurde sie heftig am Riemen und zog mit hoher Nase zielstrebig vorw\u00e4rts\u00a0 &#8212;\u00a0 was war los?\u00a0\u00a0 Zum Gl\u00fcck sah ich dann ca 30 m vor mir das St\u00fcck liegen, das war es also, was sie\u00a0 in der Nase hatte.\u00a0 Na dann\u00a0 vorw\u00e4rts, wir sind angekommen! Die Richter kamen um mir Waidmannsheil zu w\u00fcnschen und \u00fcberreichten mir einen Bruch, Herr Fu\u00df blies \u201eReh tot\u201c\u00a0\u00a0\u00a0 &#8212;\u00a0\u00a0\u00a0 Geschafft\u00a0\u00a0\u00a0\u00a0 &#8212;-\u00a0\u00a0\u00a0\u00a0 Juuhuu\u00a0\u00a0\u00a0\u00a0\u00a0\u00a0\u00a0 &#8212;\u00a0\u00a0 mehrere Steine fielen mir von der Brust.\u00a0 Jetzt ins Suchenlokal\u00a0 &#8211;\u00a0 Essen &#8211;\u00a0 und warten, bis wir die Papiere wiederbekommen.<\/p>\n<p>Es war ein sch\u00f6ner Tag und ich m\u00f6chte mich nochmals, auch im Namen meines Mannes\u00a0 (der Suchensieger wurde, da seine \u201eRavenna\u201c noch besser gearbeitet hat als meine \u201eKarmina\u201c und nat\u00fcrlich auch 2 Jahre j\u00fcnger ist, denn sie ist \u201eKarminas\u201c\u00a0 Tochter )\u00a0 bei allen bedanken, die diese Pr\u00fcfung \u00fcberhaupt m\u00f6glich gemacht haben.\u00a0 An erster Stelle bei Herrn Fu\u00df, der als \u201eM\u00e4dchen f\u00fcr alles\u201c wirklich anstrengende\u00a0 Tage hatte, bei den drei Richtern, die von Deutsch Kurzhaar (2x) bzw. vom Deutscher Brackenverein kamen und\u00a0 richtig begeistert waren von den \u201ekleinen wei\u00dfen\u201c Hunden, bei unserem Wirt, der extra die Wirtschaft \u00fcber Nachmittag aufgelassen hat und uns mit Essen und Trinken versogt hat, bei unserem Mitj\u00e4ger, Herrn Eckart, der Herrn Fu\u00df beim Aussuchen des F\u00e4hrtengel\u00e4ndes geholfen hat und nat\u00fcrlich bei der LG Hessen, deren 1. Vorsitzende Herr Vietor und Pr\u00fcfungsobmann Herr Bill uns mit Rat und Tat zur Seite standen.<\/p>\n<p>Viele\u00a0 liebe Gr\u00fc\u00dfe vom H\u00fcnfelder Land<br \/>\nLuitgard Knauf<br \/>\n<a href=\"http:\/\/www.huenfelder-land.cms4people.de\/\" target=\"_blank\" rel=\"noopener noreferrer\">http:\/\/www.huenfelder-land.cms4people.de\/<\/a><\/p>\n","protected":false},"excerpt":{"rendered":"<p>Nachdem am Samstag, den 16.10.2010 von den Richtern und Andreas Fu\u00df (der gleichzeitig Revierkundiger, Meldestelle, Sekret\u00e4r des\u00a0 Pr\u00fcfungsleiters, Wildtr\u00e4ger und Bl\u00e4ser war) bei teilweise heftigen Regenf\u00e4llen 5 F\u00e4hrten f\u00fcr die 4 gemeldeten Gespanne (und 1 Ersatzf\u00e4hrte) gelegt wurden, trafen wir uns am Sonntag,\u00a0 17.10.2010 um 9.00 Uhr im Suchenlokal. Gott&#8230;<\/p>\n<p> <a class=\"continue-reading-link\" href=\"https:\/\/www.jvdiana.de\/cm\/2011\/03\/28\/schweisspruefung-des-parson-russell-terrier-clubs-lg-hessen-am-17-10-2010-in-huenfeld-mackenzell\/\"><span>Weiterlesen&#8230;<\/span><i class=\"crycon-right-dir\"><\/i><\/a> <\/p>\n","protected":false},"author":1,"featured_media":0,"comment_status":"closed","ping_status":"open","sticky":false,"template":"","format":"standard","meta":{"footnotes":""},"categories":[1,13],"tags":[],"class_list":["post-241","post","type-post","status-publish","format-standard","hentry","category-allgemein","category-jagdhunde"],"_links":{"self":[{"href":"https:\/\/www.jvdiana.de\/cm\/wp-json\/wp\/v2\/posts\/241","targetHints":{"allow":["GET"]}}],"collection":[{"href":"https:\/\/www.jvdiana.de\/cm\/wp-json\/wp\/v2\/posts"}],"about":[{"href":"https:\/\/www.jvdiana.de\/cm\/wp-json\/wp\/v2\/types\/post"}],"author":[{"embeddable":true,"href":"https:\/\/www.jvdiana.de\/cm\/wp-json\/wp\/v2\/users\/1"}],"replies":[{"embeddable":true,"href":"https:\/\/www.jvdiana.de\/cm\/wp-json\/wp\/v2\/comments?post=241"}],"version-history":[{"count":1,"href":"https:\/\/www.jvdiana.de\/cm\/wp-json\/wp\/v2\/posts\/241\/revisions"}],"predecessor-version":[{"id":243,"href":"https:\/\/www.jvdiana.de\/cm\/wp-json\/wp\/v2\/posts\/241\/revisions\/243"}],"wp:attachment":[{"href":"https:\/\/www.jvdiana.de\/cm\/wp-json\/wp\/v2\/media?parent=241"}],"wp:term":[{"taxonomy":"category","embeddable":true,"href":"https:\/\/www.jvdiana.de\/cm\/wp-json\/wp\/v2\/categories?post=241"},{"taxonomy":"post_tag","embeddable":true,"href":"https:\/\/www.jvdiana.de\/cm\/wp-json\/wp\/v2\/tags?post=241"}],"curies":[{"name":"wp","href":"https:\/\/api.w.org\/{rel}","templated":true}]}}