{"id":258,"date":"2016-11-01T15:30:16","date_gmt":"2016-11-01T14:30:16","guid":{"rendered":"http:\/\/www.jvdiana.de\/cm\/?p=258"},"modified":"2019-07-21T14:57:07","modified_gmt":"2019-07-21T12:57:07","slug":"hubertusmesse-in-leimbach","status":"publish","type":"post","link":"https:\/\/www.jvdiana.de\/cm\/2016\/11\/01\/hubertusmesse-in-leimbach\/","title":{"rendered":"Hubertusmesse in Leimbach"},"content":{"rendered":"<div id=\"attachment_259\" style=\"width: 3274px\" class=\"wp-caption alignnone\"><img loading=\"lazy\" decoding=\"async\" aria-describedby=\"caption-attachment-259\" class=\"size-full wp-image-259\" src=\"http:\/\/www.jvdiana.de\/cm\/wp-content\/uploads\/2019\/07\/20161028_hubertusmesse_leimbach.jpg\" alt=\"Horst Wagner, Bernd Kircher, Erich Brehm, Sebastian Kircher, Hermann-Josef Stangier, Rainer Neuhann, Ute Bangert-Stangier, Georg Laibach, Stefan Hartdegen\" width=\"3264\" height=\"2448\" srcset=\"https:\/\/www.jvdiana.de\/cm\/wp-content\/uploads\/2019\/07\/20161028_hubertusmesse_leimbach.jpg 3264w, https:\/\/www.jvdiana.de\/cm\/wp-content\/uploads\/2019\/07\/20161028_hubertusmesse_leimbach-300x225.jpg 300w, https:\/\/www.jvdiana.de\/cm\/wp-content\/uploads\/2019\/07\/20161028_hubertusmesse_leimbach-768x576.jpg 768w, https:\/\/www.jvdiana.de\/cm\/wp-content\/uploads\/2019\/07\/20161028_hubertusmesse_leimbach-1024x768.jpg 1024w, https:\/\/www.jvdiana.de\/cm\/wp-content\/uploads\/2019\/07\/20161028_hubertusmesse_leimbach-150x113.jpg 150w\" sizes=\"auto, (max-width: 3264px) 100vw, 3264px\" \/><p id=\"caption-attachment-259\" class=\"wp-caption-text\">Horst Wagner, Bernd Kircher, Erich Brehm, Sebastian Kircher, Hermann-Josef Stangier, Rainer Neuhann, Ute Bangert-Stangier, Georg Laibach, Stefan Hartdegen<\/p><\/div>\n<p>Am 28.Oktober 2016 lud der Jagdverein Diana H\u00fcnfeld seine Mitglieder, Freunde der Jagd und Naturverbundene zu einer Hubertusmesse in die Kirche\u00a0 Eiterfeld-Leimbach ein. Die Hubertusmesse hielt Herr Pfarrer Bl\u00fcmel, der das Leben des hl. Hubertus aus unterschiedlicher Perspektive beleuchtete. Die musikalisch Gestaltung der Messe erfolgte von den Jagdhornbl\u00e4sern des JV Diana H\u00fcnfeld unter der Leitung von Georg Laibach.<\/p>\n<p>Auf diesem Weg m\u00f6chte der Jagdverein Diana H\u00fcnfeld allen Mitwirkenden und Verantwortlichen f\u00fcr die gelungene Messe herzlich danken. Unser besonderer Dank gilt Herrn Pfarrer Bl\u00fcmel, der sich sofort bereit erkl\u00e4rte, die Messe f\u00fcr die J\u00e4gerschaft im H\u00fcnfelder Land zu halten.<\/p>\n","protected":false},"excerpt":{"rendered":"<p>Am 28.Oktober 2016 lud der Jagdverein Diana H\u00fcnfeld seine Mitglieder, Freunde der Jagd und Naturverbundene zu einer Hubertusmesse in die Kirche\u00a0 Eiterfeld-Leimbach ein. Die Hubertusmesse hielt Herr Pfarrer Bl\u00fcmel, der das Leben des hl. Hubertus aus unterschiedlicher Perspektive beleuchtete. Die musikalisch Gestaltung der Messe erfolgte von den Jagdhornbl\u00e4sern des JV&#8230;<\/p>\n<p> <a class=\"continue-reading-link\" href=\"https:\/\/www.jvdiana.de\/cm\/2016\/11\/01\/hubertusmesse-in-leimbach\/\"><span>Weiterlesen&#8230;<\/span><i class=\"crycon-right-dir\"><\/i><\/a> <\/p>\n","protected":false},"author":1,"featured_media":0,"comment_status":"closed","ping_status":"open","sticky":false,"template":"","format":"standard","meta":{"footnotes":""},"categories":[1,12],"tags":[],"class_list":["post-258","post","type-post","status-publish","format-standard","hentry","category-allgemein","category-jagdhornblaeser"],"_links":{"self":[{"href":"https:\/\/www.jvdiana.de\/cm\/wp-json\/wp\/v2\/posts\/258","targetHints":{"allow":["GET"]}}],"collection":[{"href":"https:\/\/www.jvdiana.de\/cm\/wp-json\/wp\/v2\/posts"}],"about":[{"href":"https:\/\/www.jvdiana.de\/cm\/wp-json\/wp\/v2\/types\/post"}],"author":[{"embeddable":true,"href":"https:\/\/www.jvdiana.de\/cm\/wp-json\/wp\/v2\/users\/1"}],"replies":[{"embeddable":true,"href":"https:\/\/www.jvdiana.de\/cm\/wp-json\/wp\/v2\/comments?post=258"}],"version-history":[{"count":1,"href":"https:\/\/www.jvdiana.de\/cm\/wp-json\/wp\/v2\/posts\/258\/revisions"}],"predecessor-version":[{"id":260,"href":"https:\/\/www.jvdiana.de\/cm\/wp-json\/wp\/v2\/posts\/258\/revisions\/260"}],"wp:attachment":[{"href":"https:\/\/www.jvdiana.de\/cm\/wp-json\/wp\/v2\/media?parent=258"}],"wp:term":[{"taxonomy":"category","embeddable":true,"href":"https:\/\/www.jvdiana.de\/cm\/wp-json\/wp\/v2\/categories?post=258"},{"taxonomy":"post_tag","embeddable":true,"href":"https:\/\/www.jvdiana.de\/cm\/wp-json\/wp\/v2\/tags?post=258"}],"curies":[{"name":"wp","href":"https:\/\/api.w.org\/{rel}","templated":true}]}}