{"id":265,"date":"2009-09-08T15:30:42","date_gmt":"2009-09-08T13:30:42","guid":{"rendered":"http:\/\/www.jvdiana.de\/cm\/?p=265"},"modified":"2019-07-21T14:54:17","modified_gmt":"2019-07-21T12:54:17","slug":"blaesertreffen-zum-30-jaehrigen-jubilaeum-2","status":"publish","type":"post","link":"https:\/\/www.jvdiana.de\/cm\/2009\/09\/08\/blaesertreffen-zum-30-jaehrigen-jubilaeum-2\/","title":{"rendered":"Bl\u00e4sertreffen zum 30-j\u00e4hrigen Jubil\u00e4um"},"content":{"rendered":"<p><img loading=\"lazy\" decoding=\"async\" class=\"alignnone size-full wp-image-266\" src=\"http:\/\/www.jvdiana.de\/cm\/wp-content\/uploads\/2019\/07\/img_1252430458_676_lg.jpg\" alt=\"\" width=\"900\" height=\"598\" srcset=\"https:\/\/www.jvdiana.de\/cm\/wp-content\/uploads\/2019\/07\/img_1252430458_676_lg.jpg 900w, https:\/\/www.jvdiana.de\/cm\/wp-content\/uploads\/2019\/07\/img_1252430458_676_lg-300x199.jpg 300w, https:\/\/www.jvdiana.de\/cm\/wp-content\/uploads\/2019\/07\/img_1252430458_676_lg-768x510.jpg 768w, https:\/\/www.jvdiana.de\/cm\/wp-content\/uploads\/2019\/07\/img_1252430458_676_lg-150x100.jpg 150w\" sizes=\"auto, (max-width: 900px) 100vw, 900px\" \/><\/p>\n<p><strong>Gro\u00dfenbach<\/strong><br \/>\nGleich acht Jagdhornbl\u00e4sercorps traten in der Festscheine des Goldenen Stern in Gro\u00dfenbach an und bliesen zum Gl\u00fcckwunsch. Denn die Jagdhonrbl\u00e4ser des Jagdvereins Diana H\u00fcnfeld feierten dort ihr 30-j\u00e4hriges Bestehen.<\/p>\n<p>G\u00fcnter Dienst, langj\u00e4hriger Vizepr\u00e4sident des Hessischen Jagdverbandes und Gr\u00fcndungsmitlgied der H\u00fcnfelder Bl\u00e4ser, erinnerte an die Entstehung des Jagdhornbl\u00e4sercorps: Damals habe man f\u00fcr zwei Beerdigungen Bl\u00e4ser der rauen Instrumente gesucht, doch nur in Rasdorf habe es Jagdh\u00f6rner gegeben. So wurde die Idee im Jagdverein Diana geboren, auch eigene Bl\u00e4ser in H\u00fcnfeld auszubilden.<\/p>\n<p>H\u00fcnfelds B\u00fcrgermeister Eberhard Fennel (CDU) bekannte sich als Freund des Jagdhornblasens und Pfarrer Eugen Kutzka &#8211; selbst Waidmann &#8211; erinnerte an die vielen Hubertusmessen. Auch der Vorsitzende des Jagdvereins, Peter Lohfink, \u00fcberbrachte Gl\u00fcckw\u00fcnsche.<\/p>\n<p>Unter Leitung von Georg Laibach sorgten die Bl\u00e4ser f\u00fcr musikalische Unterhaltung. (Quelle HZ, 18.09.2009, Seite 13)<\/p>\n<p>Hier gibt es ein paar\u00a0<a href=\"http:\/\/www.jv-diana.de\/cms\/index.php?option=com_expose&amp;Itemid=58\">Eindr\u00fccke<\/a>\u00a0vom Bl\u00e4sertreffen zum 30j\u00e4hrigen Jubil\u00e4um vom 05.09.2009.<\/p>\n","protected":false},"excerpt":{"rendered":"<p>Gro\u00dfenbach Gleich acht Jagdhornbl\u00e4sercorps traten in der Festscheine des Goldenen Stern in Gro\u00dfenbach an und bliesen zum Gl\u00fcckwunsch. Denn die Jagdhonrbl\u00e4ser des Jagdvereins Diana H\u00fcnfeld feierten dort ihr 30-j\u00e4hriges Bestehen. G\u00fcnter Dienst, langj\u00e4hriger Vizepr\u00e4sident des Hessischen Jagdverbandes und Gr\u00fcndungsmitlgied der H\u00fcnfelder Bl\u00e4ser, erinnerte an die Entstehung des Jagdhornbl\u00e4sercorps: Damals habe&#8230;<\/p>\n<p> <a class=\"continue-reading-link\" href=\"https:\/\/www.jvdiana.de\/cm\/2009\/09\/08\/blaesertreffen-zum-30-jaehrigen-jubilaeum-2\/\"><span>Weiterlesen&#8230;<\/span><i class=\"crycon-right-dir\"><\/i><\/a> <\/p>\n","protected":false},"author":1,"featured_media":0,"comment_status":"closed","ping_status":"open","sticky":false,"template":"","format":"standard","meta":{"footnotes":""},"categories":[1,12],"tags":[],"class_list":["post-265","post","type-post","status-publish","format-standard","hentry","category-allgemein","category-jagdhornblaeser"],"_links":{"self":[{"href":"https:\/\/www.jvdiana.de\/cm\/wp-json\/wp\/v2\/posts\/265","targetHints":{"allow":["GET"]}}],"collection":[{"href":"https:\/\/www.jvdiana.de\/cm\/wp-json\/wp\/v2\/posts"}],"about":[{"href":"https:\/\/www.jvdiana.de\/cm\/wp-json\/wp\/v2\/types\/post"}],"author":[{"embeddable":true,"href":"https:\/\/www.jvdiana.de\/cm\/wp-json\/wp\/v2\/users\/1"}],"replies":[{"embeddable":true,"href":"https:\/\/www.jvdiana.de\/cm\/wp-json\/wp\/v2\/comments?post=265"}],"version-history":[{"count":1,"href":"https:\/\/www.jvdiana.de\/cm\/wp-json\/wp\/v2\/posts\/265\/revisions"}],"predecessor-version":[{"id":267,"href":"https:\/\/www.jvdiana.de\/cm\/wp-json\/wp\/v2\/posts\/265\/revisions\/267"}],"wp:attachment":[{"href":"https:\/\/www.jvdiana.de\/cm\/wp-json\/wp\/v2\/media?parent=265"}],"wp:term":[{"taxonomy":"category","embeddable":true,"href":"https:\/\/www.jvdiana.de\/cm\/wp-json\/wp\/v2\/categories?post=265"},{"taxonomy":"post_tag","embeddable":true,"href":"https:\/\/www.jvdiana.de\/cm\/wp-json\/wp\/v2\/tags?post=265"}],"curies":[{"name":"wp","href":"https:\/\/api.w.org\/{rel}","templated":true}]}}