{"id":268,"date":"2016-09-18T15:30:46","date_gmt":"2016-09-18T13:30:46","guid":{"rendered":"http:\/\/www.jvdiana.de\/cm\/?p=268"},"modified":"2019-07-21T14:56:20","modified_gmt":"2019-07-21T12:56:20","slug":"vorankuendigung-hubertusmesse-in-leimbach","status":"publish","type":"post","link":"https:\/\/www.jvdiana.de\/cm\/2016\/09\/18\/vorankuendigung-hubertusmesse-in-leimbach\/","title":{"rendered":"Vorank\u00fcndigung &#8211; Hubertusmesse in Leimbach"},"content":{"rendered":"<p>Der Jagdverein Diana H\u00fcnfeld veranstaltet zusammen mit Herrn Pfarrer Bl\u00fcmel am..<\/p>\n<p><strong>Freitag, den 28.Oktober 2016 um 19:00 Uhr<\/strong><\/p>\n<p>..in der Kirche zu Eiterfeld-Leimbach eine Hubertus-Messe. Die Jagdhornbl\u00e4ser des JV Diana H\u00fcnfeld unter der Leitung von Herrn Georg Laibach werden die Messe musikalisch gestalten. Hierzu laden wir alle J\u00e4ger, Freunde der Jagd und Naturverbundene herzlich ein.<\/p>\n","protected":false},"excerpt":{"rendered":"<p>Der Jagdverein Diana H\u00fcnfeld veranstaltet zusammen mit Herrn Pfarrer Bl\u00fcmel am.. Freitag, den 28.Oktober 2016 um 19:00 Uhr ..in der Kirche zu Eiterfeld-Leimbach eine Hubertus-Messe. Die Jagdhornbl\u00e4ser des JV Diana H\u00fcnfeld unter der Leitung von Herrn Georg Laibach werden die Messe musikalisch gestalten. Hierzu laden wir alle J\u00e4ger, Freunde der&#8230;<\/p>\n<p> <a class=\"continue-reading-link\" href=\"https:\/\/www.jvdiana.de\/cm\/2016\/09\/18\/vorankuendigung-hubertusmesse-in-leimbach\/\"><span>Weiterlesen&#8230;<\/span><i class=\"crycon-right-dir\"><\/i><\/a> <\/p>\n","protected":false},"author":1,"featured_media":0,"comment_status":"closed","ping_status":"open","sticky":false,"template":"","format":"standard","meta":{"footnotes":""},"categories":[1,12],"tags":[],"class_list":["post-268","post","type-post","status-publish","format-standard","hentry","category-allgemein","category-jagdhornblaeser"],"_links":{"self":[{"href":"https:\/\/www.jvdiana.de\/cm\/wp-json\/wp\/v2\/posts\/268","targetHints":{"allow":["GET"]}}],"collection":[{"href":"https:\/\/www.jvdiana.de\/cm\/wp-json\/wp\/v2\/posts"}],"about":[{"href":"https:\/\/www.jvdiana.de\/cm\/wp-json\/wp\/v2\/types\/post"}],"author":[{"embeddable":true,"href":"https:\/\/www.jvdiana.de\/cm\/wp-json\/wp\/v2\/users\/1"}],"replies":[{"embeddable":true,"href":"https:\/\/www.jvdiana.de\/cm\/wp-json\/wp\/v2\/comments?post=268"}],"version-history":[{"count":1,"href":"https:\/\/www.jvdiana.de\/cm\/wp-json\/wp\/v2\/posts\/268\/revisions"}],"predecessor-version":[{"id":269,"href":"https:\/\/www.jvdiana.de\/cm\/wp-json\/wp\/v2\/posts\/268\/revisions\/269"}],"wp:attachment":[{"href":"https:\/\/www.jvdiana.de\/cm\/wp-json\/wp\/v2\/media?parent=268"}],"wp:term":[{"taxonomy":"category","embeddable":true,"href":"https:\/\/www.jvdiana.de\/cm\/wp-json\/wp\/v2\/categories?post=268"},{"taxonomy":"post_tag","embeddable":true,"href":"https:\/\/www.jvdiana.de\/cm\/wp-json\/wp\/v2\/tags?post=268"}],"curies":[{"name":"wp","href":"https:\/\/api.w.org\/{rel}","templated":true}]}}