{"id":278,"date":"2014-02-13T15:30:07","date_gmt":"2014-02-13T14:30:07","guid":{"rendered":"http:\/\/www.jvdiana.de\/cm\/?p=278"},"modified":"2019-07-23T00:57:06","modified_gmt":"2019-07-22T22:57:06","slug":"kochevent-wild-bei-moebel-wirth-mit-sternekoch-patrick-spies","status":"publish","type":"post","link":"https:\/\/www.jvdiana.de\/cm\/2014\/02\/13\/kochevent-wild-bei-moebel-wirth-mit-sternekoch-patrick-spies\/","title":{"rendered":"Kochevent \u201eWild\u201c bei M\u00f6bel Wirth mit Sternekoch Patrick Spies"},"content":{"rendered":"<div>\n<div id=\"attachment_281\" style=\"width: 4618px\" class=\"wp-caption alignnone\"><img loading=\"lazy\" decoding=\"async\" aria-describedby=\"caption-attachment-281\" class=\"wp-image-281 size-full\" src=\"http:\/\/www.jvdiana.de\/cm\/wp-content\/uploads\/2014\/02\/kochevent.jpg\" alt=\"Kochevent bei M\u00f6bel Wirth\" width=\"4608\" height=\"3456\" srcset=\"https:\/\/www.jvdiana.de\/cm\/wp-content\/uploads\/2014\/02\/kochevent.jpg 4608w, https:\/\/www.jvdiana.de\/cm\/wp-content\/uploads\/2014\/02\/kochevent-300x225.jpg 300w, https:\/\/www.jvdiana.de\/cm\/wp-content\/uploads\/2014\/02\/kochevent-768x576.jpg 768w, https:\/\/www.jvdiana.de\/cm\/wp-content\/uploads\/2014\/02\/kochevent-1024x768.jpg 1024w, https:\/\/www.jvdiana.de\/cm\/wp-content\/uploads\/2014\/02\/kochevent-150x113.jpg 150w\" sizes=\"auto, (max-width: 4608px) 100vw, 4608px\" \/><p id=\"caption-attachment-281\" class=\"wp-caption-text\">Kochevent bei M\u00f6bel Wirth<\/p><\/div>\n<\/div>\n<div>Dass Wildfleisch voll im Trend liegt und nebenbei ein k\u00f6stliches und gesundes Lebensmittel ist, davon konnten sich die Teilnehmer des Kochevents bei einem Drei-G\u00e4nge Men\u00fc mit Sternekoch Patrick Spies, dem K\u00fcchenchef des Hotels \u201eZum Stern\u201c in Bad Hersfeld, \u00fcberzeugen. Der Jagdverein Diana H\u00fcnfeld e. V. lud zahlreiche Interessierte zu einem Themenabend in das K\u00fcchenstudio von M\u00f6bel Wirth in H\u00fcnfeld ein, um dort \u00fcber die Jagd, die heimischen Wildtierarten und deren Bedeutung f\u00fcr die moderne K\u00fcche zu informieren.<\/div>\n<div><\/div>\n<div>An diesem Abend wurde unter Anleitung von Patrick Spies als Vorspeise eine Sellerieschaumsuppe mit D\u00f6rrobstcroustini und Wildschweinbratwurst gekocht. Der Hauptgang bestand aus einem Rehr\u00fccken im Brotmantel mit Wirsing und Cranberries. Ein halbfl\u00fcssiger Schokoladenkuchen mit Mango und Passionsfrucht rundete das Men\u00fc als Dessert ab.<\/div>\n<div><\/div>\n<div>Der Sternekoch zeigte, wie man Wild heute zubereitet. Das Einlegen von Wild in Buttermilch oder Rotwein geh\u00f6rt der Vergangenheit an und r\u00fchrt aus der Zeit, als es noch keine K\u00fchlm\u00f6glichkeiten gab. Er erkl\u00e4rte weiterhin die Bedeutung von Wild in der modernen K\u00fcche. Wildfleisch ist ein fett- und cholesterinarmes Fleisch von hoher Qualit\u00e4t, dass einfach und schnell von jedermann zubereitet werden kann.<\/div>\n<div><\/div>\n<div>Wer selbst Wild kochen m\u00f6chte, erh\u00e4lt beim J\u00e4ger um die Ecke ein erstklassiges, regionales Produkt oder findet auf der Homepage des Jagdvereins Diana H\u00fcnfeld \u201ewww.jv-diana.de\u201c einen Ansprechpartner und weitere raffinierte Rezepte rund um das Thema \u201eWildzubereitung\u201c.<\/div>\n<div><\/div>\n<div>Das hervorragende Ambiente und die professionelle K\u00fcchenausstattung der Schauk\u00fcche von M\u00f6bel Wirth machten das Zubereiten und anschlie\u00dfende Genie\u00dfen des Men\u00fcs zu einem unvergesslichen Erlebnis.<\/div>\n<div><\/div>\n<div>\n\n\t\t<style type=\"text\/css\">\n\t\t\t#gallery-1 {\n\t\t\t\tmargin: auto;\n\t\t\t}\n\t\t\t#gallery-1 .gallery-item {\n\t\t\t\tfloat: left;\n\t\t\t\tmargin-top: 10px;\n\t\t\t\ttext-align: center;\n\t\t\t\twidth: 33%;\n\t\t\t}\n\t\t\t#gallery-1 img {\n\t\t\t\tborder: 2px solid #cfcfcf;\n\t\t\t}\n\t\t\t#gallery-1 .gallery-caption {\n\t\t\t\tmargin-left: 0;\n\t\t\t}\n\t\t\t\/* see gallery_shortcode() in wp-includes\/media.php *\/\n\t\t<\/style>\n\t\t<div id='gallery-1' class='gallery galleryid-278 gallery-columns-3 gallery-size-thumbnail'><dl class='gallery-item'>\n\t\t\t<dt class='gallery-icon landscape'>\n\t\t\t\t<a href='https:\/\/www.jvdiana.de\/cm\/2014\/02\/13\/kochevent-wild-bei-moebel-wirth-mit-sternekoch-patrick-spies\/attachment\/01\/'><img loading=\"lazy\" decoding=\"async\" width=\"150\" height=\"150\" src=\"https:\/\/www.jvdiana.de\/cm\/wp-content\/uploads\/2014\/02\/01-150x150.jpg\" class=\"attachment-thumbnail size-thumbnail\" alt=\"Kochevent 2014\" aria-describedby=\"gallery-1-571\" \/><\/a>\n\t\t\t<\/dt>\n\t\t\t\t<dd class='wp-caption-text gallery-caption' id='gallery-1-571'>\n\t\t\t\tKochevent 2014\n\t\t\t\t<\/dd><\/dl><dl class='gallery-item'>\n\t\t\t<dt class='gallery-icon landscape'>\n\t\t\t\t<a href='https:\/\/www.jvdiana.de\/cm\/2014\/02\/13\/kochevent-wild-bei-moebel-wirth-mit-sternekoch-patrick-spies\/attachment\/02\/'><img loading=\"lazy\" decoding=\"async\" width=\"150\" height=\"150\" src=\"https:\/\/www.jvdiana.de\/cm\/wp-content\/uploads\/2014\/02\/02-150x150.jpg\" class=\"attachment-thumbnail size-thumbnail\" alt=\"\" \/><\/a>\n\t\t\t<\/dt><\/dl><dl class='gallery-item'>\n\t\t\t<dt class='gallery-icon landscape'>\n\t\t\t\t<a href='https:\/\/www.jvdiana.de\/cm\/2014\/02\/13\/kochevent-wild-bei-moebel-wirth-mit-sternekoch-patrick-spies\/attachment\/03\/'><img loading=\"lazy\" decoding=\"async\" width=\"150\" height=\"150\" src=\"https:\/\/www.jvdiana.de\/cm\/wp-content\/uploads\/2014\/02\/03-150x150.jpg\" class=\"attachment-thumbnail size-thumbnail\" alt=\"\" \/><\/a>\n\t\t\t<\/dt><\/dl><br style=\"clear: both\" \/><dl class='gallery-item'>\n\t\t\t<dt class='gallery-icon landscape'>\n\t\t\t\t<a href='https:\/\/www.jvdiana.de\/cm\/2014\/02\/13\/kochevent-wild-bei-moebel-wirth-mit-sternekoch-patrick-spies\/attachment\/04\/'><img loading=\"lazy\" decoding=\"async\" width=\"150\" height=\"150\" src=\"https:\/\/www.jvdiana.de\/cm\/wp-content\/uploads\/2014\/02\/04-150x150.jpg\" class=\"attachment-thumbnail size-thumbnail\" alt=\"\" \/><\/a>\n\t\t\t<\/dt><\/dl><dl class='gallery-item'>\n\t\t\t<dt class='gallery-icon landscape'>\n\t\t\t\t<a href='https:\/\/www.jvdiana.de\/cm\/2014\/02\/13\/kochevent-wild-bei-moebel-wirth-mit-sternekoch-patrick-spies\/attachment\/05\/'><img loading=\"lazy\" decoding=\"async\" width=\"150\" height=\"150\" src=\"https:\/\/www.jvdiana.de\/cm\/wp-content\/uploads\/2014\/02\/05-150x150.jpg\" class=\"attachment-thumbnail size-thumbnail\" alt=\"\" \/><\/a>\n\t\t\t<\/dt><\/dl><dl class='gallery-item'>\n\t\t\t<dt class='gallery-icon landscape'>\n\t\t\t\t<a href='https:\/\/www.jvdiana.de\/cm\/2014\/02\/13\/kochevent-wild-bei-moebel-wirth-mit-sternekoch-patrick-spies\/attachment\/06\/'><img loading=\"lazy\" decoding=\"async\" width=\"150\" height=\"150\" src=\"https:\/\/www.jvdiana.de\/cm\/wp-content\/uploads\/2014\/02\/06-150x150.jpg\" class=\"attachment-thumbnail size-thumbnail\" alt=\"\" \/><\/a>\n\t\t\t<\/dt><\/dl><br style=\"clear: both\" \/><dl class='gallery-item'>\n\t\t\t<dt class='gallery-icon landscape'>\n\t\t\t\t<a href='https:\/\/www.jvdiana.de\/cm\/2014\/02\/13\/kochevent-wild-bei-moebel-wirth-mit-sternekoch-patrick-spies\/attachment\/07\/'><img loading=\"lazy\" decoding=\"async\" width=\"150\" height=\"150\" src=\"https:\/\/www.jvdiana.de\/cm\/wp-content\/uploads\/2014\/02\/07-150x150.jpg\" class=\"attachment-thumbnail size-thumbnail\" alt=\"\" \/><\/a>\n\t\t\t<\/dt><\/dl><dl class='gallery-item'>\n\t\t\t<dt class='gallery-icon landscape'>\n\t\t\t\t<a href='https:\/\/www.jvdiana.de\/cm\/2014\/02\/13\/kochevent-wild-bei-moebel-wirth-mit-sternekoch-patrick-spies\/attachment\/08\/'><img loading=\"lazy\" decoding=\"async\" width=\"150\" height=\"150\" src=\"https:\/\/www.jvdiana.de\/cm\/wp-content\/uploads\/2014\/02\/08-150x150.jpg\" class=\"attachment-thumbnail size-thumbnail\" alt=\"\" \/><\/a>\n\t\t\t<\/dt><\/dl><dl class='gallery-item'>\n\t\t\t<dt class='gallery-icon landscape'>\n\t\t\t\t<a href='https:\/\/www.jvdiana.de\/cm\/2014\/02\/13\/kochevent-wild-bei-moebel-wirth-mit-sternekoch-patrick-spies\/attachment\/09\/'><img loading=\"lazy\" decoding=\"async\" width=\"150\" height=\"150\" src=\"https:\/\/www.jvdiana.de\/cm\/wp-content\/uploads\/2014\/02\/09-150x150.jpg\" class=\"attachment-thumbnail size-thumbnail\" alt=\"\" \/><\/a>\n\t\t\t<\/dt><\/dl><br style=\"clear: both\" \/><dl class='gallery-item'>\n\t\t\t<dt class='gallery-icon landscape'>\n\t\t\t\t<a href='https:\/\/www.jvdiana.de\/cm\/2014\/02\/13\/kochevent-wild-bei-moebel-wirth-mit-sternekoch-patrick-spies\/attachment\/10\/'><img loading=\"lazy\" decoding=\"async\" width=\"150\" height=\"150\" src=\"https:\/\/www.jvdiana.de\/cm\/wp-content\/uploads\/2014\/02\/10-150x150.jpg\" class=\"attachment-thumbnail size-thumbnail\" alt=\"\" \/><\/a>\n\t\t\t<\/dt><\/dl><dl class='gallery-item'>\n\t\t\t<dt class='gallery-icon landscape'>\n\t\t\t\t<a href='https:\/\/www.jvdiana.de\/cm\/2014\/02\/13\/kochevent-wild-bei-moebel-wirth-mit-sternekoch-patrick-spies\/attachment\/11\/'><img loading=\"lazy\" decoding=\"async\" width=\"150\" height=\"150\" src=\"https:\/\/www.jvdiana.de\/cm\/wp-content\/uploads\/2014\/02\/11-150x150.jpg\" class=\"attachment-thumbnail size-thumbnail\" alt=\"\" \/><\/a>\n\t\t\t<\/dt><\/dl><dl class='gallery-item'>\n\t\t\t<dt class='gallery-icon landscape'>\n\t\t\t\t<a href='https:\/\/www.jvdiana.de\/cm\/2014\/02\/13\/kochevent-wild-bei-moebel-wirth-mit-sternekoch-patrick-spies\/attachment\/12\/'><img loading=\"lazy\" decoding=\"async\" width=\"150\" height=\"150\" src=\"https:\/\/www.jvdiana.de\/cm\/wp-content\/uploads\/2014\/02\/12-150x150.jpg\" class=\"attachment-thumbnail size-thumbnail\" alt=\"\" \/><\/a>\n\t\t\t<\/dt><\/dl><br style=\"clear: both\" \/><dl class='gallery-item'>\n\t\t\t<dt class='gallery-icon landscape'>\n\t\t\t\t<a href='https:\/\/www.jvdiana.de\/cm\/2014\/02\/13\/kochevent-wild-bei-moebel-wirth-mit-sternekoch-patrick-spies\/attachment\/13\/'><img loading=\"lazy\" decoding=\"async\" width=\"150\" height=\"150\" src=\"https:\/\/www.jvdiana.de\/cm\/wp-content\/uploads\/2014\/02\/13-150x150.jpg\" class=\"attachment-thumbnail size-thumbnail\" alt=\"\" \/><\/a>\n\t\t\t<\/dt><\/dl><dl class='gallery-item'>\n\t\t\t<dt class='gallery-icon landscape'>\n\t\t\t\t<a href='https:\/\/www.jvdiana.de\/cm\/2014\/02\/13\/kochevent-wild-bei-moebel-wirth-mit-sternekoch-patrick-spies\/attachment\/14\/'><img loading=\"lazy\" decoding=\"async\" width=\"150\" height=\"150\" src=\"https:\/\/www.jvdiana.de\/cm\/wp-content\/uploads\/2014\/02\/14-150x150.jpg\" class=\"attachment-thumbnail size-thumbnail\" alt=\"\" \/><\/a>\n\t\t\t<\/dt><\/dl><dl class='gallery-item'>\n\t\t\t<dt class='gallery-icon portrait'>\n\t\t\t\t<a href='https:\/\/www.jvdiana.de\/cm\/2014\/02\/13\/kochevent-wild-bei-moebel-wirth-mit-sternekoch-patrick-spies\/image003\/'><img loading=\"lazy\" decoding=\"async\" width=\"150\" height=\"150\" src=\"https:\/\/www.jvdiana.de\/cm\/wp-content\/uploads\/2014\/02\/image003-150x150.jpg\" class=\"attachment-thumbnail size-thumbnail\" alt=\"\" \/><\/a>\n\t\t\t<\/dt><\/dl><br style=\"clear: both\" \/><dl class='gallery-item'>\n\t\t\t<dt class='gallery-icon portrait'>\n\t\t\t\t<a href='https:\/\/www.jvdiana.de\/cm\/2014\/02\/13\/kochevent-wild-bei-moebel-wirth-mit-sternekoch-patrick-spies\/samsung\/'><img loading=\"lazy\" decoding=\"async\" width=\"150\" height=\"150\" src=\"https:\/\/www.jvdiana.de\/cm\/wp-content\/uploads\/2014\/02\/image004-150x150.jpg\" class=\"attachment-thumbnail size-thumbnail\" alt=\"\" aria-describedby=\"gallery-1-587\" \/><\/a>\n\t\t\t<\/dt>\n\t\t\t\t<dd class='wp-caption-text gallery-caption' id='gallery-1-587'>\n\t\t\t\tSAMSUNG\n\t\t\t\t<\/dd><\/dl><dl class='gallery-item'>\n\t\t\t<dt class='gallery-icon landscape'>\n\t\t\t\t<a href='https:\/\/www.jvdiana.de\/cm\/2014\/02\/13\/kochevent-wild-bei-moebel-wirth-mit-sternekoch-patrick-spies\/image005\/'><img loading=\"lazy\" decoding=\"async\" width=\"150\" height=\"150\" src=\"https:\/\/www.jvdiana.de\/cm\/wp-content\/uploads\/2014\/02\/image005-150x150.jpg\" class=\"attachment-thumbnail size-thumbnail\" alt=\"\" \/><\/a>\n\t\t\t<\/dt><\/dl><dl class='gallery-item'>\n\t\t\t<dt class='gallery-icon landscape'>\n\t\t\t\t<a href='https:\/\/www.jvdiana.de\/cm\/2014\/02\/13\/kochevent-wild-bei-moebel-wirth-mit-sternekoch-patrick-spies\/image006\/'><img loading=\"lazy\" decoding=\"async\" width=\"150\" height=\"150\" src=\"https:\/\/www.jvdiana.de\/cm\/wp-content\/uploads\/2014\/02\/image006-150x150.jpg\" class=\"attachment-thumbnail size-thumbnail\" alt=\"\" \/><\/a>\n\t\t\t<\/dt><\/dl><br style=\"clear: both\" \/><dl class='gallery-item'>\n\t\t\t<dt class='gallery-icon landscape'>\n\t\t\t\t<a href='https:\/\/www.jvdiana.de\/cm\/2014\/02\/13\/kochevent-wild-bei-moebel-wirth-mit-sternekoch-patrick-spies\/image007\/'><img loading=\"lazy\" decoding=\"async\" width=\"150\" height=\"150\" src=\"https:\/\/www.jvdiana.de\/cm\/wp-content\/uploads\/2014\/02\/image007-150x150.jpg\" class=\"attachment-thumbnail size-thumbnail\" alt=\"\" \/><\/a>\n\t\t\t<\/dt><\/dl><dl class='gallery-item'>\n\t\t\t<dt class='gallery-icon landscape'>\n\t\t\t\t<a href='https:\/\/www.jvdiana.de\/cm\/2014\/02\/13\/kochevent-wild-bei-moebel-wirth-mit-sternekoch-patrick-spies\/image008\/'><img loading=\"lazy\" decoding=\"async\" width=\"150\" height=\"150\" src=\"https:\/\/www.jvdiana.de\/cm\/wp-content\/uploads\/2014\/02\/image008-150x150.jpg\" class=\"attachment-thumbnail size-thumbnail\" alt=\"\" \/><\/a>\n\t\t\t<\/dt><\/dl><dl class='gallery-item'>\n\t\t\t<dt class='gallery-icon landscape'>\n\t\t\t\t<a href='https:\/\/www.jvdiana.de\/cm\/2014\/02\/13\/kochevent-wild-bei-moebel-wirth-mit-sternekoch-patrick-spies\/image009\/'><img loading=\"lazy\" decoding=\"async\" width=\"150\" height=\"150\" src=\"https:\/\/www.jvdiana.de\/cm\/wp-content\/uploads\/2014\/02\/image009-150x150.jpg\" class=\"attachment-thumbnail size-thumbnail\" alt=\"\" \/><\/a>\n\t\t\t<\/dt><\/dl><br style=\"clear: both\" \/><dl class='gallery-item'>\n\t\t\t<dt class='gallery-icon landscape'>\n\t\t\t\t<a href='https:\/\/www.jvdiana.de\/cm\/2014\/02\/13\/kochevent-wild-bei-moebel-wirth-mit-sternekoch-patrick-spies\/image010\/'><img loading=\"lazy\" decoding=\"async\" width=\"150\" height=\"150\" src=\"https:\/\/www.jvdiana.de\/cm\/wp-content\/uploads\/2014\/02\/image010-150x150.jpg\" class=\"attachment-thumbnail size-thumbnail\" alt=\"\" \/><\/a>\n\t\t\t<\/dt><\/dl><dl class='gallery-item'>\n\t\t\t<dt class='gallery-icon landscape'>\n\t\t\t\t<a href='https:\/\/www.jvdiana.de\/cm\/2014\/02\/13\/kochevent-wild-bei-moebel-wirth-mit-sternekoch-patrick-spies\/image011\/'><img loading=\"lazy\" decoding=\"async\" width=\"150\" height=\"150\" src=\"https:\/\/www.jvdiana.de\/cm\/wp-content\/uploads\/2014\/02\/image011-150x150.jpg\" class=\"attachment-thumbnail size-thumbnail\" alt=\"\" \/><\/a>\n\t\t\t<\/dt><\/dl><dl class='gallery-item'>\n\t\t\t<dt class='gallery-icon landscape'>\n\t\t\t\t<a href='https:\/\/www.jvdiana.de\/cm\/2014\/02\/13\/kochevent-wild-bei-moebel-wirth-mit-sternekoch-patrick-spies\/image012\/'><img loading=\"lazy\" decoding=\"async\" width=\"150\" height=\"150\" src=\"https:\/\/www.jvdiana.de\/cm\/wp-content\/uploads\/2014\/02\/image012-150x150.jpg\" class=\"attachment-thumbnail size-thumbnail\" alt=\"\" \/><\/a>\n\t\t\t<\/dt><\/dl><br style=\"clear: both\" \/><dl class='gallery-item'>\n\t\t\t<dt class='gallery-icon landscape'>\n\t\t\t\t<a href='https:\/\/www.jvdiana.de\/cm\/2014\/02\/13\/kochevent-wild-bei-moebel-wirth-mit-sternekoch-patrick-spies\/image013\/'><img loading=\"lazy\" decoding=\"async\" width=\"150\" height=\"150\" src=\"https:\/\/www.jvdiana.de\/cm\/wp-content\/uploads\/2014\/02\/image013-150x150.jpg\" class=\"attachment-thumbnail size-thumbnail\" alt=\"\" \/><\/a>\n\t\t\t<\/dt><\/dl><dl class='gallery-item'>\n\t\t\t<dt class='gallery-icon landscape'>\n\t\t\t\t<a href='https:\/\/www.jvdiana.de\/cm\/2014\/02\/13\/kochevent-wild-bei-moebel-wirth-mit-sternekoch-patrick-spies\/image014\/'><img loading=\"lazy\" decoding=\"async\" width=\"150\" height=\"150\" src=\"https:\/\/www.jvdiana.de\/cm\/wp-content\/uploads\/2014\/02\/image014-150x150.jpg\" class=\"attachment-thumbnail size-thumbnail\" alt=\"\" \/><\/a>\n\t\t\t<\/dt><\/dl><dl class='gallery-item'>\n\t\t\t<dt class='gallery-icon landscape'>\n\t\t\t\t<a href='https:\/\/www.jvdiana.de\/cm\/2014\/02\/13\/kochevent-wild-bei-moebel-wirth-mit-sternekoch-patrick-spies\/image015\/'><img loading=\"lazy\" decoding=\"async\" width=\"150\" height=\"150\" src=\"https:\/\/www.jvdiana.de\/cm\/wp-content\/uploads\/2014\/02\/image015-150x150.jpg\" class=\"attachment-thumbnail size-thumbnail\" alt=\"\" \/><\/a>\n\t\t\t<\/dt><\/dl><br style=\"clear: both\" \/><dl class='gallery-item'>\n\t\t\t<dt class='gallery-icon landscape'>\n\t\t\t\t<a href='https:\/\/www.jvdiana.de\/cm\/2014\/02\/13\/kochevent-wild-bei-moebel-wirth-mit-sternekoch-patrick-spies\/image016\/'><img loading=\"lazy\" decoding=\"async\" width=\"150\" height=\"150\" src=\"https:\/\/www.jvdiana.de\/cm\/wp-content\/uploads\/2014\/02\/image016-150x150.jpg\" class=\"attachment-thumbnail size-thumbnail\" alt=\"\" \/><\/a>\n\t\t\t<\/dt><\/dl><dl class='gallery-item'>\n\t\t\t<dt class='gallery-icon landscape'>\n\t\t\t\t<a href='https:\/\/www.jvdiana.de\/cm\/2014\/02\/13\/kochevent-wild-bei-moebel-wirth-mit-sternekoch-patrick-spies\/image017\/'><img loading=\"lazy\" decoding=\"async\" width=\"150\" height=\"150\" src=\"https:\/\/www.jvdiana.de\/cm\/wp-content\/uploads\/2014\/02\/image017-150x150.jpg\" class=\"attachment-thumbnail size-thumbnail\" alt=\"\" \/><\/a>\n\t\t\t<\/dt><\/dl><dl class='gallery-item'>\n\t\t\t<dt class='gallery-icon landscape'>\n\t\t\t\t<a href='https:\/\/www.jvdiana.de\/cm\/2014\/02\/13\/kochevent-wild-bei-moebel-wirth-mit-sternekoch-patrick-spies\/image018\/'><img loading=\"lazy\" decoding=\"async\" width=\"150\" height=\"150\" src=\"https:\/\/www.jvdiana.de\/cm\/wp-content\/uploads\/2014\/02\/image018-150x150.jpg\" class=\"attachment-thumbnail size-thumbnail\" alt=\"\" \/><\/a>\n\t\t\t<\/dt><\/dl><br style=\"clear: both\" \/><dl class='gallery-item'>\n\t\t\t<dt class='gallery-icon landscape'>\n\t\t\t\t<a href='https:\/\/www.jvdiana.de\/cm\/2014\/02\/13\/kochevent-wild-bei-moebel-wirth-mit-sternekoch-patrick-spies\/image019\/'><img loading=\"lazy\" decoding=\"async\" width=\"150\" height=\"150\" src=\"https:\/\/www.jvdiana.de\/cm\/wp-content\/uploads\/2014\/02\/image019-150x150.jpg\" class=\"attachment-thumbnail size-thumbnail\" alt=\"\" \/><\/a>\n\t\t\t<\/dt><\/dl><dl class='gallery-item'>\n\t\t\t<dt class='gallery-icon landscape'>\n\t\t\t\t<a href='https:\/\/www.jvdiana.de\/cm\/2014\/02\/13\/kochevent-wild-bei-moebel-wirth-mit-sternekoch-patrick-spies\/image020\/'><img loading=\"lazy\" decoding=\"async\" width=\"150\" height=\"150\" src=\"https:\/\/www.jvdiana.de\/cm\/wp-content\/uploads\/2014\/02\/image020-150x150.jpg\" class=\"attachment-thumbnail size-thumbnail\" alt=\"\" \/><\/a>\n\t\t\t<\/dt><\/dl><dl class='gallery-item'>\n\t\t\t<dt class='gallery-icon landscape'>\n\t\t\t\t<a href='https:\/\/www.jvdiana.de\/cm\/2014\/02\/13\/kochevent-wild-bei-moebel-wirth-mit-sternekoch-patrick-spies\/image021\/'><img loading=\"lazy\" decoding=\"async\" width=\"150\" height=\"150\" src=\"https:\/\/www.jvdiana.de\/cm\/wp-content\/uploads\/2014\/02\/image021-150x150.jpg\" class=\"attachment-thumbnail size-thumbnail\" alt=\"\" \/><\/a>\n\t\t\t<\/dt><\/dl><br style=\"clear: both\" \/><dl class='gallery-item'>\n\t\t\t<dt class='gallery-icon landscape'>\n\t\t\t\t<a href='https:\/\/www.jvdiana.de\/cm\/2014\/02\/13\/kochevent-wild-bei-moebel-wirth-mit-sternekoch-patrick-spies\/image022\/'><img loading=\"lazy\" decoding=\"async\" width=\"150\" height=\"150\" src=\"https:\/\/www.jvdiana.de\/cm\/wp-content\/uploads\/2014\/02\/image022-150x150.jpg\" class=\"attachment-thumbnail size-thumbnail\" alt=\"\" \/><\/a>\n\t\t\t<\/dt><\/dl><dl class='gallery-item'>\n\t\t\t<dt class='gallery-icon landscape'>\n\t\t\t\t<a href='https:\/\/www.jvdiana.de\/cm\/2014\/02\/13\/kochevent-wild-bei-moebel-wirth-mit-sternekoch-patrick-spies\/image023\/'><img loading=\"lazy\" decoding=\"async\" width=\"150\" height=\"150\" src=\"https:\/\/www.jvdiana.de\/cm\/wp-content\/uploads\/2014\/02\/image023-150x150.jpg\" class=\"attachment-thumbnail size-thumbnail\" alt=\"\" \/><\/a>\n\t\t\t<\/dt><\/dl><dl class='gallery-item'>\n\t\t\t<dt class='gallery-icon landscape'>\n\t\t\t\t<a href='https:\/\/www.jvdiana.de\/cm\/2014\/02\/13\/kochevent-wild-bei-moebel-wirth-mit-sternekoch-patrick-spies\/image024\/'><img loading=\"lazy\" decoding=\"async\" width=\"150\" height=\"150\" src=\"https:\/\/www.jvdiana.de\/cm\/wp-content\/uploads\/2014\/02\/image024-150x150.jpg\" class=\"attachment-thumbnail size-thumbnail\" alt=\"\" \/><\/a>\n\t\t\t<\/dt><\/dl><br style=\"clear: both\" \/><dl class='gallery-item'>\n\t\t\t<dt class='gallery-icon landscape'>\n\t\t\t\t<a href='https:\/\/www.jvdiana.de\/cm\/2014\/02\/13\/kochevent-wild-bei-moebel-wirth-mit-sternekoch-patrick-spies\/image025\/'><img loading=\"lazy\" decoding=\"async\" width=\"150\" height=\"150\" src=\"https:\/\/www.jvdiana.de\/cm\/wp-content\/uploads\/2014\/02\/image025-150x150.jpg\" class=\"attachment-thumbnail size-thumbnail\" alt=\"\" \/><\/a>\n\t\t\t<\/dt><\/dl><dl class='gallery-item'>\n\t\t\t<dt class='gallery-icon landscape'>\n\t\t\t\t<a href='https:\/\/www.jvdiana.de\/cm\/2014\/02\/13\/kochevent-wild-bei-moebel-wirth-mit-sternekoch-patrick-spies\/image026\/'><img loading=\"lazy\" decoding=\"async\" width=\"150\" height=\"150\" src=\"https:\/\/www.jvdiana.de\/cm\/wp-content\/uploads\/2014\/02\/image026-150x150.jpg\" class=\"attachment-thumbnail size-thumbnail\" alt=\"\" \/><\/a>\n\t\t\t<\/dt><\/dl><dl class='gallery-item'>\n\t\t\t<dt class='gallery-icon landscape'>\n\t\t\t\t<a href='https:\/\/www.jvdiana.de\/cm\/2014\/02\/13\/kochevent-wild-bei-moebel-wirth-mit-sternekoch-patrick-spies\/image027\/'><img loading=\"lazy\" decoding=\"async\" width=\"150\" height=\"150\" src=\"https:\/\/www.jvdiana.de\/cm\/wp-content\/uploads\/2014\/02\/image027-150x150.jpg\" class=\"attachment-thumbnail size-thumbnail\" alt=\"\" \/><\/a>\n\t\t\t<\/dt><\/dl><br style=\"clear: both\" \/><dl class='gallery-item'>\n\t\t\t<dt class='gallery-icon landscape'>\n\t\t\t\t<a href='https:\/\/www.jvdiana.de\/cm\/2014\/02\/13\/kochevent-wild-bei-moebel-wirth-mit-sternekoch-patrick-spies\/image028\/'><img loading=\"lazy\" decoding=\"async\" width=\"150\" height=\"150\" src=\"https:\/\/www.jvdiana.de\/cm\/wp-content\/uploads\/2014\/02\/image028-150x150.jpg\" class=\"attachment-thumbnail size-thumbnail\" alt=\"\" \/><\/a>\n\t\t\t<\/dt><\/dl><dl class='gallery-item'>\n\t\t\t<dt class='gallery-icon landscape'>\n\t\t\t\t<a href='https:\/\/www.jvdiana.de\/cm\/2014\/02\/13\/kochevent-wild-bei-moebel-wirth-mit-sternekoch-patrick-spies\/image029\/'><img loading=\"lazy\" decoding=\"async\" width=\"150\" height=\"150\" src=\"https:\/\/www.jvdiana.de\/cm\/wp-content\/uploads\/2014\/02\/image029-150x150.jpg\" class=\"attachment-thumbnail size-thumbnail\" alt=\"\" \/><\/a>\n\t\t\t<\/dt><\/dl><dl class='gallery-item'>\n\t\t\t<dt class='gallery-icon landscape'>\n\t\t\t\t<a href='https:\/\/www.jvdiana.de\/cm\/2014\/02\/13\/kochevent-wild-bei-moebel-wirth-mit-sternekoch-patrick-spies\/image030\/'><img loading=\"lazy\" decoding=\"async\" width=\"150\" height=\"150\" src=\"https:\/\/www.jvdiana.de\/cm\/wp-content\/uploads\/2014\/02\/image030-150x150.jpg\" class=\"attachment-thumbnail size-thumbnail\" alt=\"\" \/><\/a>\n\t\t\t<\/dt><\/dl><br style=\"clear: both\" \/><dl class='gallery-item'>\n\t\t\t<dt class='gallery-icon landscape'>\n\t\t\t\t<a href='https:\/\/www.jvdiana.de\/cm\/2014\/02\/13\/kochevent-wild-bei-moebel-wirth-mit-sternekoch-patrick-spies\/image031\/'><img loading=\"lazy\" decoding=\"async\" width=\"150\" height=\"150\" src=\"https:\/\/www.jvdiana.de\/cm\/wp-content\/uploads\/2014\/02\/image031-150x150.jpg\" class=\"attachment-thumbnail size-thumbnail\" alt=\"\" \/><\/a>\n\t\t\t<\/dt><\/dl><dl class='gallery-item'>\n\t\t\t<dt class='gallery-icon landscape'>\n\t\t\t\t<a href='https:\/\/www.jvdiana.de\/cm\/2014\/02\/13\/kochevent-wild-bei-moebel-wirth-mit-sternekoch-patrick-spies\/image032\/'><img loading=\"lazy\" decoding=\"async\" width=\"150\" height=\"150\" src=\"https:\/\/www.jvdiana.de\/cm\/wp-content\/uploads\/2014\/02\/image032-150x150.jpg\" class=\"attachment-thumbnail size-thumbnail\" alt=\"\" \/><\/a>\n\t\t\t<\/dt><\/dl><dl class='gallery-item'>\n\t\t\t<dt class='gallery-icon landscape'>\n\t\t\t\t<a href='https:\/\/www.jvdiana.de\/cm\/2014\/02\/13\/kochevent-wild-bei-moebel-wirth-mit-sternekoch-patrick-spies\/image033\/'><img loading=\"lazy\" decoding=\"async\" width=\"150\" height=\"150\" src=\"https:\/\/www.jvdiana.de\/cm\/wp-content\/uploads\/2014\/02\/image033-150x150.jpg\" class=\"attachment-thumbnail size-thumbnail\" alt=\"\" \/><\/a>\n\t\t\t<\/dt><\/dl><br style=\"clear: both\" \/><dl class='gallery-item'>\n\t\t\t<dt class='gallery-icon landscape'>\n\t\t\t\t<a href='https:\/\/www.jvdiana.de\/cm\/2014\/02\/13\/kochevent-wild-bei-moebel-wirth-mit-sternekoch-patrick-spies\/image034\/'><img loading=\"lazy\" decoding=\"async\" width=\"150\" height=\"150\" src=\"https:\/\/www.jvdiana.de\/cm\/wp-content\/uploads\/2014\/02\/image034-150x150.jpg\" class=\"attachment-thumbnail size-thumbnail\" alt=\"\" \/><\/a>\n\t\t\t<\/dt><\/dl><dl class='gallery-item'>\n\t\t\t<dt class='gallery-icon landscape'>\n\t\t\t\t<a href='https:\/\/www.jvdiana.de\/cm\/2014\/02\/13\/kochevent-wild-bei-moebel-wirth-mit-sternekoch-patrick-spies\/image035\/'><img loading=\"lazy\" decoding=\"async\" width=\"150\" height=\"150\" src=\"https:\/\/www.jvdiana.de\/cm\/wp-content\/uploads\/2014\/02\/image035-150x150.jpg\" class=\"attachment-thumbnail size-thumbnail\" alt=\"\" \/><\/a>\n\t\t\t<\/dt><\/dl><dl class='gallery-item'>\n\t\t\t<dt class='gallery-icon landscape'>\n\t\t\t\t<a href='https:\/\/www.jvdiana.de\/cm\/2014\/02\/13\/kochevent-wild-bei-moebel-wirth-mit-sternekoch-patrick-spies\/image036\/'><img loading=\"lazy\" decoding=\"async\" width=\"150\" height=\"150\" src=\"https:\/\/www.jvdiana.de\/cm\/wp-content\/uploads\/2014\/02\/image036-150x150.jpg\" class=\"attachment-thumbnail size-thumbnail\" alt=\"\" \/><\/a>\n\t\t\t<\/dt><\/dl><br style=\"clear: both\" \/><dl class='gallery-item'>\n\t\t\t<dt class='gallery-icon landscape'>\n\t\t\t\t<a href='https:\/\/www.jvdiana.de\/cm\/2014\/02\/13\/kochevent-wild-bei-moebel-wirth-mit-sternekoch-patrick-spies\/image037\/'><img loading=\"lazy\" decoding=\"async\" width=\"150\" height=\"150\" src=\"https:\/\/www.jvdiana.de\/cm\/wp-content\/uploads\/2014\/02\/image037-150x150.jpg\" class=\"attachment-thumbnail size-thumbnail\" alt=\"\" \/><\/a>\n\t\t\t<\/dt><\/dl><dl class='gallery-item'>\n\t\t\t<dt class='gallery-icon landscape'>\n\t\t\t\t<a href='https:\/\/www.jvdiana.de\/cm\/2014\/02\/13\/kochevent-wild-bei-moebel-wirth-mit-sternekoch-patrick-spies\/image038\/'><img loading=\"lazy\" decoding=\"async\" width=\"150\" height=\"150\" src=\"https:\/\/www.jvdiana.de\/cm\/wp-content\/uploads\/2014\/02\/image038-150x150.jpg\" class=\"attachment-thumbnail size-thumbnail\" alt=\"\" \/><\/a>\n\t\t\t<\/dt><\/dl><dl class='gallery-item'>\n\t\t\t<dt class='gallery-icon landscape'>\n\t\t\t\t<a href='https:\/\/www.jvdiana.de\/cm\/2014\/02\/13\/kochevent-wild-bei-moebel-wirth-mit-sternekoch-patrick-spies\/image039\/'><img loading=\"lazy\" decoding=\"async\" width=\"150\" height=\"150\" src=\"https:\/\/www.jvdiana.de\/cm\/wp-content\/uploads\/2014\/02\/image039-150x150.jpg\" class=\"attachment-thumbnail size-thumbnail\" alt=\"\" \/><\/a>\n\t\t\t<\/dt><\/dl><br style=\"clear: both\" \/><dl class='gallery-item'>\n\t\t\t<dt class='gallery-icon landscape'>\n\t\t\t\t<a href='https:\/\/www.jvdiana.de\/cm\/2014\/02\/13\/kochevent-wild-bei-moebel-wirth-mit-sternekoch-patrick-spies\/image040\/'><img loading=\"lazy\" decoding=\"async\" width=\"150\" height=\"150\" src=\"https:\/\/www.jvdiana.de\/cm\/wp-content\/uploads\/2014\/02\/image040-150x150.jpg\" class=\"attachment-thumbnail size-thumbnail\" alt=\"\" \/><\/a>\n\t\t\t<\/dt><\/dl><dl class='gallery-item'>\n\t\t\t<dt class='gallery-icon landscape'>\n\t\t\t\t<a href='https:\/\/www.jvdiana.de\/cm\/2014\/02\/13\/kochevent-wild-bei-moebel-wirth-mit-sternekoch-patrick-spies\/image041\/'><img loading=\"lazy\" decoding=\"async\" width=\"150\" height=\"150\" src=\"https:\/\/www.jvdiana.de\/cm\/wp-content\/uploads\/2014\/02\/image041-150x150.jpg\" class=\"attachment-thumbnail size-thumbnail\" alt=\"\" \/><\/a>\n\t\t\t<\/dt><\/dl><dl class='gallery-item'>\n\t\t\t<dt class='gallery-icon landscape'>\n\t\t\t\t<a href='https:\/\/www.jvdiana.de\/cm\/2014\/02\/13\/kochevent-wild-bei-moebel-wirth-mit-sternekoch-patrick-spies\/image042\/'><img loading=\"lazy\" decoding=\"async\" width=\"150\" height=\"150\" src=\"https:\/\/www.jvdiana.de\/cm\/wp-content\/uploads\/2014\/02\/image042-150x150.jpg\" class=\"attachment-thumbnail size-thumbnail\" alt=\"\" \/><\/a>\n\t\t\t<\/dt><\/dl><br style=\"clear: both\" \/><dl class='gallery-item'>\n\t\t\t<dt class='gallery-icon landscape'>\n\t\t\t\t<a href='https:\/\/www.jvdiana.de\/cm\/2014\/02\/13\/kochevent-wild-bei-moebel-wirth-mit-sternekoch-patrick-spies\/image043\/'><img loading=\"lazy\" decoding=\"async\" width=\"150\" height=\"150\" src=\"https:\/\/www.jvdiana.de\/cm\/wp-content\/uploads\/2014\/02\/image043-150x150.jpg\" class=\"attachment-thumbnail size-thumbnail\" alt=\"\" \/><\/a>\n\t\t\t<\/dt><\/dl><dl class='gallery-item'>\n\t\t\t<dt class='gallery-icon landscape'>\n\t\t\t\t<a href='https:\/\/www.jvdiana.de\/cm\/2014\/02\/13\/kochevent-wild-bei-moebel-wirth-mit-sternekoch-patrick-spies\/image044\/'><img loading=\"lazy\" decoding=\"async\" width=\"150\" height=\"150\" src=\"https:\/\/www.jvdiana.de\/cm\/wp-content\/uploads\/2014\/02\/image044-150x150.jpg\" class=\"attachment-thumbnail size-thumbnail\" alt=\"\" \/><\/a>\n\t\t\t<\/dt><\/dl><dl class='gallery-item'>\n\t\t\t<dt class='gallery-icon landscape'>\n\t\t\t\t<a href='https:\/\/www.jvdiana.de\/cm\/2014\/02\/13\/kochevent-wild-bei-moebel-wirth-mit-sternekoch-patrick-spies\/image045\/'><img loading=\"lazy\" decoding=\"async\" width=\"150\" height=\"150\" src=\"https:\/\/www.jvdiana.de\/cm\/wp-content\/uploads\/2014\/02\/image045-150x150.jpg\" class=\"attachment-thumbnail size-thumbnail\" alt=\"\" \/><\/a>\n\t\t\t<\/dt><\/dl><br style=\"clear: both\" \/><dl class='gallery-item'>\n\t\t\t<dt class='gallery-icon landscape'>\n\t\t\t\t<a href='https:\/\/www.jvdiana.de\/cm\/2014\/02\/13\/kochevent-wild-bei-moebel-wirth-mit-sternekoch-patrick-spies\/image046\/'><img loading=\"lazy\" decoding=\"async\" width=\"150\" height=\"150\" src=\"https:\/\/www.jvdiana.de\/cm\/wp-content\/uploads\/2014\/02\/image046-150x150.jpg\" class=\"attachment-thumbnail size-thumbnail\" alt=\"\" \/><\/a>\n\t\t\t<\/dt><\/dl><dl class='gallery-item'>\n\t\t\t<dt class='gallery-icon landscape'>\n\t\t\t\t<a href='https:\/\/www.jvdiana.de\/cm\/2014\/02\/13\/kochevent-wild-bei-moebel-wirth-mit-sternekoch-patrick-spies\/image047\/'><img loading=\"lazy\" decoding=\"async\" width=\"150\" height=\"150\" src=\"https:\/\/www.jvdiana.de\/cm\/wp-content\/uploads\/2014\/02\/image047-150x150.jpg\" class=\"attachment-thumbnail size-thumbnail\" alt=\"\" \/><\/a>\n\t\t\t<\/dt><\/dl>\n\t\t\t<br style='clear: both' \/>\n\t\t<\/div>\n\n<\/div>\n","protected":false},"excerpt":{"rendered":"<p>Dass Wildfleisch voll im Trend liegt und nebenbei ein k\u00f6stliches und gesundes Lebensmittel ist, davon konnten sich die Teilnehmer des Kochevents bei einem Drei-G\u00e4nge Men\u00fc mit Sternekoch Patrick Spies, dem K\u00fcchenchef des Hotels \u201eZum Stern\u201c in Bad Hersfeld, \u00fcberzeugen. Der Jagdverein Diana H\u00fcnfeld e. V. lud zahlreiche Interessierte zu einem&#8230;<\/p>\n<p> <a class=\"continue-reading-link\" href=\"https:\/\/www.jvdiana.de\/cm\/2014\/02\/13\/kochevent-wild-bei-moebel-wirth-mit-sternekoch-patrick-spies\/\"><span>Weiterlesen&#8230;<\/span><i class=\"crycon-right-dir\"><\/i><\/a> <\/p>\n","protected":false},"author":1,"featured_media":0,"comment_status":"closed","ping_status":"open","sticky":false,"template":"","format":"standard","meta":{"footnotes":""},"categories":[1,16],"tags":[],"class_list":["post-278","post","type-post","status-publish","format-standard","hentry","category-allgemein","category-wilder-genuss-kochen"],"_links":{"self":[{"href":"https:\/\/www.jvdiana.de\/cm\/wp-json\/wp\/v2\/posts\/278","targetHints":{"allow":["GET"]}}],"collection":[{"href":"https:\/\/www.jvdiana.de\/cm\/wp-json\/wp\/v2\/posts"}],"about":[{"href":"https:\/\/www.jvdiana.de\/cm\/wp-json\/wp\/v2\/types\/post"}],"author":[{"embeddable":true,"href":"https:\/\/www.jvdiana.de\/cm\/wp-json\/wp\/v2\/users\/1"}],"replies":[{"embeddable":true,"href":"https:\/\/www.jvdiana.de\/cm\/wp-json\/wp\/v2\/comments?post=278"}],"version-history":[{"count":4,"href":"https:\/\/www.jvdiana.de\/cm\/wp-json\/wp\/v2\/posts\/278\/revisions"}],"predecessor-version":[{"id":631,"href":"https:\/\/www.jvdiana.de\/cm\/wp-json\/wp\/v2\/posts\/278\/revisions\/631"}],"wp:attachment":[{"href":"https:\/\/www.jvdiana.de\/cm\/wp-json\/wp\/v2\/media?parent=278"}],"wp:term":[{"taxonomy":"category","embeddable":true,"href":"https:\/\/www.jvdiana.de\/cm\/wp-json\/wp\/v2\/categories?post=278"},{"taxonomy":"post_tag","embeddable":true,"href":"https:\/\/www.jvdiana.de\/cm\/wp-json\/wp\/v2\/tags?post=278"}],"curies":[{"name":"wp","href":"https:\/\/api.w.org\/{rel}","templated":true}]}}