{"id":316,"date":"2009-10-17T15:30:45","date_gmt":"2009-10-17T13:30:45","guid":{"rendered":"http:\/\/www.jvdiana.de\/cm\/?p=316"},"modified":"2019-07-21T21:36:55","modified_gmt":"2019-07-21T19:36:55","slug":"jungjaegerkurs-2009-2010","status":"publish","type":"post","link":"https:\/\/www.jvdiana.de\/cm\/2009\/10\/17\/jungjaegerkurs-2009-2010\/","title":{"rendered":"Jungj\u00e4gerkurs 2009 \/ 2010"},"content":{"rendered":"<p>Eindr\u00fccke aus dem Jungj\u00e4gerkurs 2009 \/ 2010<\/p>\n<div id=\"attachment_317\" style=\"width: 810px\" class=\"wp-caption alignnone\"><img loading=\"lazy\" decoding=\"async\" aria-describedby=\"caption-attachment-317\" class=\"size-full wp-image-317\" src=\"http:\/\/www.jvdiana.de\/cm\/wp-content\/uploads\/2019\/07\/jungjaeger_2009_2010_2.jpg\" alt=\"J\u00fcrgen Dietz, Michael Glotzbach, Karsten Schreiber, Christoph Besse, Georg K\u00e4smann, Luisa D\u00e4nner, Markus Wald, Stefan Stock (von links)\" width=\"800\" height=\"450\" srcset=\"https:\/\/www.jvdiana.de\/cm\/wp-content\/uploads\/2019\/07\/jungjaeger_2009_2010_2.jpg 800w, https:\/\/www.jvdiana.de\/cm\/wp-content\/uploads\/2019\/07\/jungjaeger_2009_2010_2-300x169.jpg 300w, https:\/\/www.jvdiana.de\/cm\/wp-content\/uploads\/2019\/07\/jungjaeger_2009_2010_2-768x432.jpg 768w, https:\/\/www.jvdiana.de\/cm\/wp-content\/uploads\/2019\/07\/jungjaeger_2009_2010_2-150x84.jpg 150w\" sizes=\"auto, (max-width: 800px) 100vw, 800px\" \/><p id=\"caption-attachment-317\" class=\"wp-caption-text\">J\u00fcrgen Dietz, Michael Glotzbach, Karsten Schreiber, Christoph Besse, Georg K\u00e4smann, Luisa D\u00e4nner, Markus Wald, Stefan Stock (von links)<\/p><\/div>\n<div id=\"attachment_318\" style=\"width: 810px\" class=\"wp-caption alignnone\"><img loading=\"lazy\" decoding=\"async\" aria-describedby=\"caption-attachment-318\" class=\"size-full wp-image-318\" src=\"http:\/\/www.jvdiana.de\/cm\/wp-content\/uploads\/2019\/07\/jungjaeger_2009_2010_1.jpg\" alt=\"Die Jungj\u00e4ger w\u00e4hrend des Unterrichts\" width=\"800\" height=\"450\" srcset=\"https:\/\/www.jvdiana.de\/cm\/wp-content\/uploads\/2019\/07\/jungjaeger_2009_2010_1.jpg 800w, https:\/\/www.jvdiana.de\/cm\/wp-content\/uploads\/2019\/07\/jungjaeger_2009_2010_1-300x169.jpg 300w, https:\/\/www.jvdiana.de\/cm\/wp-content\/uploads\/2019\/07\/jungjaeger_2009_2010_1-768x432.jpg 768w, https:\/\/www.jvdiana.de\/cm\/wp-content\/uploads\/2019\/07\/jungjaeger_2009_2010_1-150x84.jpg 150w\" sizes=\"auto, (max-width: 800px) 100vw, 800px\" \/><p id=\"caption-attachment-318\" class=\"wp-caption-text\">Die Jungj\u00e4ger w\u00e4hrend des Unterrichts<\/p><\/div>\n","protected":false},"excerpt":{"rendered":"<p>Eindr\u00fccke aus dem Jungj\u00e4gerkurs 2009 \/ 2010<\/p>\n<p> <a class=\"continue-reading-link\" href=\"https:\/\/www.jvdiana.de\/cm\/2009\/10\/17\/jungjaegerkurs-2009-2010\/\"><span>Weiterlesen&#8230;<\/span><i class=\"crycon-right-dir\"><\/i><\/a> <\/p>\n","protected":false},"author":1,"featured_media":0,"comment_status":"closed","ping_status":"open","sticky":false,"template":"","format":"standard","meta":{"footnotes":""},"categories":[1,10],"tags":[],"class_list":["post-316","post","type-post","status-publish","format-standard","hentry","category-allgemein","category-jungjaeger"],"_links":{"self":[{"href":"https:\/\/www.jvdiana.de\/cm\/wp-json\/wp\/v2\/posts\/316","targetHints":{"allow":["GET"]}}],"collection":[{"href":"https:\/\/www.jvdiana.de\/cm\/wp-json\/wp\/v2\/posts"}],"about":[{"href":"https:\/\/www.jvdiana.de\/cm\/wp-json\/wp\/v2\/types\/post"}],"author":[{"embeddable":true,"href":"https:\/\/www.jvdiana.de\/cm\/wp-json\/wp\/v2\/users\/1"}],"replies":[{"embeddable":true,"href":"https:\/\/www.jvdiana.de\/cm\/wp-json\/wp\/v2\/comments?post=316"}],"version-history":[{"count":1,"href":"https:\/\/www.jvdiana.de\/cm\/wp-json\/wp\/v2\/posts\/316\/revisions"}],"predecessor-version":[{"id":319,"href":"https:\/\/www.jvdiana.de\/cm\/wp-json\/wp\/v2\/posts\/316\/revisions\/319"}],"wp:attachment":[{"href":"https:\/\/www.jvdiana.de\/cm\/wp-json\/wp\/v2\/media?parent=316"}],"wp:term":[{"taxonomy":"category","embeddable":true,"href":"https:\/\/www.jvdiana.de\/cm\/wp-json\/wp\/v2\/categories?post=316"},{"taxonomy":"post_tag","embeddable":true,"href":"https:\/\/www.jvdiana.de\/cm\/wp-json\/wp\/v2\/tags?post=316"}],"curies":[{"name":"wp","href":"https:\/\/api.w.org\/{rel}","templated":true}]}}