{"id":340,"date":"2014-06-29T15:30:57","date_gmt":"2014-06-29T13:30:57","guid":{"rendered":"http:\/\/www.jvdiana.de\/cm\/?p=340"},"modified":"2019-07-21T21:55:02","modified_gmt":"2019-07-21T19:55:02","slug":"jaegerschlag-2014","status":"publish","type":"post","link":"https:\/\/www.jvdiana.de\/cm\/2014\/06\/29\/jaegerschlag-2014\/","title":{"rendered":"J\u00e4gerschlag 2014"},"content":{"rendered":"<div id=\"attachment_341\" style=\"width: 3658px\" class=\"wp-caption alignnone\"><img loading=\"lazy\" decoding=\"async\" aria-describedby=\"caption-attachment-341\" class=\"size-full wp-image-341\" src=\"http:\/\/www.jvdiana.de\/cm\/wp-content\/uploads\/2019\/07\/20140628_jaegerschlag.jpg\" alt=\"Carina Schmidt\/Schenklengsfeld, Joachim Ruppert\/Neuhof, Markus Sch\u00e4fer\/Neuhof, J\u00fcrgen Manns\/Ausbilder, Nadine Brehl\/K\u00fcnzell, Pascal Eichler\/Hilders, Thomas Trabert\/Eiterfeld, Ludwig Glotzbach\/Ausbilder, Raphael K\u00e4mmerer\/Hilders, Joerg Hartmann\/Ausbilder\" width=\"3648\" height=\"2736\" srcset=\"https:\/\/www.jvdiana.de\/cm\/wp-content\/uploads\/2019\/07\/20140628_jaegerschlag.jpg 3648w, https:\/\/www.jvdiana.de\/cm\/wp-content\/uploads\/2019\/07\/20140628_jaegerschlag-300x225.jpg 300w, https:\/\/www.jvdiana.de\/cm\/wp-content\/uploads\/2019\/07\/20140628_jaegerschlag-768x576.jpg 768w, https:\/\/www.jvdiana.de\/cm\/wp-content\/uploads\/2019\/07\/20140628_jaegerschlag-1024x768.jpg 1024w, https:\/\/www.jvdiana.de\/cm\/wp-content\/uploads\/2019\/07\/20140628_jaegerschlag-150x113.jpg 150w\" sizes=\"auto, (max-width: 3648px) 100vw, 3648px\" \/><p id=\"caption-attachment-341\" class=\"wp-caption-text\">Carina Schmidt\/Schenklengsfeld, Joachim Ruppert\/Neuhof, Markus Sch\u00e4fer\/Neuhof, J\u00fcrgen Manns\/Ausbilder, Nadine Brehl\/K\u00fcnzell, Pascal Eichler\/Hilders, Thomas Trabert\/Eiterfeld, Ludwig Glotzbach\/Ausbilder, Raphael K\u00e4mmerer\/Hilders, Joerg Hartmann\/Ausbilder<\/p><\/div>\n<p>Am Samstag, den 28.06.2014 fand im Th\u00fcringer Rh\u00f6nhaus in der N\u00e4he von Oberweid der feierliche Abschluss des Jungj\u00e4gerlehrgangs 2013\/2014 im Jagdverein Diana H\u00fcnfeld, der \u201cJ\u00e4gerschlag\u201c statt. Kreisjagdberater J\u00fcrgen Manns h\u00f6chst pers\u00f6nlich vollzog das Ritual, bei dem die Jungj\u00e4ger durch 3 Schl\u00e4ge mit dem Waidblatt auf den Allerwertesten zum J\u00e4ger geschlagen wurden.<\/p>\n<p>Alle 7 Teilnehmer konnten die Pr\u00fcfungen erfolgreich ablegen womit die Erfolgsquote des Lehrgangs bei 100% liegt. Zu den Teilnehmern z\u00e4hlten sowohl 2 Frauen, Carina Schmidt und Nadine Brehl als auch ein Jugendjagdscheinanw\u00e4rter, Raphael K\u00e4mmerer.<\/p>\n<p>Die Pr\u00fcfungen gliedern sich in die Schriftliche-, Praktisch-M\u00fcndliche- sowie die Schie\u00dfpr\u00fcfung. Die Pr\u00fcfungsordnung erm\u00f6glicht es zudem, Durchgefallenen nur die Pr\u00fcfungsteile zu wiederholen, die nicht bestanden wurden.<\/p>\n<p>Der vom Jagdverein angebotene Blockunterricht ist nach wie vor Erfolgsgarant, f\u00fchrt die Teilnehmer zu einem hervorragenden Wissensstand und ist damit eine optimale Vorbereitung auf die Pr\u00fcfungen und der Aus\u00fcbung des Waidwerks danach.<\/p>\n<p>Auch in diesem Jahr f\u00fchrt der Jagdverein einen Jungj\u00e4gerlehrgang durch. Dieser beginnt am 22.08.2014 um 19:30 Uhr auf dem Schie\u00dfstand in Dammersbach. Interessenten k\u00f6nnen sich noch bis zum Beginn des Lehrgang beim Lehrgangsleiter Joerg Hartmann unter Tel.: 0171 \/ 16 77 350 anmelden. Im Rahmen des Ausbildungslehrganges wird auch dieses Jahr wieder ein Fangjagdlehrgang am 08.11.2014 angeboten, zu dem sich Interessenten mit einer E-Mail an\u00a0<a href=\"mailto:info@jv-diana.de\">info@jv-diana.de<\/a>\u00a0anmelden k\u00f6nnen. Weitere Informationen erhalten Sie auch im Internet unter http:\/\/www.jv-diana.de<\/p>\n","protected":false},"excerpt":{"rendered":"<p>Am Samstag, den 28.06.2014 fand im Th\u00fcringer Rh\u00f6nhaus in der N\u00e4he von Oberweid der feierliche Abschluss des Jungj\u00e4gerlehrgangs 2013\/2014 im Jagdverein Diana H\u00fcnfeld, der \u201cJ\u00e4gerschlag\u201c statt. Kreisjagdberater J\u00fcrgen Manns h\u00f6chst pers\u00f6nlich vollzog das Ritual, bei dem die Jungj\u00e4ger durch 3 Schl\u00e4ge mit dem Waidblatt auf den Allerwertesten zum J\u00e4ger geschlagen&#8230;<\/p>\n<p> <a class=\"continue-reading-link\" href=\"https:\/\/www.jvdiana.de\/cm\/2014\/06\/29\/jaegerschlag-2014\/\"><span>Weiterlesen&#8230;<\/span><i class=\"crycon-right-dir\"><\/i><\/a> <\/p>\n","protected":false},"author":1,"featured_media":0,"comment_status":"closed","ping_status":"open","sticky":false,"template":"","format":"standard","meta":{"footnotes":""},"categories":[1,10],"tags":[],"class_list":["post-340","post","type-post","status-publish","format-standard","hentry","category-allgemein","category-jungjaeger"],"_links":{"self":[{"href":"https:\/\/www.jvdiana.de\/cm\/wp-json\/wp\/v2\/posts\/340","targetHints":{"allow":["GET"]}}],"collection":[{"href":"https:\/\/www.jvdiana.de\/cm\/wp-json\/wp\/v2\/posts"}],"about":[{"href":"https:\/\/www.jvdiana.de\/cm\/wp-json\/wp\/v2\/types\/post"}],"author":[{"embeddable":true,"href":"https:\/\/www.jvdiana.de\/cm\/wp-json\/wp\/v2\/users\/1"}],"replies":[{"embeddable":true,"href":"https:\/\/www.jvdiana.de\/cm\/wp-json\/wp\/v2\/comments?post=340"}],"version-history":[{"count":1,"href":"https:\/\/www.jvdiana.de\/cm\/wp-json\/wp\/v2\/posts\/340\/revisions"}],"predecessor-version":[{"id":342,"href":"https:\/\/www.jvdiana.de\/cm\/wp-json\/wp\/v2\/posts\/340\/revisions\/342"}],"wp:attachment":[{"href":"https:\/\/www.jvdiana.de\/cm\/wp-json\/wp\/v2\/media?parent=340"}],"wp:term":[{"taxonomy":"category","embeddable":true,"href":"https:\/\/www.jvdiana.de\/cm\/wp-json\/wp\/v2\/categories?post=340"},{"taxonomy":"post_tag","embeddable":true,"href":"https:\/\/www.jvdiana.de\/cm\/wp-json\/wp\/v2\/tags?post=340"}],"curies":[{"name":"wp","href":"https:\/\/api.w.org\/{rel}","templated":true}]}}