{"id":346,"date":"2015-07-17T15:30:25","date_gmt":"2015-07-17T13:30:25","guid":{"rendered":"http:\/\/www.jvdiana.de\/cm\/?p=346"},"modified":"2019-07-21T22:00:12","modified_gmt":"2019-07-21T20:00:12","slug":"jaegerschlag-2015","status":"publish","type":"post","link":"https:\/\/www.jvdiana.de\/cm\/2015\/07\/17\/jaegerschlag-2015\/","title":{"rendered":"J\u00e4gerschlag 2015"},"content":{"rendered":"<div id=\"attachment_347\" style=\"width: 4938px\" class=\"wp-caption alignnone\"><img loading=\"lazy\" decoding=\"async\" aria-describedby=\"caption-attachment-347\" class=\"size-full wp-image-347\" src=\"http:\/\/www.jvdiana.de\/cm\/wp-content\/uploads\/2019\/07\/2015_jaegerschlag_jungjaeger.jpg\" alt=\"1. Reihe: Marcus Neuland (Schie\u00dfausbildung), Dr. Sebastian K\u00fchn (H\u00fcnfeld), Steffen Hodes (Burghaun) 2. Reihe: Karsten Plappert (Hofbieber), Elias Christl (Gro\u00dfenbach), Gregor Bosold (Steinbach), Laurenz Heil (Petersberg) 3. Reihe: Alexander Braun (Steinhaus), Matthias Rippert (Petersberg), Astrid G\u00e4rtner (K\u00fcnzell), Nadine Rentsch-Mihm (N\u00fcsttal), Jochen Diegelmann (Dipperz) 4. Reihe: Patrick Felix (H\u00fcnfeld), Jochen-Paul Weber (N\u00fcsttal) 5. Reihe: Werner H\u00fcfner (Hundeausbildung), J\u00fcrgen Manns (Jagdpraxis), Joerg Hartmann (Lehrgangsleiter\/Schie\u00dfwesen), Ludwig Glotzbach (Wald- und Landbau)\" width=\"4928\" height=\"3264\" srcset=\"https:\/\/www.jvdiana.de\/cm\/wp-content\/uploads\/2019\/07\/2015_jaegerschlag_jungjaeger.jpg 4928w, https:\/\/www.jvdiana.de\/cm\/wp-content\/uploads\/2019\/07\/2015_jaegerschlag_jungjaeger-300x199.jpg 300w, https:\/\/www.jvdiana.de\/cm\/wp-content\/uploads\/2019\/07\/2015_jaegerschlag_jungjaeger-768x509.jpg 768w, https:\/\/www.jvdiana.de\/cm\/wp-content\/uploads\/2019\/07\/2015_jaegerschlag_jungjaeger-1024x678.jpg 1024w, https:\/\/www.jvdiana.de\/cm\/wp-content\/uploads\/2019\/07\/2015_jaegerschlag_jungjaeger-150x99.jpg 150w\" sizes=\"auto, (max-width: 4928px) 100vw, 4928px\" \/><p id=\"caption-attachment-347\" class=\"wp-caption-text\">1. Reihe: Marcus Neuland (Schie\u00dfausbildung), Dr. Sebastian K\u00fchn (H\u00fcnfeld), Steffen Hodes (Burghaun) 2. Reihe: Karsten Plappert (Hofbieber), Elias Christl (Gro\u00dfenbach), Gregor Bosold (Steinbach), Laurenz Heil (Petersberg) 3. Reihe: Alexander Braun (Steinhaus), Matthias Rippert (Petersberg), Astrid G\u00e4rtner (K\u00fcnzell), Nadine Rentsch-Mihm (N\u00fcsttal), Jochen Diegelmann (Dipperz) 4. Reihe: Patrick Felix (H\u00fcnfeld), Jochen-Paul Weber (N\u00fcsttal) 5. Reihe: Werner H\u00fcfner (Hundeausbildung), J\u00fcrgen Manns (Jagdpraxis), Joerg Hartmann (Lehrgangsleiter\/Schie\u00dfwesen), Ludwig Glotzbach (Wald- und Landbau)<\/p><\/div>\n<p>Gro\u00dfenbach.<br \/>\n\u201eJagd ist kein Hobby sondern Handwerk und Passion. Wer als J\u00e4ger sein Handwerk ehrenhaft aus\u00fcbt, stellt sich der Verantwortung f\u00fcr unsere Wildtiere als Mitgesch\u00f6pfe. Jagd hei\u00dft, der Gesellschaft ein gesundes und in hohem Ma\u00dfe tierschutzgerecht produziertes Lebensmittel zur Verf\u00fcgung zu stellen und gleichzeitig Biotope zu hegen, also die Lebensr\u00e4ume f\u00fcr unsere Wildtiere zu erhalten und zu verbessern.\u201c Mit diesen Worten leitete Kreisjagdberater J\u00fcrgen Manns am vergangenen Samstag das feierliche Zeremoniell zur Aufnahme von 15 Jungj\u00e4gerinnen und Jungj\u00e4gern in den Stand der J\u00e4ger ein. Alle 15 hatten bereits im Mai \u2013 gut ausgebildet durch den Jagdverein Diana H\u00fcnfeld e.V.\u00a0 \u2013\u00a0 die staatliche J\u00e4gerpr\u00fcfung abgelegt. Durch drei Schl\u00e4ge mit dem Waidblatt auf das Ges\u00e4\u00df wurden die \u201eJ\u00e4ger-Lehrlinge\u201c nun wehrhaft gesprochen und offiziell in die Reihen der J\u00e4gerschaft aufgenommen. Dabei gaben sie ihr stilles Versprechen ab, k\u00fcnftig mit Anstand und Ehre nach den Regeln der Waidgerechtigkeit zu jagen. Nach \u00dcbergabe der J\u00e4gerbriefe durch den Ausbildungsleiter Joerg Hartmann und dem zweifelhaften Genuss eines J\u00e4gertrunkes feierten die frischgebackenen J\u00e4ger mit Ihren Angeh\u00f6rigen und Ausbildern bis in die fr\u00fchen Morgenstunden.<\/p>\n<p>Bereits im August beginnt ein neuer Lehrgang des Jagdvereins Diana H\u00fcnfeld e.V. \u2013 dann zur Vorbereitung auf die J\u00e4gerpr\u00fcfung 2016. Anmeldungen nimmt der Lehrgangsleiter Joerg Hartmann oder jedes Vorstandsmitglied gerne entgegen.<\/p>\n<p>Der Vorstellungsabend zum konkreten Ablauf des Ausbildungslehrgangs oder zur pers\u00f6nlichen Anmeldung findet am 17. Juli 2015 um 19:30 Uhr auf dem Schie\u00dfstand \u201eRo\u00dfkuppe\u201c bei Dammersbach statt.<\/p>\n<p>Kontakt 0171-1677350 oder\u00a0<a href=\"mailto:info@jv-diana.de\">info@jv-diana.de<\/a>\u00a0bzw. www.jv-diana.de.<\/p>\n","protected":false},"excerpt":{"rendered":"<p>Gro\u00dfenbach. \u201eJagd ist kein Hobby sondern Handwerk und Passion. Wer als J\u00e4ger sein Handwerk ehrenhaft aus\u00fcbt, stellt sich der Verantwortung f\u00fcr unsere Wildtiere als Mitgesch\u00f6pfe. Jagd hei\u00dft, der Gesellschaft ein gesundes und in hohem Ma\u00dfe tierschutzgerecht produziertes Lebensmittel zur Verf\u00fcgung zu stellen und gleichzeitig Biotope zu hegen, also die Lebensr\u00e4ume&#8230;<\/p>\n<p> <a class=\"continue-reading-link\" href=\"https:\/\/www.jvdiana.de\/cm\/2015\/07\/17\/jaegerschlag-2015\/\"><span>Weiterlesen&#8230;<\/span><i class=\"crycon-right-dir\"><\/i><\/a> <\/p>\n","protected":false},"author":1,"featured_media":0,"comment_status":"closed","ping_status":"open","sticky":false,"template":"","format":"standard","meta":{"footnotes":""},"categories":[1,10],"tags":[],"class_list":["post-346","post","type-post","status-publish","format-standard","hentry","category-allgemein","category-jungjaeger"],"_links":{"self":[{"href":"https:\/\/www.jvdiana.de\/cm\/wp-json\/wp\/v2\/posts\/346","targetHints":{"allow":["GET"]}}],"collection":[{"href":"https:\/\/www.jvdiana.de\/cm\/wp-json\/wp\/v2\/posts"}],"about":[{"href":"https:\/\/www.jvdiana.de\/cm\/wp-json\/wp\/v2\/types\/post"}],"author":[{"embeddable":true,"href":"https:\/\/www.jvdiana.de\/cm\/wp-json\/wp\/v2\/users\/1"}],"replies":[{"embeddable":true,"href":"https:\/\/www.jvdiana.de\/cm\/wp-json\/wp\/v2\/comments?post=346"}],"version-history":[{"count":1,"href":"https:\/\/www.jvdiana.de\/cm\/wp-json\/wp\/v2\/posts\/346\/revisions"}],"predecessor-version":[{"id":348,"href":"https:\/\/www.jvdiana.de\/cm\/wp-json\/wp\/v2\/posts\/346\/revisions\/348"}],"wp:attachment":[{"href":"https:\/\/www.jvdiana.de\/cm\/wp-json\/wp\/v2\/media?parent=346"}],"wp:term":[{"taxonomy":"category","embeddable":true,"href":"https:\/\/www.jvdiana.de\/cm\/wp-json\/wp\/v2\/categories?post=346"},{"taxonomy":"post_tag","embeddable":true,"href":"https:\/\/www.jvdiana.de\/cm\/wp-json\/wp\/v2\/tags?post=346"}],"curies":[{"name":"wp","href":"https:\/\/api.w.org\/{rel}","templated":true}]}}