{"id":372,"date":"2008-05-13T15:30:23","date_gmt":"2008-05-13T13:30:23","guid":{"rendered":"http:\/\/www.jvdiana.de\/cm\/?p=372"},"modified":"2019-07-21T22:21:17","modified_gmt":"2019-07-21T20:21:17","slug":"jagdhornblaeser-waren-zwei-mal-vorne-dabei","status":"publish","type":"post","link":"https:\/\/www.jvdiana.de\/cm\/2008\/05\/13\/jagdhornblaeser-waren-zwei-mal-vorne-dabei\/","title":{"rendered":"Jagdhornbl\u00e4ser waren zwei mal vorne dabei"},"content":{"rendered":"<p>Kranichstein (HZ)<br \/>\nDie wundersch\u00f6ne Kulisse des weitl\u00e4ufigen Parks des Jagdschlosses Kranichstein bei Darmstadt bildete den Rahmen f\u00fcr den Landes- und Bundeswettbewerb im Jagdhornblasen. \u00dcber 1000 Bl\u00e4serinnen und Bl\u00e4ser aus ganz Deutschland reisten an, um in vier unterschiedlichen Wertungsgruppen ihr K\u00f6nnen unter Beweis zu stellen.<\/p>\n<p>Pr\u00e4sentieren die Bl\u00e4sergruppen in den Wertungskategorien C, B und A mit den so genannten Kleinen F\u00fcrst-Pless H\u00f6rnern ihre bl\u00e4serische Fertigkeit, so ist der Anspruch in der Klasse G, der K\u00f6nigsklasse im Jagdhornblasen, am gr\u00f6\u00dften. Perfekte Vielstimmigkeit mit den F\u00fcrst-Pless- und den gro\u00dfen Parforce-H\u00f6rnern ist gefordert. F\u00fcnf Wertungsrichter aus Deutschland und \u00d6sterreich hatten die Aufgabe, das K\u00f6nnen jeder Gruppe nach den Wertungskriterien notengerechter Vortrag, Tonreinheit und Gesamteindruck zu beurteilen.<\/p>\n<p>Bei f\u00fcr alle Beteiligten sehr schwierigen \u00e4u\u00dferen Bedingungen \u2013 das Thermometer kletterte teilweise \u00fcber 35 Grad Celsius \u2013 stellte das 1. Jagdhornbl\u00e4serkorps im Jagdverein Diana H\u00fcnfeld unter der Leitung von Meinrad Bender sein K\u00f6nnen unter Beweis. Die 15 Bl\u00e4serinnen und Bl\u00e4ser, von denen vier erst seit drei Jahren der Jagdmusik fr\u00f6nen, erreichten bei den Hessischen Landesmeisterschaften einen sehr guten dritten Platz und qualifizierten sich damit f\u00fcr den tags darauf angesetzten Bundeswettbewerb.<\/p>\n<p>Eine deutliche Leistungssteigerung f\u00fchrte dazu, dass sich die Aktiven gegen die Konkurrenz aus Deutschland unter 29 Bl\u00e4sergruppen einen 11. Platz erk\u00e4mpften und somit knapp hinter Hubertus Bergstra\u00dfe zweitbestes hessisches Bl\u00e4serkorps wurden.<\/p>\n","protected":false},"excerpt":{"rendered":"<p>Kranichstein (HZ) Die wundersch\u00f6ne Kulisse des weitl\u00e4ufigen Parks des Jagdschlosses Kranichstein bei Darmstadt bildete den Rahmen f\u00fcr den Landes- und Bundeswettbewerb im Jagdhornblasen. \u00dcber 1000 Bl\u00e4serinnen und Bl\u00e4ser aus ganz Deutschland reisten an, um in vier unterschiedlichen Wertungsgruppen ihr K\u00f6nnen unter Beweis zu stellen. Pr\u00e4sentieren die Bl\u00e4sergruppen in den Wertungskategorien&#8230;<\/p>\n<p> <a class=\"continue-reading-link\" href=\"https:\/\/www.jvdiana.de\/cm\/2008\/05\/13\/jagdhornblaeser-waren-zwei-mal-vorne-dabei\/\"><span>Weiterlesen&#8230;<\/span><i class=\"crycon-right-dir\"><\/i><\/a> <\/p>\n","protected":false},"author":1,"featured_media":0,"comment_status":"closed","ping_status":"open","sticky":false,"template":"","format":"standard","meta":{"footnotes":""},"categories":[1,12],"tags":[],"class_list":["post-372","post","type-post","status-publish","format-standard","hentry","category-allgemein","category-jagdhornblaeser"],"_links":{"self":[{"href":"https:\/\/www.jvdiana.de\/cm\/wp-json\/wp\/v2\/posts\/372","targetHints":{"allow":["GET"]}}],"collection":[{"href":"https:\/\/www.jvdiana.de\/cm\/wp-json\/wp\/v2\/posts"}],"about":[{"href":"https:\/\/www.jvdiana.de\/cm\/wp-json\/wp\/v2\/types\/post"}],"author":[{"embeddable":true,"href":"https:\/\/www.jvdiana.de\/cm\/wp-json\/wp\/v2\/users\/1"}],"replies":[{"embeddable":true,"href":"https:\/\/www.jvdiana.de\/cm\/wp-json\/wp\/v2\/comments?post=372"}],"version-history":[{"count":1,"href":"https:\/\/www.jvdiana.de\/cm\/wp-json\/wp\/v2\/posts\/372\/revisions"}],"predecessor-version":[{"id":373,"href":"https:\/\/www.jvdiana.de\/cm\/wp-json\/wp\/v2\/posts\/372\/revisions\/373"}],"wp:attachment":[{"href":"https:\/\/www.jvdiana.de\/cm\/wp-json\/wp\/v2\/media?parent=372"}],"wp:term":[{"taxonomy":"category","embeddable":true,"href":"https:\/\/www.jvdiana.de\/cm\/wp-json\/wp\/v2\/categories?post=372"},{"taxonomy":"post_tag","embeddable":true,"href":"https:\/\/www.jvdiana.de\/cm\/wp-json\/wp\/v2\/tags?post=372"}],"curies":[{"name":"wp","href":"https:\/\/api.w.org\/{rel}","templated":true}]}}