{"id":391,"date":"2007-04-01T15:30:52","date_gmt":"2007-04-01T13:30:52","guid":{"rendered":"http:\/\/www.jvdiana.de\/cm\/?p=391"},"modified":"2019-07-23T01:47:43","modified_gmt":"2019-07-22T23:47:43","slug":"jahreshauptversammlung-2007","status":"publish","type":"post","link":"https:\/\/www.jvdiana.de\/cm\/2007\/04\/01\/jahreshauptversammlung-2007\/","title":{"rendered":"Jahreshauptversammlung 2007"},"content":{"rendered":"<div id=\"attachment_392\" style=\"width: 810px\" class=\"wp-caption alignnone\"><img loading=\"lazy\" decoding=\"async\" aria-describedby=\"caption-attachment-392\" class=\"size-full wp-image-392\" src=\"http:\/\/www.jvdiana.de\/cm\/wp-content\/uploads\/2019\/07\/jhv_2007_ehrungen.jpg\" alt=\"Von Links nach rechts: Dr. Rainer Kunz, Hermann-Josef Stangier, Stephan M\u00f6ller, Hans-Ludwig Leubecher , Ludwig Becker, J\u00f6rg Ammermann, Georg Laibach ,1. Vorsitzender Peter Lohfink. 2. Vorsitzender Michael Kircher \" width=\"800\" height=\"429\" srcset=\"https:\/\/www.jvdiana.de\/cm\/wp-content\/uploads\/2019\/07\/jhv_2007_ehrungen.jpg 800w, https:\/\/www.jvdiana.de\/cm\/wp-content\/uploads\/2019\/07\/jhv_2007_ehrungen-300x161.jpg 300w, https:\/\/www.jvdiana.de\/cm\/wp-content\/uploads\/2019\/07\/jhv_2007_ehrungen-768x412.jpg 768w, https:\/\/www.jvdiana.de\/cm\/wp-content\/uploads\/2019\/07\/jhv_2007_ehrungen-150x80.jpg 150w\" sizes=\"auto, (max-width: 800px) 100vw, 800px\" \/><p id=\"caption-attachment-392\" class=\"wp-caption-text\">Von Links nach rechts: Dr. Rainer Kunz, Hermann-Josef Stangier, Stephan M\u00f6ller, Hans-Ludwig Leubecher , Ludwig Becker, J\u00f6rg Ammermann, Georg Laibach ,1. Vorsitzender Peter Lohfink. 2. Vorsitzender Michael Kircher<\/p><\/div>\n<p>Am 27.03.2006 fand in der Gastst\u00e4tte \u201e Zum Goldenen Stern\u201c in Gro\u00dfenbach die Jahreshauptversammlung des Jagdvereins DIANA H\u00fcnfeld Statt. Nachdem das 1. Jagdhornbl\u00e4serkorps unter der Leitung von Georg Laibach das Signal &#8222;Begr\u00fc\u00dfung&#8220; vorgetragen hatten, konnte der 1. Vorsitzender im gut besetzten Saal neben den Vereinsmitgliedern, die Ehrenmitglieder Alfred L\u00fchn und G\u00fcnther Dienst, sowie den Kreisjagdberater J\u00fcrgen Manns begr\u00fc\u00dfen. Nach der Feststellung der ordnungsgem\u00e4\u00dfen Einladung folgte die Totenehrung der im letzten Gesch\u00e4ftsjahr bis zur Jahreshauptversammlung verstorbenen Mitglieder. Unter Begleitung der Jagdhornbl\u00e4ser mit den Signalen \u201eJagd vorbei, Halali&#8220; wurde den Verstorbenen Willy Fey, H\u00fcnfeld; Winfried Heger, Hofbieber; Manfred Schneider, Mittelaschenbach; Hermann Sauer, Gro\u00dfenbach; Freifrau Ursula v. Seckendorff, Buchenau und Albert D\u00fcring, H\u00fcnhan gedacht. Im Anschluss gab der erste Vorsitzende einen umfassenden \u00dcberblick \u00fcber das Vereinsgesehen und die Arbeit des Vorstandes im abgelaufenen Jahr.<\/p>\n<p>Dies waren:<\/p>\n<p>Der Abschluss der Umbauma\u00dfnahmen am Schie\u00dfstand, die durchgef\u00fchrte Hessenmeisterschaft im Jagdlichen Schie\u00dfen, wobei die B- Mannschaft einen hervorragenden 1. Platz belegte. Die Neuanschaffung eines Rollhasen und der Trapmaschinen. Die Jungj\u00e4gerausbildung. Hier legt Claus Wolff nach 33 Jahren auf eigenen Wunsch die Lehrgangsleitung nieder. Au\u00dferdem wird der neue Jungj\u00e4gerkurs in Blockunterricht aufgeteilt werden.<\/p>\n<p>Die Neubesetzung der Pr\u00fcfungskommission Alfred L\u00fchn gibt diese Aufgabe an Herrn Hermann-Josef Stangier sowie dessen Stellvertreter Herr Georg Laibach ab. ( Sachgebiet 1 Wildtierkunde ) Die personellen Erneuerungen im 1. Bl\u00e4sercorps des Jagdvereins DIANA. Neuer Leiter ist Georg Laibach. Weiterhin sprach er \u00fcber die Novellierung des Jagdgesetzes und \u00fcber die Bestimmungen zur Probeentnahme zwecks Trichinenuntersuchung als Sachkundige Person beim Schwarzwild. Ein Lob erfolgte auch f\u00fcr die gute Zusammenarbeit mit dem Burghauner Forstamt sowie der Stadt H\u00fcnfeld. Es folgten die Ausf\u00fchrungen von Schatzmeister Stefan Heil, Nachdem der Umbau und die Gestaltung des Schiesstandes abgeschlossen sind, verblieb in der Kasse f\u00fcr das abgelaufene Jahr 2006\/2007 ein positiver Abschluss.<\/p>\n<p>Bericht zur Jungj\u00e4gerausbildung:<br \/>\nIn Vertretung f\u00fcr Claus Wolff \u00fcbernahm das der Kreisjagdberater J\u00fcrgen Manns, einschlie\u00dflich einer Stellungnahme zum Jagdgeschehen als Kreisjagdberater. Hier im Besonderen auf das momentan als Dipl.- Arbeit durchgef\u00fchrte Rebhuhnprojekt von Frau Scheckermann, sowie die erforderliche Pr\u00e4datorenbejagung zur St\u00e4rkung des Niederwildes. Die Mitarbeit der Jungj\u00e4ger ist gut. Termin f\u00fcr die schriftliche Pr\u00fcfung 21.04.07. Hier sei besonders zu erw\u00e4hnen dass im vergangenen Kurs von 11 gemeldeten Jungj\u00e4gern 9 die Pr\u00fcfung bestanden haben. ( 82%) Dies ist ein sehr gutes Ergebnis und zeigt den hohen Ausbildungsstand den der Kurs des Jagdvereins bietet. Auch in diesem Jahr f\u00fchrt der Jagdverein DIANA wieder einen Jungj\u00e4gerkurs durch. Interessenten k\u00f6nnen sich bereits jetzt schon anmelden bei Herrn Peter Lohfink Tel. 06652-5657. Kursbeginn wird im Juli sein.<\/p>\n<p>Bericht Schie\u00dfstand\/Schie\u00dfmannschaft: Eckard Emig<br \/>\nMit W\u00fcrdigung der Leistungen der Einzelsch\u00fctzen<\/p>\n<p>Bericht 1. Jagdhornbl\u00e4sercorps DIANA H\u00fcnfeld: Georg Laibach<\/p>\n<p>Bericht Fangjagdlehrgang: Joerg Hartmann<\/p>\n<p>Berichte der Rechnungspr\u00fcfer<\/p>\n<p>Die Kasse wurde von Roland Richter und Freifrau v. Campenhausen gepr\u00fcft. Herr Erich Brehm verlas den schriftlich verfasten Pr\u00fcfungsbericht, da beide Kassenpr\u00fcfer verhindert waren. Die Kasse ist ausgeglichen und es gab keine Beanstandungen. Auf schriftlichen Antrag von Freifrau v. Campenhausen, wurde dem Vorstand Einstimmig die Entlastung erteilt. N\u00e4chster Tagespunkt war die Neuwahl des gesamten Vorstandes. Als Wahlleiter fungierte der KJB J\u00fcrgen Manns.<\/p>\n<p>Gew\u00e4hlt wurden:<\/p>\n<p>1. Vorsitzender Peter Lohfink, Ro\u00dfbach<\/p>\n<p>2. Vorsitzender Michael Kircher, Burghaun<\/p>\n<p>Schatzmeister Joerg Hartmann Eiterfeld\/ Stellvertreter Stefan Heil, Petersberg<\/p>\n<p>Schriftf\u00fchrer Helmut Schott, Schenklengsfeld \/ Stellvertreter Stefan M\u00f6ller, Burghaun<\/p>\n<p>Pressewart Mathias Bender, Haunetal \/ Stellvertreter Michael Kircher, Burghaun<\/p>\n<p>Kassenpr\u00fcfer Reiner Seitz und Manfred B\u00f6s<\/p>\n<p>Es folgten die Ehrungen:<\/p>\n<p>25 Jahre Mitgliedschaft im Jagdverein DIANA<br \/>\nDr. Oliver Fey, H\u00fcnfeld<br \/>\nManfred Budenz, Hofbieber<br \/>\nWilhelm Hedrich, Burghaun<br \/>\nAnsgar Helfrich, Dammersbach<br \/>\nWalter Hess, Hosenfeld<br \/>\nManfred Koch, Eiterfeld<br \/>\nManfred Koch, Haunetal<br \/>\nAdolf Mannel, Hohenroda<br \/>\nWerner K\u00f6hler, Ehrenberg<br \/>\nLudwig Becker, Michelsrombach<br \/>\nDr. Reiner Kunz, H\u00fcnfeld<br \/>\nSilberne Ehrennadel des Deutschen Jagdschutz Verbandes (DJV)<br \/>\nAugust Reuter, Gro\u00dfentaft<\/p>\n<p>Bronzene Ehrennadel des DJV<br \/>\nPfarrer Eugen Kutzka, H\u00fcnfeld<br \/>\nHermann-Josef Stangier, H\u00fcnfeld<\/p>\n<p>Bronzene Ehrennadel des Landesjagdverbandes Hessen (LJV)<br \/>\nStefan Hohmann, Ufhausen<br \/>\nWilli Klee, Rasdorf<br \/>\nJ\u00f6rg Ammermann, Steinbach<br \/>\nGeorg Laibach, Eiterfeld<br \/>\nStephan M\u00f6ller, Burghaun<br \/>\nHans-Ludwig Leubecher, H\u00fcnfeld<\/p>\n<p>Der Stellvertretende Landesjagdvorsitzende G\u00fcnther Dienst richtete nach den Ehrungen ebenfalls das Wort an die Versammlung. In seiner Rede ging er auch auf das neue Bundesjagdgesetzt sowie die Zunahme des Anbaus von Mais und Getreide zwecks Energiegewinnung ein. Ebenso auf die dadurch entsehenden Wildsch\u00e4den. Mit einem z\u00fcnftigen Waidmannsheil f\u00fcr das Jagdjahr 2007\/2008 schloss der 1. Vorsitzender Peter Lohfink die Sitzung.<\/p>\n<p>Michael Kircher<br \/>\n(2. Vorsitzender des Jagdverein DIANA H\u00fcnfeld)<\/p>\n","protected":false},"excerpt":{"rendered":"<p>Am 27.03.2006 fand in der Gastst\u00e4tte \u201e Zum Goldenen Stern\u201c in Gro\u00dfenbach die Jahreshauptversammlung des Jagdvereins DIANA H\u00fcnfeld Statt. Nachdem das 1. Jagdhornbl\u00e4serkorps unter der Leitung von Georg Laibach das Signal &#8222;Begr\u00fc\u00dfung&#8220; vorgetragen hatten, konnte der 1. Vorsitzender im gut besetzten Saal neben den Vereinsmitgliedern, die Ehrenmitglieder Alfred L\u00fchn und&#8230;<\/p>\n<p> <a class=\"continue-reading-link\" href=\"https:\/\/www.jvdiana.de\/cm\/2007\/04\/01\/jahreshauptversammlung-2007\/\"><span>Weiterlesen&#8230;<\/span><i class=\"crycon-right-dir\"><\/i><\/a> <\/p>\n","protected":false},"author":1,"featured_media":0,"comment_status":"closed","ping_status":"open","sticky":false,"template":"","format":"standard","meta":{"footnotes":""},"categories":[1,17],"tags":[],"class_list":["post-391","post","type-post","status-publish","format-standard","hentry","category-allgemein","category-veranstaltungen"],"_links":{"self":[{"href":"https:\/\/www.jvdiana.de\/cm\/wp-json\/wp\/v2\/posts\/391","targetHints":{"allow":["GET"]}}],"collection":[{"href":"https:\/\/www.jvdiana.de\/cm\/wp-json\/wp\/v2\/posts"}],"about":[{"href":"https:\/\/www.jvdiana.de\/cm\/wp-json\/wp\/v2\/types\/post"}],"author":[{"embeddable":true,"href":"https:\/\/www.jvdiana.de\/cm\/wp-json\/wp\/v2\/users\/1"}],"replies":[{"embeddable":true,"href":"https:\/\/www.jvdiana.de\/cm\/wp-json\/wp\/v2\/comments?post=391"}],"version-history":[{"count":1,"href":"https:\/\/www.jvdiana.de\/cm\/wp-json\/wp\/v2\/posts\/391\/revisions"}],"predecessor-version":[{"id":393,"href":"https:\/\/www.jvdiana.de\/cm\/wp-json\/wp\/v2\/posts\/391\/revisions\/393"}],"wp:attachment":[{"href":"https:\/\/www.jvdiana.de\/cm\/wp-json\/wp\/v2\/media?parent=391"}],"wp:term":[{"taxonomy":"category","embeddable":true,"href":"https:\/\/www.jvdiana.de\/cm\/wp-json\/wp\/v2\/categories?post=391"},{"taxonomy":"post_tag","embeddable":true,"href":"https:\/\/www.jvdiana.de\/cm\/wp-json\/wp\/v2\/tags?post=391"}],"curies":[{"name":"wp","href":"https:\/\/api.w.org\/{rel}","templated":true}]}}