{"id":421,"date":"2007-06-15T15:30:16","date_gmt":"2007-06-15T13:30:16","guid":{"rendered":"http:\/\/www.jvdiana.de\/cm\/?p=421"},"modified":"2019-07-22T23:05:49","modified_gmt":"2019-07-22T21:05:49","slug":"verabschiedung-von-klaus-wolff-als-ausbilder-und-lehrgangsleiter-der-jungjaegerausbildung","status":"publish","type":"post","link":"https:\/\/www.jvdiana.de\/cm\/2007\/06\/15\/verabschiedung-von-klaus-wolff-als-ausbilder-und-lehrgangsleiter-der-jungjaegerausbildung\/","title":{"rendered":"Verabschiedung von Klaus Wolff als Ausbilder und Lehrgangsleiter der Jungj\u00e4gerausbildung"},"content":{"rendered":"<div id=\"attachment_422\" style=\"width: 1797px\" class=\"wp-caption alignnone\"><img loading=\"lazy\" decoding=\"async\" aria-describedby=\"caption-attachment-422\" class=\"size-full wp-image-422\" src=\"http:\/\/www.jvdiana.de\/cm\/wp-content\/uploads\/2019\/07\/klaus_wolff.jpg\" alt=\"1. Vorsitzender Peter Lohfink und Klaus Wolf\" width=\"1787\" height=\"1344\" srcset=\"https:\/\/www.jvdiana.de\/cm\/wp-content\/uploads\/2019\/07\/klaus_wolff.jpg 1787w, https:\/\/www.jvdiana.de\/cm\/wp-content\/uploads\/2019\/07\/klaus_wolff-300x226.jpg 300w, https:\/\/www.jvdiana.de\/cm\/wp-content\/uploads\/2019\/07\/klaus_wolff-768x578.jpg 768w, https:\/\/www.jvdiana.de\/cm\/wp-content\/uploads\/2019\/07\/klaus_wolff-1024x770.jpg 1024w, https:\/\/www.jvdiana.de\/cm\/wp-content\/uploads\/2019\/07\/klaus_wolff-150x113.jpg 150w\" sizes=\"auto, (max-width: 1787px) 100vw, 1787px\" \/><p id=\"caption-attachment-422\" class=\"wp-caption-text\">Kreisjagdvereinsvors. Lohfink verabschiedete Klaus Wolff (rechts) nach dessen 32j#hriger T\u00e4tigkeit als &#8230;&#8230;<\/p><\/div>\n<p>Im Rahmen einer Feierstunde wurde am Freitag, den 15.06.2007 in der Gastst\u00e4tte zum \u201eGoldenen Stern\u201c in Gro\u00dfenbach der langj\u00e4hrige Ausbildungsleiter Klaus Wolff nach 32 Jahren Amtszeit verabschiedet.<\/p>\n<p>Der 1. Vorsitzende Peter Lohfink sprach in seiner Laudatio \u00fcber den langen Zeitraum dieses Wirkens. Nachdem Klaus Wolff im Jahre 1975 mit dem Fachbereich Wildtierkunde und Brauchtum seine Laufbahn als Ausbilder begann, wurde er 1981 als Ausbildungsleiter bestellt. Weit mehr als<br \/>\n500 Jungj\u00e4ger bildete er in dieser Zeit aus. Viele Freundschaften die in dieser Zeit entstanden sind halten bis heute.<\/p>\n<p>Ein weiteres Anliegen war ihm immer die gute Zusammenarbeit und Vermittlung zwischen den staatlichen F\u00f6rstern und den privaten J\u00e4gern. Klaus Wolff war immer ein Garant f\u00fcr einen interessanten Unterricht, und seine humorvolle sowie verst\u00e4ndliche Art brachten ihm auch in Nichtj\u00e4gerkreisen immer Anerkennung ein. Im Anschluss an die Rede \u00fcberreichte Ihm Herr Peter Lohfink ein Pr\u00e4sent. Ebenfalls eine Ansprache als Sprecher der Ausbilder hielt der Kreisjagdberater J\u00fcrgen Manns. Das Schlusswort kam dann von Klaus Wolff selbst. Es ist schon eine lange Zeit die hier ihr Ende nimmt, aber der Endschluss dieses Amt abzugeben komme von ihm selbst. Nat\u00fcrlich werde er dem Jagdverein in der Ausbildung der Jungj\u00e4ger noch mit Rat und Tat unterst\u00fctzen. Seinen Nachfolgern Joerg Hartmann als neuer Lehrgangsleiter, sowie Roland Richter als Ausbilder im Fach Wildtierkunde, w\u00fcnschte er f\u00fcr den neuen Lehrgang eine gute Hand und viel Erfolg.<\/p>\n<p>Umrahmt wurde die Feierstunde vom 1. Jagdhornbl\u00e4ser Corps des Jagdvereins DIANA H\u00fcnfeld unter Leitung von Georg Laibach.<\/p>\n<p>Der neue Jungj\u00e4gerlehrgang findet dieses Jahr erstmals in Form eines Blockunterrichtes statt. Informationen bzw. Anmeldung k\u00f6nnen beim Lehrgangleiter Joerg Hartmann, Tel.: 06672-8390 oder beim 1. Vorsitzenden Peter Lohfink, Tel.: 06652-5657 sowie unter www.jv-diana.de bzw.<br \/>\n<a>jv-diana@t-online.de<\/a> abgegeben oder eingeholt werden. Ein Informationsabend mit Vorstellung der Ausbilder findet am Freitag, 3. August, um 19.30 Uhr auf dem Schie\u00dfstand Ro\u00dfkuppe in Dammersbach statt.<\/p>\n","protected":false},"excerpt":{"rendered":"<p>Im Rahmen einer Feierstunde wurde am Freitag, den 15.06.2007 in der Gastst\u00e4tte zum \u201eGoldenen Stern\u201c in Gro\u00dfenbach der langj\u00e4hrige Ausbildungsleiter Klaus Wolff nach 32 Jahren Amtszeit verabschiedet. Der 1. Vorsitzende Peter Lohfink sprach in seiner Laudatio \u00fcber den langen Zeitraum dieses Wirkens. Nachdem Klaus Wolff im Jahre 1975 mit dem&#8230;<\/p>\n<p> <a class=\"continue-reading-link\" href=\"https:\/\/www.jvdiana.de\/cm\/2007\/06\/15\/verabschiedung-von-klaus-wolff-als-ausbilder-und-lehrgangsleiter-der-jungjaegerausbildung\/\"><span>Weiterlesen&#8230;<\/span><i class=\"crycon-right-dir\"><\/i><\/a> <\/p>\n","protected":false},"author":1,"featured_media":0,"comment_status":"closed","ping_status":"open","sticky":false,"template":"","format":"standard","meta":{"footnotes":""},"categories":[1,10],"tags":[],"class_list":["post-421","post","type-post","status-publish","format-standard","hentry","category-allgemein","category-jungjaeger"],"_links":{"self":[{"href":"https:\/\/www.jvdiana.de\/cm\/wp-json\/wp\/v2\/posts\/421","targetHints":{"allow":["GET"]}}],"collection":[{"href":"https:\/\/www.jvdiana.de\/cm\/wp-json\/wp\/v2\/posts"}],"about":[{"href":"https:\/\/www.jvdiana.de\/cm\/wp-json\/wp\/v2\/types\/post"}],"author":[{"embeddable":true,"href":"https:\/\/www.jvdiana.de\/cm\/wp-json\/wp\/v2\/users\/1"}],"replies":[{"embeddable":true,"href":"https:\/\/www.jvdiana.de\/cm\/wp-json\/wp\/v2\/comments?post=421"}],"version-history":[{"count":1,"href":"https:\/\/www.jvdiana.de\/cm\/wp-json\/wp\/v2\/posts\/421\/revisions"}],"predecessor-version":[{"id":423,"href":"https:\/\/www.jvdiana.de\/cm\/wp-json\/wp\/v2\/posts\/421\/revisions\/423"}],"wp:attachment":[{"href":"https:\/\/www.jvdiana.de\/cm\/wp-json\/wp\/v2\/media?parent=421"}],"wp:term":[{"taxonomy":"category","embeddable":true,"href":"https:\/\/www.jvdiana.de\/cm\/wp-json\/wp\/v2\/categories?post=421"},{"taxonomy":"post_tag","embeddable":true,"href":"https:\/\/www.jvdiana.de\/cm\/wp-json\/wp\/v2\/tags?post=421"}],"curies":[{"name":"wp","href":"https:\/\/api.w.org\/{rel}","templated":true}]}}