{"id":429,"date":"2009-03-22T15:30:36","date_gmt":"2009-03-22T14:30:36","guid":{"rendered":"http:\/\/www.jvdiana.de\/cm\/?p=429"},"modified":"2019-07-23T01:47:51","modified_gmt":"2019-07-22T23:47:51","slug":"jahreshauptversammlung-2009","status":"publish","type":"post","link":"https:\/\/www.jvdiana.de\/cm\/2009\/03\/22\/jahreshauptversammlung-2009\/","title":{"rendered":"Jahreshauptversammlung 2009"},"content":{"rendered":"<div id=\"attachment_430\" style=\"width: 2618px\" class=\"wp-caption alignnone\"><img loading=\"lazy\" decoding=\"async\" aria-describedby=\"caption-attachment-430\" class=\"size-full wp-image-430\" src=\"http:\/\/www.jvdiana.de\/cm\/wp-content\/uploads\/2019\/07\/2009-03-11_jhv_ehrungen.jpg\" alt=\"Die geehrten von links: Hermann-Josef Hohmann, Paul K\u00e4smann, Reinhold Giebel, Lothar R\u00f6der, Ulrich Holler, J\u00fcrgen Manns (Kreisjagdberater), Helmut Leister, Albert Ritz, Wolfhard Dotzauer, Peter Lohfink (1. Vorsitzender) Rudi Gei\u00dfler, Pfarrer Eugen Kutzka, Michael Kircher (2. Vorsitzender) Thomas Vieth\" width=\"2608\" height=\"1575\" srcset=\"https:\/\/www.jvdiana.de\/cm\/wp-content\/uploads\/2019\/07\/2009-03-11_jhv_ehrungen.jpg 2608w, https:\/\/www.jvdiana.de\/cm\/wp-content\/uploads\/2019\/07\/2009-03-11_jhv_ehrungen-300x181.jpg 300w, https:\/\/www.jvdiana.de\/cm\/wp-content\/uploads\/2019\/07\/2009-03-11_jhv_ehrungen-768x464.jpg 768w, https:\/\/www.jvdiana.de\/cm\/wp-content\/uploads\/2019\/07\/2009-03-11_jhv_ehrungen-1024x618.jpg 1024w, https:\/\/www.jvdiana.de\/cm\/wp-content\/uploads\/2019\/07\/2009-03-11_jhv_ehrungen-150x91.jpg 150w\" sizes=\"auto, (max-width: 2608px) 100vw, 2608px\" \/><p id=\"caption-attachment-430\" class=\"wp-caption-text\">Die geehrten von links: Hermann-Josef Hohmann, Paul K\u00e4smann, Reinhold Giebel, Lothar R\u00f6der, Ulrich Holler, J\u00fcrgen Manns (Kreisjagdberater), Helmut Leister, Albert Ritz, Wolfhard Dotzauer, Peter Lohfink (1. Vorsitzender) Rudi Gei\u00dfler, Pfarrer Eugen Kutzka, Michael Kircher (2. Vorsitzender) Thomas Vieth<\/p><\/div>\n<p>Am 10.03.2009 fand in der Gastst\u00e4tte \u201e Zum Goldenen Stern\u201c in Gro\u00dfenbach die Jahreshauptversammlung des Jagdvereins Diana H\u00fcnfeld statt. Nachdem das 1. Jagdhornbl\u00e4serkorps unter Leitung von Georg Laibach das Signal &#8222;Begr\u00fc\u00dfung&#8220; geblasen hatte, konnte der 1. Vorsitzende im Saal neben den Vereinsmitgliedern, den Kreisjagdberater J\u00fcrgen Manns, die Ehrenmitglieder Hans Sauer und Alfred L\u00fchn begr\u00fc\u00dfen.<\/p>\n<p>Nach Feststellung der satzungsgem\u00e4\u00dfen Einladung folgte die Totenehrung der im letzten Gesch\u00e4ftsjahr bis zur Jahreshauptversammlung verstorbenen Mitglieder. Unter Begleitung des Jagdhornbl\u00e4sercorps mit den Signalen \u201eJagd vorbei\u201c und \u201eHalali&#8220; wurde den Verstorbenen Adolf B\u00e4hr, Robert Burkard, Max-Dieter von Elterlein, G\u00fcnther Vollmer, August Nophut, Friedrich Hofmann, Reinhard Hartmann, Anton Litz und Emil Reuter gedacht.<\/p>\n<p>Im Anschluss gab der 1. Vorsitzende einen umfassenden \u00dcberblick \u00fcber das Vereinsgeschehen und die Arbeit des Vorstandes im abgelaufenen Jahr.<\/p>\n<p>Lohfink lobte die positive Entwicklung des Aush\u00e4ngeschilde<\/p>\n<p>s des Vereins, den Schie\u00dfstand, der auch in diesem Jahr wieder ohne Beanstandung bei der alle 4 Jahre statt findenden Pr\u00fcfung von einem durch das Regierungspr\u00e4sidium Kassel zugelassenen Sachverst\u00e4ndigen abgenommen wurde. Aufgrund gesetzlicher Anforderungen wurde auf PAK (polycyclische aromatische Kohlenwasserstoffe) -freie Tontauben umgestellt. Der Schie\u00dfstand ist nach wie vor Ausbildungs- und Seminarzentrum f\u00fcr den Verein. Allem voran die Jungj\u00e4gerausbildung, aber auch Seminare zur \u201eKundigen Person\u201c, Kr\u00e4henjagd- und Fangjadseminare werden hier angeboten und durchgef\u00fchrt.<\/p>\n<p>Hinsichtlich der Pr\u00e4senz des Jagdvereins bei Beerdigungen von Vereinsmitgliedern wurde eine neue Regelung von Lohfink vorgeschlagen und von der Versammlung einstimmig angenommen. J\u00fcrgen Manns wird als Kreisjagdberater f\u00fcr weitere 4 Jahre vorgeschlagen. Die neue Pr\u00fcfungsordnung f\u00fcr Jagdhunde erlaubt Hunden ohne Ahnentafel die Teilnahme an Jagdeignungspr\u00fcfungen, diesen Umstand lehnt der Verein ab und beh\u00e4lt die bisher \u00fcbliche Regelung bei, um die qualitative Arbeit und das Engagement von Z\u00fcchtern weiterhin zu f\u00f6rdern. Im Abschluss seines Resumes dankte Lohfink den Vorstandsmitgliedern, Jungj\u00e4gerausbildern, Schie\u00dfmeistern, der Schie\u00dfmannschaft, dem 1. Jagdhornbl\u00e4sercorps Diana H\u00fcnfeld und der Stadt H\u00fcnfeld f\u00fcr die gute Zusammenarbeit.<\/p>\n<p>J\u00f6rg Hartmann, der als Kassenwart und Obmann f\u00fc<\/p>\n<p>r die Jungj\u00e4gerausbildung zust\u00e4ndig ist, gab zun\u00e4chst einen \u00dcberblick der Einnahmen und Ausgaben. Auch in diesem Jahr streben 9 Teilnehmer, darunter 2 Frauen und 2 Jugendjagdscheinanw\u00e4rter das gr\u00fcne Abitur an. Die Anzahl der Teilnehmer ist zwar im Vergleich zum Vorjahr gesunken, allerdings sind die Jagdscheinanw\u00e4rter sehr engagiert. Auch in diesem Jahr f\u00fchrt der Jagdverein DIANA wieder einen Jungj\u00e4gerkurs mit Blockunterricht durch. Interessenten k\u00f6nnen sich bereits jetzt schon bei Herrn Peter Lohfink unter Tel. 06652 \/ 5657 anmelden<\/p>\n<p>Hartmann, der auch die Fangjagdlehrg\u00e4nge im Verein durchf\u00fchrt lobte zun\u00e4chst die positive Berichtserstattung zu diesem Thema in der Zeitung. Die EU f\u00fchrt derzeit eine Umfrage zur Fangjagd im Internet durch, zu der Hartmann die Versammlung um rege Teilnahme aufforderte. Auch in diesem Jahr wird wieder ein Fangjagdlehrgang angeboten. Interessenten k\u00f6nnen sich bei Herrn Joerg Hartmann unter Tel. 0171 \/ 16 77 350 anmelden<\/p>\n<p>Eckard Emig als Schie\u00dfstandsleiter und Obmann f\u00fcr das Schie\u00dfwesen dankte den Verantwortlichen f\u00fcr den stetigen Einsatz, der zur Pflege und Erhaltung des Schie\u00dfstandes notwendig ist. Ganz besonders dankte er Claus Richter und den Schie\u00dfmeistern f\u00fcr die gute Zusammenarbeit. Die erfolgreiche Teilnahme der A-Mannschaft sowie die hervorragenden Leistungen der Sch\u00fctzen Werner Enders und Matthias M\u00f6ller hob er besonders hervor.<\/p>\n<p>Georg Laibach konnte 2 Nachwuchsbl\u00e4ser, Elias Christl und J\u00f6rn J\u00f6hrens in das Jagdhornbl\u00e4sercorps \u00fcbernehmen, so dass nun 13 Bl\u00e4serinnen und Bl\u00e4ser den Jagdverein aktiv unterst\u00fctzen. Die Gruppe hatte im vergangenen Jahr 31 Proben und war mit ihren 15 Auftritten f\u00fcr den Verein unterwegs. Die Bl\u00e4sergruppe feiert in diesem Jahr Ihr 30-j\u00e4hriges Bestehen und befindet sich daher schon in Vorbereitung f\u00fcr ein Bl\u00e4sertreffen am 05. September diesen Jahres. Ein Anf\u00e4ngerkurs wird auch in diesem Jahr wieder angeboten. Anmeldungen nimmt der 1. Vorsitzende, Peter Lohfink oder Georg Laibach entgegen. Der Unterricht beginnt ab 13. Mai 2009 immer mittwochs, im Probenraum der Stadt H\u00fcnfeld, Kaiserstr. 6.<\/p>\n<p>Im Anschluss referierte Kreisjagdberater J\u00fcrgen Manns \u00fcber die Sicherheit die beim Umgang mit Waffen stets Priorit\u00e4t hat. Gesellschaftsjagden sollten proaktiv und gut geplant werden um die Sicherheit aller Teilnehmer zu gew\u00e4hrleisten. Einen weiteren Appell richtete er an die Autofahrer, ihre Geschwindigkeiten in Waldabschnitten zur Vorbeugung von Wildunf\u00e4llen anzupassen. Die Schaffung von Lebensr\u00e4umen f\u00fcr das Niederwild war ein weiterer Punkt seiner Ausf\u00fchrungen. Dieses Thema betreffend findet, am 24. April um 19 Uhr ein Vortrag \u00fcber Rebh\u00fchner in der Volks- und Raiffeisenbank in H\u00fcnfeld statt. Im Abschluss seiner Ausf\u00fchrungen w\u00fcnschte Manns der Versammlung Guten Anblick, verst\u00e4ndnisvolle Partner, guten Treff und Waidmannsheil.<\/p>\n<p>Die Kasse wurde von Reiner Seitz und Manfred B\u00f6s gepr\u00fcft. Die Kasse ist ausgeglichen u<\/p>\n<p>nd es gab keine Beanstandungen. Auf Antrag von Reiner Seitz, wurde dem Vorstand Einstimmig die Entlastung erteilt.<\/p>\n<p>Unter TOP Verschiedenes ging Lohfink auf die Gef\u00e4hrdung des Stra\u00dfenverkehrs bei Dr\u00fcckjagden und die Aufbewahrung von Waffen und Munition w\u00e4hrend dem Transport ein.<br \/>\nEhrungen:<\/p>\n<p>F\u00fcr 50 Jahre Mitgliedschaft:<\/p>\n<ul>\n<li>Augustin Schmelz<\/li>\n<\/ul>\n<p>F\u00fcr 40 Jahre Mitgliedschaft:<\/p>\n<ul>\n<li>Reinhold Giebel<\/li>\n<li>Theo Hartmann<\/li>\n<li>Amand Hartung<\/li>\n<li>Rudi Geissler<\/li>\n<li>Herrmann-Josef Hohmann<\/li>\n<li>Paul K\u00e4smann<\/li>\n<li>Eugen Kutzka<\/li>\n<li>J\u00fcrgen Manns<\/li>\n<li>Walter Petter<\/li>\n<li>Werner Eifert<\/li>\n<li>Albert Ritz<\/li>\n<li>Lothar R\u00f6der<\/li>\n<li>Robert R\u00f6der<\/li>\n<li>Willi Sch\u00fctz<\/li>\n<li>Erhard Ziegler<\/li>\n<li>Adolf Isert<\/li>\n<li>Paul R\u00f6ssner<\/li>\n<\/ul>\n<p>F\u00fcr 25 Jahre Mitgliedschaft:<\/p>\n<ul>\n<li>Werner Eichler, Karl Goldbach, Thomas Vieth, Ulrich Holler<\/li>\n<\/ul>\n<p>Sonstige Ehrungen:<\/p>\n<ul>\n<li>Wolfhard Dotzauer, DJV Ehrennadel Silber<\/li>\n<li>Reinhold Giebel, DJV Ehrennadel Bronze<\/li>\n<li>Helmut Leister, LJV Ehrennadel Bronze<\/li>\n<li>Albert Jackwert, LJV Ehrennadel Bronze<\/li>\n<\/ul>\n<p>Mit einem z\u00fcnftigen Waidmannsheil f\u00fcr das Jagdjahr 2009\/2010 schloss der 1. Vorsitzender Peter Lohfink die Sitzung.<\/p>\n<p>Interessenten an Lehrg\u00e4ngen des Jagdvereins Im Jahr 2009 werden gebeten sich direkt anzumelden:<\/p>\n<p>Lehrgang zur Schulung sachkundiger Personen:<br \/>\nHerr Manfred B\u00f6s, Tel.: 06652 \/ 71 95 8<\/p>\n<p>Jagdhornblasen:<br \/>\nHerr Georg Laibach, Tel.: 06652 \/ 22 76<\/p>\n<p>Hundef\u00fchrerlehrgang mit JEP:<br \/>\nStefan Hohmann, Tel.: 06676 \/ 67 1<\/p>\n<p>Fangjagdlehrgang und Jungj\u00e4gerausbildung:<br \/>\nJoerg Hartmann, Tel.: 0171 \/ 16 77 35 0<\/p>\n<p>Schie\u00dfstandbuchung:<br \/>\nEckard Emig, Tel.: 06652 \/ 74 68 7<\/p>\n<p>Platzwart:<br \/>\nClaus Richter, Tel.: 0170 \/ 77 74 90 3<\/p>\n","protected":false},"excerpt":{"rendered":"<p>Am 10.03.2009 fand in der Gastst\u00e4tte \u201e Zum Goldenen Stern\u201c in Gro\u00dfenbach die Jahreshauptversammlung des Jagdvereins Diana H\u00fcnfeld statt. Nachdem das 1. Jagdhornbl\u00e4serkorps unter Leitung von Georg Laibach das Signal &#8222;Begr\u00fc\u00dfung&#8220; geblasen hatte, konnte der 1. Vorsitzende im Saal neben den Vereinsmitgliedern, den Kreisjagdberater J\u00fcrgen Manns, die Ehrenmitglieder Hans Sauer&#8230;<\/p>\n<p> <a class=\"continue-reading-link\" href=\"https:\/\/www.jvdiana.de\/cm\/2009\/03\/22\/jahreshauptversammlung-2009\/\"><span>Weiterlesen&#8230;<\/span><i class=\"crycon-right-dir\"><\/i><\/a> <\/p>\n","protected":false},"author":1,"featured_media":0,"comment_status":"closed","ping_status":"open","sticky":false,"template":"","format":"standard","meta":{"footnotes":""},"categories":[1,17],"tags":[],"class_list":["post-429","post","type-post","status-publish","format-standard","hentry","category-allgemein","category-veranstaltungen"],"_links":{"self":[{"href":"https:\/\/www.jvdiana.de\/cm\/wp-json\/wp\/v2\/posts\/429","targetHints":{"allow":["GET"]}}],"collection":[{"href":"https:\/\/www.jvdiana.de\/cm\/wp-json\/wp\/v2\/posts"}],"about":[{"href":"https:\/\/www.jvdiana.de\/cm\/wp-json\/wp\/v2\/types\/post"}],"author":[{"embeddable":true,"href":"https:\/\/www.jvdiana.de\/cm\/wp-json\/wp\/v2\/users\/1"}],"replies":[{"embeddable":true,"href":"https:\/\/www.jvdiana.de\/cm\/wp-json\/wp\/v2\/comments?post=429"}],"version-history":[{"count":1,"href":"https:\/\/www.jvdiana.de\/cm\/wp-json\/wp\/v2\/posts\/429\/revisions"}],"predecessor-version":[{"id":431,"href":"https:\/\/www.jvdiana.de\/cm\/wp-json\/wp\/v2\/posts\/429\/revisions\/431"}],"wp:attachment":[{"href":"https:\/\/www.jvdiana.de\/cm\/wp-json\/wp\/v2\/media?parent=429"}],"wp:term":[{"taxonomy":"category","embeddable":true,"href":"https:\/\/www.jvdiana.de\/cm\/wp-json\/wp\/v2\/categories?post=429"},{"taxonomy":"post_tag","embeddable":true,"href":"https:\/\/www.jvdiana.de\/cm\/wp-json\/wp\/v2\/tags?post=429"}],"curies":[{"name":"wp","href":"https:\/\/api.w.org\/{rel}","templated":true}]}}