{"id":432,"date":"2010-04-06T15:30:58","date_gmt":"2010-04-06T13:30:58","guid":{"rendered":"http:\/\/www.jvdiana.de\/cm\/?p=432"},"modified":"2019-07-23T01:47:56","modified_gmt":"2019-07-22T23:47:56","slug":"jahreshauptversammlung-2010","status":"publish","type":"post","link":"https:\/\/www.jvdiana.de\/cm\/2010\/04\/06\/jahreshauptversammlung-2010\/","title":{"rendered":"Jahreshauptversammlung 2010"},"content":{"rendered":"<div id=\"attachment_433\" style=\"width: 810px\" class=\"wp-caption alignnone\"><img loading=\"lazy\" decoding=\"async\" aria-describedby=\"caption-attachment-433\" class=\"size-full wp-image-433\" src=\"http:\/\/www.jvdiana.de\/cm\/wp-content\/uploads\/2019\/07\/2010-03-16_jhv_ehrungen.jpg\" alt=\"Die geehrten von links: Oskar Hess, Olaf Mohr, Roland Richter, Eckard Emig, Stefan Heil stellvertretend f\u00fcr Astrid Schneider-Heil, 1. Vorsitzender Peter Lohfink, 2. Vorsitzender Michael Kircher, Georg Laibach\" width=\"800\" height=\"523\" srcset=\"https:\/\/www.jvdiana.de\/cm\/wp-content\/uploads\/2019\/07\/2010-03-16_jhv_ehrungen.jpg 800w, https:\/\/www.jvdiana.de\/cm\/wp-content\/uploads\/2019\/07\/2010-03-16_jhv_ehrungen-300x196.jpg 300w, https:\/\/www.jvdiana.de\/cm\/wp-content\/uploads\/2019\/07\/2010-03-16_jhv_ehrungen-768x502.jpg 768w, https:\/\/www.jvdiana.de\/cm\/wp-content\/uploads\/2019\/07\/2010-03-16_jhv_ehrungen-150x98.jpg 150w\" sizes=\"auto, (max-width: 800px) 100vw, 800px\" \/><p id=\"caption-attachment-433\" class=\"wp-caption-text\">Die geehrten von links: Oskar Hess, Olaf Mohr, Roland Richter, Eckard Emig, Stefan Heil stellvertretend f\u00fcr Astrid Schneider-Heil, 1. Vorsitzender Peter Lohfink, 2. Vorsitzender Michael Kircher, Georg Laibach<\/p><\/div>\n<p>Am 16.03.2010 fand in der Gastst\u00e4tte \u201e Zum Goldenen Stern\u201c in Gro\u00dfenbach die Jahreshauptversammlung des Jagdvereins Diana H\u00fcnfeld statt. Nachdem das 1. Jagdhornbl\u00e4serkorps unter Leitung von Georg Laibach das Signal &#8222;Begr\u00fc\u00dfung&#8220; geblasen hatte, konnte der 1. Vorsitzende im Saal neben den Vereinsmitgliedern, den Kreisjagdberater J\u00fcrgen Manns und Ehrenmitglied Alfred L\u00fchn nebst Gattin begr\u00fc\u00dfen.<\/p>\n<p>Nach Feststellung der satzungsgem\u00e4\u00dfen Einladung folgte die Totenehrung der im letzten Gesch\u00e4ftsjahr bis zur Jahreshauptversammlung verstorbenen Mitglieder. Unter Begleitung des Jagdhornbl\u00e4sercorps mit den Signalen \u201eJagd vorbei\u201c und \u201eHalali&#8220; wurde den Verstorbenen gedacht.<\/p>\n<p>Im Anschluss gab der 1. Vorsitzende einen umfassenden \u00dcberblick \u00fcber das Vereinsgeschehen und die Arbeit des Vorstandes im abgelaufenen Jahr. Zunehmende B\u00fcrokratie erschwert die Vorstandsarbeit. Die Geb\u00fchrenerh\u00f6hung der Berufsgenossenschaft sorgt f\u00fcr eine erhebliche Kostensteigerung f\u00fcr Revierp\u00e4chter.<\/p>\n<p>Die Erneuerung der Genehmigung f\u00fcr- sowie die Beachtung der neuen Abfallbeseitigungsgesetze (Blei + Tontauben) auf dem Schie\u00dfstand waren Teile seiner Ausf\u00fchrungen. Der Verein hatte daher schon im Vorjahr auf PAK (polycyclische aromatische Kohlenwasserstoffe)-freie Tontauben umgestellt und sich so fr\u00fchzeitig an die gesetzlichen \u00c4nderungen angepasst.<\/p>\n<p>Lohfink berichtete \u00fcber Themen &#8211; die J\u00e4gerschaft betreffend &#8211; die derzeit im sensiblen Fokus der \u00d6ffentlichkeit stehen. Die Versch\u00e4rfung der Waffengesetze und die damit verbundenen Sanktionen wie z.B. der Nachweis \u00fcber die Sichere Verwahrung der Waffen nahm Lohfink zum Anlass, die J\u00e4gerschaft auf den gewissenhaften und sorgf\u00e4ltigen Umgang mit der Waffe hinzuweisen. Auch sinkende Wildbret preise durch sachlich falsche Presse (bleiverseuchtes Wildbret) machen der J\u00e4gerschaft zu schaffen.<\/p>\n<p>Ferner appellierte Lohfink an die J\u00e4gerschaft sich aktiver an der Gestaltung von Jagdpachtvertr\u00e4gen zu beteiligen damit Wildschadensersatzanspr\u00fcche f\u00fcr die Jagdp\u00e4chter nicht zur Kostenfalle werden.<\/p>\n<p>Lohfink gab bekannt, dass Eckard Emig nach langer T\u00e4tigkeit die Schie\u00dfstandleitung abgegeben hat. Christian Leubecher und Marcus Neuland stellten sich als Nachfolger der Versammlung vor.<\/p>\n<p>Im Abschluss seines Res\u00fcmees dankte Lohfink den Vorstandsmitgliedern, Jungj\u00e4gerausbildern, Schie\u00dfmeistern, der Schie\u00dfmannschaft und dem 1. Jagdhornbl\u00e4sercorps Diana H\u00fcnfeld f\u00fcr die gute Zusammenarbeit.<\/p>\n<p>Joerg Hartmann, der als Kassenwart und Obmann f\u00fcr die Jungj\u00e4gerausbildung zust\u00e4ndig ist, gab zun\u00e4chst einen \u00dcberblick der Einnahmen und Ausgaben. Hauptkostenfaktoren waren Schie\u00dfstand, Ausbildung und Versicherung. Auch in diesem Jahr streben 9 Teilnehmer, darunter 1 Frau das gr\u00fcne Abitur an. Hartmann lobte den guten Leistungsstand und die engagierte Mitarbeit der Teilnehmer. Hartmann, der auch die Fangjagdlehrg\u00e4nge im Verein durchf\u00fchrt informierte, dass der Verein bereit ist, Fallen an berechtigte Personen zu verleihen. Auch in diesem Jahr f\u00fchrt der Jagdverein DIANA wieder einen Jungj\u00e4gerkurs mit Blockunterricht durch. Der Jungj\u00e4gerkurs beginnt im August 2010. Interessenten k\u00f6nnen sich bereits jetzt schon bei Joerg Hartmann unter Tel. 0171 \/ 16 77 35 0 anmelden.<\/p>\n<p>Christian Leubecher informierte \u00fcber das Schie\u00dfwesen und dankte Eckard Emig f\u00fcr die jahrelange, gute Schie\u00dfstandarbeit und versprach diese anspruchsvolle, organisatorische T\u00e4tigkeit in gewohnter Qualit\u00e4t mit Unterst\u00fctzung durch Markus Neuland fortzuf\u00fchren. Die hervorragenden Leistungen des Sch\u00fctzen Benjamin Plappert in 2009 (Vizemeister im Tontaubenschie\u00dfen) hob er besonders hervor. Er informierte \u00fcber erweiterte Trainingszeiten und lud alle Interessierten ein, sich der Schie\u00dfmannschaft anzuschlie\u00dfen.<\/p>\n<p>Der Leiter der Jagdhornbl\u00e4sergruppe Georg Laibach berichtete, dass 11 Bl\u00e4serinnen und Bl\u00e4ser den Jagdverein derzeit aktiv unterst\u00fctzen. Die Gruppe hatte im vergangenen Jahr 40 Proben und war mit ihren 23 Auftritten f\u00fcr den Verein und die Stadt H\u00fcnfeld unterwegs. Ein Neuer Anf\u00e4ngerkurs wird erst wieder 2011 angeboten. Aktuell l\u00e4uft noch ein Kurs mit 10 Anf\u00e4ngern. Abschlie\u00dfend dankte Laibach dem Verein und der Stadt H\u00fcnfeld f\u00fcr die kooperative Zusammenarbeit.<\/p>\n<p>Im Anschluss referierte Kreisjagdberater J\u00fcrgen Manns \u00fcber Fallwild und Wildunf\u00e4lle. Das meiste Wild kommt aufgrund steigendem Verkehrsaufkommen und immer kleineren Wildlebensr\u00e4umen im Stra\u00dfenverkehr zur Strecke. Sorge macht dem Kreisjagdberater die sinkende Artenkenntnis der Bev\u00f6lkerung. Auch Manns forderte eine aktive Jagdpachtvertragsmitgestaltung durch die J\u00e4gerschaft und appellierte einen maximalen Wildschadensersatzanspruch in den Vertr\u00e4gen schriftlich zu fixieren. Im Abschluss seiner Ausf\u00fchrungen w\u00fcnschte Manns der Versammlung Guten Anblick, verst\u00e4ndnisvolle Partner, viel Sitzfleisch und Waidmannsheil.<\/p>\n<p>Die Kasse wurde von Marco Kern und Markus Kohlmann gepr\u00fcft. Die Kasse ist ausgeglichen und es gab keine Beanstandungen. Auf Antrag aus der Versammlung, wurde dem Vorstand Einstimmig die Entlastung erteilt.<\/p>\n<p>Im Anschluss folgten unter TOP 8 die Neuwahlen des Vorstandes. Der von der Versammlung ernannte Wahlleiter J\u00fcrgen Manns erledigte die Wahlen gewohnt souver\u00e4n und unb\u00fcrokratisch. Der bestehende Vorstand &#8211; mit Ausnahme des stellv. Schriftf\u00fchrers Stephan M\u00f6ller &#8211; wurde durch Blockwahl wiedergew\u00e4hlt und darf f\u00fcr weitere 3 Jahre seine Arbeit aufnehmen. Neuer stellv. Schriftf\u00fchrer ist Reiner Seitz aus Burghaun. Manns dankte im Anschluss der Versammlung f\u00fcr das Vertrauen und w\u00fcnschte dem Vorstand f\u00fcr seine zuk\u00fcnftigen Herausforderungen \u201eGute Hand und viel Geschick\u201c.<\/p>\n<p>Ehrungen:<\/p>\n<p>F\u00fcr 40 Jahre Mitgliedschaft:<br \/>\nAlfred Kircher<\/p>\n<p>F\u00fcr 25 Jahre Mitgliedschaft:<br \/>\nOskar Hess<br \/>\nGeorg Laibach<br \/>\nJochen Limpert<br \/>\nStephan M\u00f6ller<br \/>\nOlaf Mohr<br \/>\nMichael Reich<br \/>\nKlaus Schmidt<br \/>\nAstrid Schneider-Heil<br \/>\nThomas Weber<br \/>\nJochen Wolff<\/p>\n<p>Sonstige Ehrungen:<\/p>\n<p>Ehrenmitglied<br \/>\nEckard Emig<\/p>\n<p>LJV Ehrennadel Bronze<br \/>\nRoland Richter<\/p>\n<p>Mit einem z\u00fcnftigen Waidmannsheil f\u00fcr das Jagdjahr 2010\/2011 schloss der 1. Vorsitzender Peter Lohfink die Sitzung.<\/p>\n","protected":false},"excerpt":{"rendered":"<p>Am 16.03.2010 fand in der Gastst\u00e4tte \u201e Zum Goldenen Stern\u201c in Gro\u00dfenbach die Jahreshauptversammlung des Jagdvereins Diana H\u00fcnfeld statt. Nachdem das 1. Jagdhornbl\u00e4serkorps unter Leitung von Georg Laibach das Signal &#8222;Begr\u00fc\u00dfung&#8220; geblasen hatte, konnte der 1. Vorsitzende im Saal neben den Vereinsmitgliedern, den Kreisjagdberater J\u00fcrgen Manns und Ehrenmitglied Alfred L\u00fchn&#8230;<\/p>\n<p> <a class=\"continue-reading-link\" href=\"https:\/\/www.jvdiana.de\/cm\/2010\/04\/06\/jahreshauptversammlung-2010\/\"><span>Weiterlesen&#8230;<\/span><i class=\"crycon-right-dir\"><\/i><\/a> <\/p>\n","protected":false},"author":1,"featured_media":0,"comment_status":"closed","ping_status":"open","sticky":false,"template":"","format":"standard","meta":{"footnotes":""},"categories":[1,17],"tags":[],"class_list":["post-432","post","type-post","status-publish","format-standard","hentry","category-allgemein","category-veranstaltungen"],"_links":{"self":[{"href":"https:\/\/www.jvdiana.de\/cm\/wp-json\/wp\/v2\/posts\/432","targetHints":{"allow":["GET"]}}],"collection":[{"href":"https:\/\/www.jvdiana.de\/cm\/wp-json\/wp\/v2\/posts"}],"about":[{"href":"https:\/\/www.jvdiana.de\/cm\/wp-json\/wp\/v2\/types\/post"}],"author":[{"embeddable":true,"href":"https:\/\/www.jvdiana.de\/cm\/wp-json\/wp\/v2\/users\/1"}],"replies":[{"embeddable":true,"href":"https:\/\/www.jvdiana.de\/cm\/wp-json\/wp\/v2\/comments?post=432"}],"version-history":[{"count":1,"href":"https:\/\/www.jvdiana.de\/cm\/wp-json\/wp\/v2\/posts\/432\/revisions"}],"predecessor-version":[{"id":434,"href":"https:\/\/www.jvdiana.de\/cm\/wp-json\/wp\/v2\/posts\/432\/revisions\/434"}],"wp:attachment":[{"href":"https:\/\/www.jvdiana.de\/cm\/wp-json\/wp\/v2\/media?parent=432"}],"wp:term":[{"taxonomy":"category","embeddable":true,"href":"https:\/\/www.jvdiana.de\/cm\/wp-json\/wp\/v2\/categories?post=432"},{"taxonomy":"post_tag","embeddable":true,"href":"https:\/\/www.jvdiana.de\/cm\/wp-json\/wp\/v2\/tags?post=432"}],"curies":[{"name":"wp","href":"https:\/\/api.w.org\/{rel}","templated":true}]}}