{"id":435,"date":"2011-04-02T15:30:09","date_gmt":"2011-04-02T13:30:09","guid":{"rendered":"http:\/\/www.jvdiana.de\/cm\/?p=435"},"modified":"2019-07-23T01:48:02","modified_gmt":"2019-07-22T23:48:02","slug":"jahreshauptversammlung-2011","status":"publish","type":"post","link":"https:\/\/www.jvdiana.de\/cm\/2011\/04\/02\/jahreshauptversammlung-2011\/","title":{"rendered":"Jahreshauptversammlung 2011"},"content":{"rendered":"<div id=\"attachment_436\" style=\"width: 1034px\" class=\"wp-caption alignnone\"><img loading=\"lazy\" decoding=\"async\" aria-describedby=\"caption-attachment-436\" class=\"size-full wp-image-436\" src=\"http:\/\/www.jvdiana.de\/cm\/wp-content\/uploads\/2019\/07\/2011-03-22_jhv_ehrungen.jpg\" alt=\"Die geehrten von links: G\u00fcnter Dienst, 2. Vorsitzender Michael Kircher, Robert Sch\u00e4fer, Jochen Wolf, Ludwig Glotzbach, Berthold Fladung, Joerg Hartmann, Kurt Holfert, Ludwig Aha, Winfried Trost und 1. Vorsitzender Peter Lohfink\" width=\"1024\" height=\"462\" srcset=\"https:\/\/www.jvdiana.de\/cm\/wp-content\/uploads\/2019\/07\/2011-03-22_jhv_ehrungen.jpg 1024w, https:\/\/www.jvdiana.de\/cm\/wp-content\/uploads\/2019\/07\/2011-03-22_jhv_ehrungen-300x135.jpg 300w, https:\/\/www.jvdiana.de\/cm\/wp-content\/uploads\/2019\/07\/2011-03-22_jhv_ehrungen-768x347.jpg 768w, https:\/\/www.jvdiana.de\/cm\/wp-content\/uploads\/2019\/07\/2011-03-22_jhv_ehrungen-150x68.jpg 150w\" sizes=\"auto, (max-width: 1024px) 100vw, 1024px\" \/><p id=\"caption-attachment-436\" class=\"wp-caption-text\">Die geehrten von links: G\u00fcnter Dienst, 2. Vorsitzender Michael Kircher, Robert Sch\u00e4fer, Jochen Wolf, Ludwig Glotzbach, Berthold Fladung, Joerg Hartmann, Kurt Holfert, Ludwig Aha, Winfried Trost und 1. Vorsitzender Peter Lohfink<\/p><\/div>\n<p>Am 22.03.2011 fand in der Gastst\u00e4tte \u201e Zum Goldenen Stern\u201c in Gro\u00dfenbach die Jahreshauptversammlung des Jagdvereins Diana H\u00fcnfeld statt. Nachdem das 1. Jagdhornbl\u00e4serkorps unter Leitung von Georg Laibach das Signal \u201cSammeln der J\u00e4ger\u201c und &#8222;Begr\u00fc\u00dfung&#8220; geblasen hatte, konnte der 1. Vorsitzende im Saal neben den Vereinsmitgliedern, den Kreisjagdberater J\u00fcrgen Manns sowie die Ehrenmitglieder G\u00fcnter Dienst und Alfred L\u00fchn nebst Gattin begr\u00fc\u00dfen.<\/p>\n<p>Nach Feststellung der satzungsgem\u00e4\u00dfen Einladung folgte die Totenehrung der im letzten Gesch\u00e4ftsjahr bis zur Jahreshauptversammlung verstorbenen Mitglieder. Unter Begleitung des Jagdhornbl\u00e4sercorps mit den Signalen \u201eJagd vorbei\u201c und \u201eHalali&#8220; wurde den Verstorbenen gedacht.<\/p>\n<p>Im Anschluss gab der 1. Vorsitzende einen umfassenden \u00dcberblick \u00fcber das Vereinsgeschehen und die Arbeit des Vorstandes im abgelaufenen Jahr. Die starke Zunahme der Wildschweinpopulation wird immer \u00f6fter zum jagdpolitischen Thema. Da letztendlich die Jagdgenossenschaften f\u00fcr die Wildsch\u00e4den verantwortlich sind, zeigte sich Lohfink besorgt dar\u00fcber, dass auch im Neuen Jagdgesetz eine saubere Grundlage zur Regelung von Wildsch\u00e4den fehlt. Im Vergleich zu Jagdgesetzen anderer Bundesl\u00e4nder, sind die \u00c4nderungen im hessischen Jagdgesetz &#8211; aus Sicht der J\u00e4ger &#8211; noch positiv zu bewerten.<\/p>\n<p>Ferner appellierte Lohfink an die J\u00e4gerschaft, die vom Gesetzgeber vorgegebene ordnungsgem\u00e4\u00dfe Verwahrung der Waffen einzuhalten, da hier mit verst\u00e4rkten Kontrollen zu rechnen ist. Die tiefen Wildbret Preise sind nach wie vor eine Herausforderung f\u00fcr die J\u00e4gerschaft bei der Wildbret Vermarktung. Lohfink informierte \u00fcber eine neue Initiative die durch die Marketing-Agentur Antsanvia aus Schleid unterst\u00fctzt wird, um Wildbret wieder als hochwertiges Qualit\u00e4tsprodukt zu vermarkten.<\/p>\n<p>Im Abschluss seines Res\u00fcmees dankte Lohfink den Vorstandsmitgliedern, Jungj\u00e4gerausbildern, Schie\u00dfmeistern, der Schie\u00dfmannschaft und dem 1. Jagdhornbl\u00e4sercorps Diana H\u00fcnfeld f\u00fcr die gute Zusammenarbeit.<\/p>\n<p>Joerg Hartmann, der als Kassenwart und Obmann f\u00fcr die Jungj\u00e4gerausbildung zust\u00e4ndig ist, gab zun\u00e4chst einen \u00dcberblick der Einnahmen und Ausgaben. Der gute Kassenstand ist laut Hartmann darauf zur\u00fcckzuf\u00fchren, dass noch Investitionen am Schie\u00dfstand anstehen. Im laufenden Jungj\u00e4gerkurs streben 12 Teilnehmer das gr\u00fcne Abitur an, der Altersschnitt liegt bei 33 Jahren. Hartmann lobte den guten Leistungsstand und informierte die Versammlung \u00fcber die bevorstehenden Pr\u00fcfungen, sowie den erfolgreichen Abschluss des letzten Lehrgangs mit einer Quote von 100%.<\/p>\n<p>Auch in diesem Jahr f\u00fchrt der Jagdverein DIANA wieder einen Jungj\u00e4gerkurs mit Blockunterricht durch. Der Jungj\u00e4gerkurs beginnt im August 2011. Interessenten k\u00f6nnen sich bereits jetzt schon bei Joerg Hartmann unter Tel. 0171 \/ 16 77 35 0 anmelden.<\/p>\n<p>Weiter informierte Hartmann, dass f\u00fcr Vereinsmitglieder eine Rechtsschutzversicherung \u00fcber den LJV besteht, die z.B. bei Unstimmigkeiten bez\u00fcglich Wildsch\u00e4den in Anspruch genommen werden kann.<\/p>\n<p>Der Leiter der Jagdhornbl\u00e4sergruppe Georg Laibach berichtete, dass die Gruppe im vergangenen Jahr 50 Proben und Auftritte absolvierte. Ein Anf\u00e4ngerkurs wird in diesem Jahr wieder angeboten. Aus dem letzten Anf\u00e4ngerkurs wurden die Nachwuchsbl\u00e4ser Elisabeth Hohmann und Stefan Hartdegen in die bestehende Gruppe \u00fcbernommen. Abschlie\u00dfend dankte Laibach dem Verein und der Stadt H\u00fcnfeld f\u00fcr die kooperative Zusammenarbeit.<\/p>\n<p>Im Anschluss referierte Kreisjagdberater J\u00fcrgen Manns \u00fcber Jagdethik und appellierte an die J\u00e4gerschaft bei der Jagdaus\u00fcbung nie die M\u00e4\u00dfigkeit au\u00dfer Acht zu lassen. Qualifizierte Abschussplanungen sollten unterst\u00fctzt- und mit einer waidgerechten Jagd erf\u00fcllt werden. Die Jagd muss wieder verst\u00e4rkt eine dienende Funktion im Sinne der Landschaftskulturen haben, so dass ein vertr\u00e4gliches Miteinander von Flur, Wald und Wild gegeben ist. Ein neues Gutachten des Bundesamts f\u00fcr Naturschutz zeigt, dass nur 10-15 % der Waldsch\u00e4den durch das Wild und die Jagd verursacht werden. Sorge macht dem Kreisjagdberater die ungleichm\u00e4\u00dfige Verteilung des Artenschutzes. Im Abschluss seiner Ausf\u00fchrungen w\u00fcnschte Manns der Versammlung Guten Anblick, verst\u00e4ndnisvolle Partner, viel Sitzfleisch und Waidmannsheil.<\/p>\n<p>Die Kasse wurde von Marco Kern und Markus Kohlmann gepr\u00fcft. Die Kasse ist ausgeglichen und es gab keine Beanstandungen. Auf Antrag aus der Versammlung, wurde dem Vorstand Einstimmig die Entlastung erteilt.<\/p>\n<p>Christian Leubecher informierte \u00fcber das Schie\u00dfwesen. Er gab der Versammlung einen kleinen Einblick in den organisatorischen Aufwand von 2 Qualifikationsschie\u00dfen und dem Ausrichten der Landesmeisterschaft. Hier galt es zeitweise rund 600 Sch\u00fctzen auf dem Schie\u00dfstand zu koordinieren. Abschlie\u00dfend dankte auch er allen Helfern und lud alle Interessierten ein, sich der Schie\u00dfmannschaft anzuschlie\u00dfen.<\/p>\n<p>Ehrungen:<\/p>\n<p>F\u00fcr 50 Jahre Mitgliedschaft:<br \/>\nG\u00fcnter Dienst, Robert Sch\u00e4fer, Winfried Trost<\/p>\n<p>F\u00fcr 40 Jahre Mitgliedschaft:<br \/>\nHubertus Martin, Heinrich Mohr, Theodor Sch\u00f6n, Josef Sauer, Ludwig Aha, Berthold Fladung, Josef Hohmann<\/p>\n<p>F\u00fcr 25 Jahre Mitgliedschaft:<br \/>\nHermann-Josef Stangier, Kurt Holfert<\/p>\n<p>DJV Bronze<br \/>\nJoerg Hartmann, Helmut Leister<\/p>\n<p>LJV Bronze:<br \/>\nKarl R\u00f6der, Adolf Krause, Leopold Sauer, Ludwig Glotzbach, Albert Ritz, Josef Weber, Jochen Wolff<\/p>\n<p>Mit einem z\u00fcnftigen Waidmannsheil f\u00fcr das Jagdjahr 2011\/2012 schloss der 1. Vorsitzende Peter Lohfink die Sitzung.<\/p>\n","protected":false},"excerpt":{"rendered":"<p>Am 22.03.2011 fand in der Gastst\u00e4tte \u201e Zum Goldenen Stern\u201c in Gro\u00dfenbach die Jahreshauptversammlung des Jagdvereins Diana H\u00fcnfeld statt. Nachdem das 1. Jagdhornbl\u00e4serkorps unter Leitung von Georg Laibach das Signal \u201cSammeln der J\u00e4ger\u201c und &#8222;Begr\u00fc\u00dfung&#8220; geblasen hatte, konnte der 1. Vorsitzende im Saal neben den Vereinsmitgliedern, den Kreisjagdberater J\u00fcrgen Manns&#8230;<\/p>\n<p> <a class=\"continue-reading-link\" href=\"https:\/\/www.jvdiana.de\/cm\/2011\/04\/02\/jahreshauptversammlung-2011\/\"><span>Weiterlesen&#8230;<\/span><i class=\"crycon-right-dir\"><\/i><\/a> <\/p>\n","protected":false},"author":1,"featured_media":0,"comment_status":"closed","ping_status":"open","sticky":false,"template":"","format":"standard","meta":{"footnotes":""},"categories":[1,17],"tags":[],"class_list":["post-435","post","type-post","status-publish","format-standard","hentry","category-allgemein","category-veranstaltungen"],"_links":{"self":[{"href":"https:\/\/www.jvdiana.de\/cm\/wp-json\/wp\/v2\/posts\/435","targetHints":{"allow":["GET"]}}],"collection":[{"href":"https:\/\/www.jvdiana.de\/cm\/wp-json\/wp\/v2\/posts"}],"about":[{"href":"https:\/\/www.jvdiana.de\/cm\/wp-json\/wp\/v2\/types\/post"}],"author":[{"embeddable":true,"href":"https:\/\/www.jvdiana.de\/cm\/wp-json\/wp\/v2\/users\/1"}],"replies":[{"embeddable":true,"href":"https:\/\/www.jvdiana.de\/cm\/wp-json\/wp\/v2\/comments?post=435"}],"version-history":[{"count":1,"href":"https:\/\/www.jvdiana.de\/cm\/wp-json\/wp\/v2\/posts\/435\/revisions"}],"predecessor-version":[{"id":437,"href":"https:\/\/www.jvdiana.de\/cm\/wp-json\/wp\/v2\/posts\/435\/revisions\/437"}],"wp:attachment":[{"href":"https:\/\/www.jvdiana.de\/cm\/wp-json\/wp\/v2\/media?parent=435"}],"wp:term":[{"taxonomy":"category","embeddable":true,"href":"https:\/\/www.jvdiana.de\/cm\/wp-json\/wp\/v2\/categories?post=435"},{"taxonomy":"post_tag","embeddable":true,"href":"https:\/\/www.jvdiana.de\/cm\/wp-json\/wp\/v2\/tags?post=435"}],"curies":[{"name":"wp","href":"https:\/\/api.w.org\/{rel}","templated":true}]}}