{"id":440,"date":"2012-04-06T15:30:44","date_gmt":"2012-04-06T13:30:44","guid":{"rendered":"http:\/\/www.jvdiana.de\/cm\/?p=440"},"modified":"2019-07-23T01:48:08","modified_gmt":"2019-07-22T23:48:08","slug":"jahreshauptversammlung-2012","status":"publish","type":"post","link":"https:\/\/www.jvdiana.de\/cm\/2012\/04\/06\/jahreshauptversammlung-2012\/","title":{"rendered":"Jahreshauptversammlung 2012"},"content":{"rendered":"<div id=\"attachment_441\" style=\"width: 1034px\" class=\"wp-caption alignnone\"><img loading=\"lazy\" decoding=\"async\" aria-describedby=\"caption-attachment-441\" class=\"size-full wp-image-441\" src=\"http:\/\/www.jvdiana.de\/cm\/wp-content\/uploads\/2019\/07\/2012-03-20_jhv_ehrungen.jpg\" alt=\"Die geehrten von links: August Reuter, Reinhold G\u00fcnter, Klaus Wolff, Michael Hohmann, Peter D\u00e4nner, Adelhard Biel, Hubertus Weitzel, Kurt-Heinz Zappe, G\u00fcnther Blechschmidt, Bernd Kircher, Wilhelm Stinner, Peter Lohfink, Michael Kircher\" width=\"1024\" height=\"597\" srcset=\"https:\/\/www.jvdiana.de\/cm\/wp-content\/uploads\/2019\/07\/2012-03-20_jhv_ehrungen.jpg 1024w, https:\/\/www.jvdiana.de\/cm\/wp-content\/uploads\/2019\/07\/2012-03-20_jhv_ehrungen-300x175.jpg 300w, https:\/\/www.jvdiana.de\/cm\/wp-content\/uploads\/2019\/07\/2012-03-20_jhv_ehrungen-768x448.jpg 768w, https:\/\/www.jvdiana.de\/cm\/wp-content\/uploads\/2019\/07\/2012-03-20_jhv_ehrungen-150x87.jpg 150w\" sizes=\"auto, (max-width: 1024px) 100vw, 1024px\" \/><p id=\"caption-attachment-441\" class=\"wp-caption-text\">Die geehrten von links: August Reuter, Reinhold G\u00fcnter, Klaus Wolff, Michael Hohmann, Peter D\u00e4nner, Adelhard Biel, Hubertus Weitzel, Kurt-Heinz Zappe, G\u00fcnther Blechschmidt, Bernd Kircher, Wilhelm Stinner, Peter Lohfink, Michael Kircher<\/p><\/div>\n<p>Am 20.03.2012 fand in der Gastst\u00e4tte \u201e Zum Goldenen Stern\u201c in Gro\u00dfenbach die Jahreshauptversammlung des Jagdvereins Diana H\u00fcnfeld statt. Nachdem das 1. Jagdhornbl\u00e4serkorps unter Leitung von Georg Laibach das Signal \u201cSammeln der J\u00e4ger\u201c und &#8222;Begr\u00fc\u00dfung&#8220; geblasen hatte, konnte der 1. Vorsitzende im Saal neben den Vereinsmitgliedern, den Kreisjagdberater J\u00fcrgen Manns sowie das Ehrenmitglied Alfred L\u00fchn nebst Gattin und die Jungj\u00e4ger des aktuellen Lehrgangs begr\u00fc\u00dfen.<\/p>\n<p>Nach Feststellung der satzungsgem\u00e4\u00dfen Einladung folgte die Totenehrung der im letzten Gesch\u00e4ftsjahr bis zur Jahreshauptversammlung verstorbenen Mitglieder. Unter Begleitung des Jagdhornbl\u00e4sercorps mit den Signalen \u201eJagd vorbei\u201c und \u201eHalali&#8220; wurde den Verstorbenen gedacht.<\/p>\n<p>Im Anschluss gab der 1. Vorsitzende einen umfassenden \u00dcberblick \u00fcber das Vereinsgeschehen und die Arbeit des Vorstandes im abgelaufenen Jahr. Es fanden 5 Vorstandssitzungen statt, 6 Geburtstage wurden zusammen mit den Jagdhornbl\u00e4sern besucht. Lohfink berichtete vom Landesj\u00e4gertag. Leider gab es nur wenig gute Beitr\u00e4ge und auch zu wichtigen Themen, beispielsweise der \u00c4nderung des Jagd- und Waffengesetzes fehlt das kritische Hinterfragen der J\u00e4gerschaft. Die Freigabe erh\u00f6hter Abschusspl\u00e4ne sowie Informationen zur gesetzlich korrekten Unterbringung der Jagdwaffen und Abgabe der Munition (wenn kein Jagdschein gel\u00f6st wurde) wurden auch auf dem Landesj\u00e4gertag diskutiert. Da Claus Richter krankheitsbedingt ausf\u00e4llt, \u00fcbernimmt Herr Roland Richter die T\u00e4tigkeiten am Schie\u00dfstand Ro\u00dfkuppe in Dammersbach. Ferner berichtete Lohfink, dass die Mitgliederzahl zum ersten Mal \u00fcber 500 angewachsen ist. Erster und Zweiter Vorsitzender werden zur Vorstandswahl im kommenden Jahr nicht wieder zur Verf\u00fcgung stehen. Interessierte Mitglieder die Vorstandst\u00e4tigkeiten \u00fcbernehmen m\u00f6chten, sollen sich melden. Im Abschluss seines Res\u00fcmees dankte Lohfink den Vorstandsmitgliedern, Jungj\u00e4gerausbildern, Schie\u00dfmeistern, der Schie\u00dfmannschaft und dem 1. Jagdhornbl\u00e4sercorps Diana H\u00fcnfeld f\u00fcr die gute Zusammenarbeit.<\/p>\n<p>Joerg Hartmann, der als Kassenwart und Obmann f\u00fcr die Jungj\u00e4gerausbildung zust\u00e4ndig ist, gab zun\u00e4chst einen \u00dcberblick der Einnahmen und Ausgaben. Hauptkosten sind der Schie\u00dfstand, die Ausbildung (neue Waffen f\u00fcr die Jungj\u00e4ger) und die Versicherung. Auf dem Schie\u00dfstand wird im kommenden Jahr der laufende Keiler erneuert. Aufgrund der hohen Ausgaben mussten die Preise f\u00fcr die Schie\u00dfstandnutzung erh\u00f6ht werden. Die neuen Preise sind im aktuellen Schie\u00dfkalender aufgef\u00fchrt.<\/p>\n<p>Die Mitarbeit und der Leistungsstand des Jungj\u00e4gerkurses sind sehr gut. Durch 3 Jugendjagdscheinanw\u00e4rter<br \/>\n(-innen) liegt der Altersdurchschnitt bei 28,88 Jahren. Der neue Jungj\u00e4gerkurs beginnt im August 2012. Interessenten k\u00f6nnen sich bereits jetzt schon bei Joerg Hartmann unter Tel. 0171 \/ 16 77 35 0 anmelden.<\/p>\n<p>Im vergangenen Herbst fand ein Fangjagdlehrgang statt. Erfreulich ist, dass h\u00e4ufiger Nichtj\u00e4ger an diesem Lehrgang teilnehmen.<\/p>\n<p>Christian Leubecher informierte \u00fcber das Schie\u00dfwesen. Er gab einen Hinweis auf die Trainingszeiten (Mittwochs von 14-18 Uhr) und appellierte an interessierte Mitglieder, sich an Herrn Marcus Neuland oder Ihn zu wenden. Als Erfolg konnte der 6. Platz von insgesamt 23 angetretenen A-Mannschaften, bei den Schie\u00dfwettk\u00e4mpfen verbucht werden. Abschlie\u00dfend dankte auch er allen Helfern und lud alle Interessierten ein, sich der Schie\u00dfmannschaft anzuschlie\u00dfen.<\/p>\n<p>Der Leiter der Jagdhornbl\u00e4sergruppe Georg Laibach berichtete, dass die Gruppe im vergangenen Jahr 38 Proben und 11 Auftritte absolvierte. Derzeit hat das Bl\u00e4sercorps 10 aktive Bl\u00e4ser. Des Weiteren gibt es einen Anf\u00e4ngerkurs mit 8- bis 10-j\u00e4hrigen. Bei Interesse werden auch in Zukunft weiter Kurse zum Erlernen des Jagdhornblasens angeboten. Abschlie\u00dfend dankte Laibach dem Verein und der Stadt H\u00fcnfeld f\u00fcr die kooperative Zusammenarbeit.<\/p>\n<p>Im Anschluss referierte Kreisjagdberater J\u00fcrgen Manns \u00fcber eine gewisse \u201eDunkelheit\u201c im Lande, bez\u00fcglich der aktuellen Diskussion \u00fcber die Einf\u00fchrung einer Waffensteuer. Der Umbruch von Gr\u00fcnland zu Mais\u00e4ckern hat dramatische Folgen f\u00fcr die Bl\u00fchpflanzen und f\u00fcr das Wild, weil damit weitere \u00c4sungsfl\u00e4chen verloren gehen. Er appellierte an die J\u00e4gerschaft die Anlage von Bl\u00fchstreifen einzufordern. Daneben w\u00fcrden Brachstreifen in den Bereichen gro\u00dfer, intensiv genutzter landwirtschaftlicher Nutzfl\u00e4chen auch dem Niederwild und der Vogelwelt von bedeutendem Nutzen sein. 2010 war das gro\u00dfe Jahr der Biodiversit\u00e4t (biologische Vielfalt), leider sind von den damals angestrebten Zielen bis heute nicht viele erreicht worden.<\/p>\n<p>Ethisch motivierte Personen klagen gegen die Jagd auf Eigentumsfl\u00e4chen und fordern ein Aussteuern aus der Jagdgenossenschaft. Dass von den nutzenden Landwirten Tiere gef\u00fcttert werden, die ebenfalls zur Nahrungsmittelgewinnung get\u00f6tet werden, ist den Klagenden anscheinend nicht bewusst.<\/p>\n<p>Neue Pachtvertr\u00e4ge sollen unbedingt Wildschadensregelungen enthalten. Bei der Wildschadensabwicklung werden ca. 5 \u2013 10 % der F\u00e4lle von einem Sch\u00e4tzer bearbeitet. Davon gehen ca. 0,2 % der F\u00e4lle vor Gericht. Im Abschluss seiner Ausf\u00fchrungen w\u00fcnschte Manns der Versammlung Guten Anblick, verst\u00e4ndnisvolle Partner, viel Sitzfleisch und Waidmannsheil.<\/p>\n<p>Die Kasse wurde von Marko Kern und Markus Kohlmann gepr\u00fcft. Die Kasse ist ausgeglichen und es gab keine Beanstandungen. Auf Antrag aus der Versammlung, wurde dem Vorstand Einstimmig die Entlastung erteilt.<\/p>\n<p>Ehrungen:<\/p>\n<p>F\u00fcr 60 Jahre Mitgliedschaft:<br \/>\nSauer, Hans, H\u00fcnfeld<\/p>\n<p>F\u00fcr 50 Jahre Mitgliedschaft:<br \/>\nWolff, Klaus,Burghaun-H\u00fcnhan<br \/>\nVogt, Willi, H\u00fcnfeld<br \/>\nMenz, Josef, N\u00fcsttal-Hofaschenbach<br \/>\nBreitung, Heinrich, H\u00fcnfeld-Gro\u00dfentaft<br \/>\nBiel, Adelhard, Eiterfeld-Ufhausen<\/p>\n<p>F\u00fcr 40 Jahre Mitgliedschaft:<br \/>\nBlechschmidt, G\u00fcnter, H\u00fcnfeld<br \/>\nBleuel, Berthold\u00a0, H\u00fcnfeld<br \/>\nB\u00fcchel, Paul, Petersberg<br \/>\nF\u00f6rster, Albrecht, Rasdorf-Gr\u00fcsselbach<br \/>\nSchallhorn, Otto, Burghaun-Schlotzau<br \/>\nWeitzel, Hubertus, K\u00fcnzell<\/p>\n<p>F\u00fcr 25 Jahre Mitgliedschaft:<br \/>\nBrehm, Erich, Haunetal-Oberstoppel<br \/>\nBohl, Werner, Freiensteinau-Nieder-Moos<br \/>\nD\u00e4nner, Peter, Tann<br \/>\nDr. Kirschner, Annabell, Buseck-Beuern<br \/>\nGippert, Uwe, Haunetal<br \/>\nG\u00fcnther, Reinhold, Tann-Kleinfischbach<br \/>\nHohmann, Michael, Eiterfeld<br \/>\nK\u00fcmpel, Arnold, Tann-G\u00fcnthers<br \/>\nLohfink, Peter, H\u00fcnfeld-Ro\u00dfbach<br \/>\nDr. M\u00fcller-Engelmann, Peter, H\u00fcnfeld<br \/>\nReuter, August, Eiterfeld-Gro\u00dfentaft<br \/>\nSchreiber, Hasko, Haunetal-Wehrda<br \/>\nBurkardt, Joachim, H\u00fcnfeld<br \/>\nZappe, Kurt Heinz, Tann<br \/>\nWeber, Manfred, Bad Salzschlirf<\/p>\n<p>LJV Bronze:<br \/>\nG\u00fcnther, Reinhold, Tann-Kleinfischbach<br \/>\nHohmann, Michael, Eiterfeld<br \/>\nKircher, Bernd, Eiterfeld-Leimbach<br \/>\nStinner, Wilhelm, H\u00fcnfeld<br \/>\nKircher, Michael, Burghaun<\/p>\n<p>Mit einem z\u00fcnftigen Waidmannsheil f\u00fcr das Jagdjahr 2012\/2013 schloss der 1. Vorsitzende Peter Lohfink die Sitzung.<\/p>\n","protected":false},"excerpt":{"rendered":"<p>Am 20.03.2012 fand in der Gastst\u00e4tte \u201e Zum Goldenen Stern\u201c in Gro\u00dfenbach die Jahreshauptversammlung des Jagdvereins Diana H\u00fcnfeld statt. Nachdem das 1. Jagdhornbl\u00e4serkorps unter Leitung von Georg Laibach das Signal \u201cSammeln der J\u00e4ger\u201c und &#8222;Begr\u00fc\u00dfung&#8220; geblasen hatte, konnte der 1. Vorsitzende im Saal neben den Vereinsmitgliedern, den Kreisjagdberater J\u00fcrgen Manns&#8230;<\/p>\n<p> <a class=\"continue-reading-link\" href=\"https:\/\/www.jvdiana.de\/cm\/2012\/04\/06\/jahreshauptversammlung-2012\/\"><span>Weiterlesen&#8230;<\/span><i class=\"crycon-right-dir\"><\/i><\/a> <\/p>\n","protected":false},"author":1,"featured_media":0,"comment_status":"closed","ping_status":"open","sticky":false,"template":"","format":"standard","meta":{"footnotes":""},"categories":[1,17],"tags":[],"class_list":["post-440","post","type-post","status-publish","format-standard","hentry","category-allgemein","category-veranstaltungen"],"_links":{"self":[{"href":"https:\/\/www.jvdiana.de\/cm\/wp-json\/wp\/v2\/posts\/440","targetHints":{"allow":["GET"]}}],"collection":[{"href":"https:\/\/www.jvdiana.de\/cm\/wp-json\/wp\/v2\/posts"}],"about":[{"href":"https:\/\/www.jvdiana.de\/cm\/wp-json\/wp\/v2\/types\/post"}],"author":[{"embeddable":true,"href":"https:\/\/www.jvdiana.de\/cm\/wp-json\/wp\/v2\/users\/1"}],"replies":[{"embeddable":true,"href":"https:\/\/www.jvdiana.de\/cm\/wp-json\/wp\/v2\/comments?post=440"}],"version-history":[{"count":1,"href":"https:\/\/www.jvdiana.de\/cm\/wp-json\/wp\/v2\/posts\/440\/revisions"}],"predecessor-version":[{"id":442,"href":"https:\/\/www.jvdiana.de\/cm\/wp-json\/wp\/v2\/posts\/440\/revisions\/442"}],"wp:attachment":[{"href":"https:\/\/www.jvdiana.de\/cm\/wp-json\/wp\/v2\/media?parent=440"}],"wp:term":[{"taxonomy":"category","embeddable":true,"href":"https:\/\/www.jvdiana.de\/cm\/wp-json\/wp\/v2\/categories?post=440"},{"taxonomy":"post_tag","embeddable":true,"href":"https:\/\/www.jvdiana.de\/cm\/wp-json\/wp\/v2\/tags?post=440"}],"curies":[{"name":"wp","href":"https:\/\/api.w.org\/{rel}","templated":true}]}}