{"id":454,"date":"2014-01-02T15:30:29","date_gmt":"2014-01-02T14:30:29","guid":{"rendered":"http:\/\/www.jvdiana.de\/cm\/?p=454"},"modified":"2019-07-22T23:35:55","modified_gmt":"2019-07-22T21:35:55","slug":"jaegerinnen-in-den-landesjagdverbaenden","status":"publish","type":"post","link":"https:\/\/www.jvdiana.de\/cm\/2014\/01\/02\/jaegerinnen-in-den-landesjagdverbaenden\/","title":{"rendered":"J\u00e4gerinnen in den Landesjagdverb\u00e4nden"},"content":{"rendered":"<p>Seit einigen Jahren bereits bietet der DJV ein Seminar f\u00fcr J\u00e4gerinnen in den Landesjagdverb\u00e4nden an. Behandelt werden dort Fragen der Kommunikation, Organisation und der Rolle der J\u00e4gerinnen in den Jagdverb\u00e4nden. Diese Veranstaltung wird regelm\u00e4\u00dfig vom &#8222;J\u00e4gerinnenforum NRW&#8220; belegt und st\u00f6\u00dft dort auf gro\u00dfe Resonanz. Obwohl dieses Seminar bundesweit und offen ausgeschrieben wird, kamen bisher keine Anmeldungen dazu aus anderen LJVs.<\/p>\n<p>Dieser Zusammenschluss von J\u00e4gerinnen in NRW ist der einzig bekannte dieser Art. Die NRW-J\u00e4gerinnen treffen sich auch regelm\u00e4\u00dfig auf der Jagd und Hund in Dortmund, so auch wieder am 08.02.2014.<\/p>\n<p>Bei der Vorbereitung des n\u00e4chsten Seminars, welches vom 21.02.-23.02.2014 in Bad Driburg geplant ist, entstand wieder die Frage, wie engagierte J\u00e4gerinnen aus anderen LJVs daf\u00fcr zu interessieren w\u00e4ren. Gerne m\u00f6chten die NRW-J\u00e4gerinnen auch Kolleginnen aus anderen LJVs zu Ihrem Treffen nach Dortmund einladen um sich bundesweit zu vernetzen.<\/p>\n<p>Weiter Infos dazu bei..<\/p>\n<p>Ralf P\u00fctz<br \/>\nBildungsreferent im DJV<br \/>\nTel.: 030 \/ 209139419<br \/>\nE-Mail: <a data-cke-saved-href=\"mailto:r.puetz@jagdverband.de\">r.puetz@jagdverband.de<\/a><\/p>\n","protected":false},"excerpt":{"rendered":"<p>Seit einigen Jahren bereits bietet der DJV ein Seminar f\u00fcr J\u00e4gerinnen in den Landesjagdverb\u00e4nden an. Behandelt werden dort Fragen der Kommunikation, Organisation und der Rolle der J\u00e4gerinnen in den Jagdverb\u00e4nden. Diese Veranstaltung wird regelm\u00e4\u00dfig vom &#8222;J\u00e4gerinnenforum NRW&#8220; belegt und st\u00f6\u00dft dort auf gro\u00dfe Resonanz. Obwohl dieses Seminar bundesweit und offen&#8230;<\/p>\n<p> <a class=\"continue-reading-link\" href=\"https:\/\/www.jvdiana.de\/cm\/2014\/01\/02\/jaegerinnen-in-den-landesjagdverbaenden\/\"><span>Weiterlesen&#8230;<\/span><i class=\"crycon-right-dir\"><\/i><\/a> <\/p>\n","protected":false},"author":1,"featured_media":0,"comment_status":"closed","ping_status":"open","sticky":false,"template":"","format":"standard","meta":{"footnotes":""},"categories":[1],"tags":[],"class_list":["post-454","post","type-post","status-publish","format-standard","hentry","category-allgemein"],"_links":{"self":[{"href":"https:\/\/www.jvdiana.de\/cm\/wp-json\/wp\/v2\/posts\/454","targetHints":{"allow":["GET"]}}],"collection":[{"href":"https:\/\/www.jvdiana.de\/cm\/wp-json\/wp\/v2\/posts"}],"about":[{"href":"https:\/\/www.jvdiana.de\/cm\/wp-json\/wp\/v2\/types\/post"}],"author":[{"embeddable":true,"href":"https:\/\/www.jvdiana.de\/cm\/wp-json\/wp\/v2\/users\/1"}],"replies":[{"embeddable":true,"href":"https:\/\/www.jvdiana.de\/cm\/wp-json\/wp\/v2\/comments?post=454"}],"version-history":[{"count":1,"href":"https:\/\/www.jvdiana.de\/cm\/wp-json\/wp\/v2\/posts\/454\/revisions"}],"predecessor-version":[{"id":455,"href":"https:\/\/www.jvdiana.de\/cm\/wp-json\/wp\/v2\/posts\/454\/revisions\/455"}],"wp:attachment":[{"href":"https:\/\/www.jvdiana.de\/cm\/wp-json\/wp\/v2\/media?parent=454"}],"wp:term":[{"taxonomy":"category","embeddable":true,"href":"https:\/\/www.jvdiana.de\/cm\/wp-json\/wp\/v2\/categories?post=454"},{"taxonomy":"post_tag","embeddable":true,"href":"https:\/\/www.jvdiana.de\/cm\/wp-json\/wp\/v2\/tags?post=454"}],"curies":[{"name":"wp","href":"https:\/\/api.w.org\/{rel}","templated":true}]}}