{"id":456,"date":"2014-01-30T15:30:58","date_gmt":"2014-01-30T14:30:58","guid":{"rendered":"http:\/\/www.jvdiana.de\/cm\/?p=456"},"modified":"2019-07-22T23:37:26","modified_gmt":"2019-07-22T21:37:26","slug":"petition-gegen-tendenzioeser-berichterstattung-beim-zdf","status":"publish","type":"post","link":"https:\/\/www.jvdiana.de\/cm\/2014\/01\/30\/petition-gegen-tendenzioeser-berichterstattung-beim-zdf\/","title":{"rendered":"Petition gegen tendenzi\u00f6ser Berichterstattung beim ZDF"},"content":{"rendered":"<p>Dr.Klaus R\u00f6ther<br \/>\nLJV-Pressesprecher<br \/>\nTel. (0172) 68 16 13 4<br \/>\nE-Mail: dr.roether@t-online.de<\/p>\n<p>An die Damen und Herren<\/p>\n<p>Vorsitzenden und Gesch\u00e4ftsf\u00fchrungen<br \/>\nder hessischen Jagdvereine<\/p>\n<p>Sehr geehrte Damen und Herren, liebe J\u00e4gerinnen und J\u00e4ger,<\/p>\n<p>im Dateianhang sende ich Ihnen f\u00fcr die Homepage Ihres Vereins sowie zur schnellen Information Ihrer Mitglieder per E-Mail, Rundschreiben\u00a0 etc. einen Aufruf des LJV Hessen und des DJV, die <a href=\"https:\/\/www.openpetition.de\/petition\/online\/schluss-mit-tendenzioeser-berichterstattung-beim-zdf\" data-cke-saved-href=\"https:\/\/www.openpetition.de\/petition\/online\/schluss-mit-tendenzioeser-berichterstattung-beim-zdf\">Petition \u201eSchluss mit tendenzi\u00f6ser Berichterstattung beim ZDF\u201c<\/a> zu unterzeichnen. Der Deutsche Jagdverband (DJV) ruft wie der LJV Hessen zur Unterzeichnung dieser Petition auf. Denn mit der Petition soll ein \u00f6ffentliches Signal gesetzt werden, das sich nicht nur an das ZDF richtet.<\/p>\n<p>Medien, Politiker und Jagdgegner sollen wissen, dass wir J\u00e4gerinnen und J\u00e4ger und alle anderen befreundeten Gruppierungen unseri\u00f6se Berichterstattung und \u00f6ffentliche Diffamierungen nicht l\u00e4nger tatenlos hinnehmen. Deshalb ist es so wichtig, dass diese Petition mindestens 50.000 Unterzeichner findet! Gleichzeitig arbeitet der DJV an einer fundierten Eingabe an das ZDF, die durch eine m\u00f6glichst hohe Zahl von Petitionsunterzeichnern noch an Gewicht gewinnen w\u00fcrde.<\/p>\n<p>Mit besten Gr\u00fc\u00dfen und Waidmannsheil<br \/>\nKlaus R\u00f6ther, LJV-Pressesprecher<\/p>\n","protected":false},"excerpt":{"rendered":"<p>Dr.Klaus R\u00f6ther LJV-Pressesprecher Tel. (0172) 68 16 13 4 E-Mail: dr.roether@t-online.de An die Damen und Herren Vorsitzenden und Gesch\u00e4ftsf\u00fchrungen der hessischen Jagdvereine Sehr geehrte Damen und Herren, liebe J\u00e4gerinnen und J\u00e4ger, im Dateianhang sende ich Ihnen f\u00fcr die Homepage Ihres Vereins sowie zur schnellen Information Ihrer Mitglieder per E-Mail, Rundschreiben\u00a0&#8230;<\/p>\n<p> <a class=\"continue-reading-link\" href=\"https:\/\/www.jvdiana.de\/cm\/2014\/01\/30\/petition-gegen-tendenzioeser-berichterstattung-beim-zdf\/\"><span>Weiterlesen&#8230;<\/span><i class=\"crycon-right-dir\"><\/i><\/a> <\/p>\n","protected":false},"author":1,"featured_media":0,"comment_status":"closed","ping_status":"open","sticky":false,"template":"","format":"standard","meta":{"footnotes":""},"categories":[1],"tags":[],"class_list":["post-456","post","type-post","status-publish","format-standard","hentry","category-allgemein"],"_links":{"self":[{"href":"https:\/\/www.jvdiana.de\/cm\/wp-json\/wp\/v2\/posts\/456","targetHints":{"allow":["GET"]}}],"collection":[{"href":"https:\/\/www.jvdiana.de\/cm\/wp-json\/wp\/v2\/posts"}],"about":[{"href":"https:\/\/www.jvdiana.de\/cm\/wp-json\/wp\/v2\/types\/post"}],"author":[{"embeddable":true,"href":"https:\/\/www.jvdiana.de\/cm\/wp-json\/wp\/v2\/users\/1"}],"replies":[{"embeddable":true,"href":"https:\/\/www.jvdiana.de\/cm\/wp-json\/wp\/v2\/comments?post=456"}],"version-history":[{"count":1,"href":"https:\/\/www.jvdiana.de\/cm\/wp-json\/wp\/v2\/posts\/456\/revisions"}],"predecessor-version":[{"id":457,"href":"https:\/\/www.jvdiana.de\/cm\/wp-json\/wp\/v2\/posts\/456\/revisions\/457"}],"wp:attachment":[{"href":"https:\/\/www.jvdiana.de\/cm\/wp-json\/wp\/v2\/media?parent=456"}],"wp:term":[{"taxonomy":"category","embeddable":true,"href":"https:\/\/www.jvdiana.de\/cm\/wp-json\/wp\/v2\/categories?post=456"},{"taxonomy":"post_tag","embeddable":true,"href":"https:\/\/www.jvdiana.de\/cm\/wp-json\/wp\/v2\/tags?post=456"}],"curies":[{"name":"wp","href":"https:\/\/api.w.org\/{rel}","templated":true}]}}