{"id":488,"date":"2015-03-29T15:30:47","date_gmt":"2015-03-29T13:30:47","guid":{"rendered":"http:\/\/www.jvdiana.de\/cm\/?p=488"},"modified":"2019-07-23T01:39:58","modified_gmt":"2019-07-22T23:39:58","slug":"21-wildbiologische-wochen-im-umweltzentrum-fulda","status":"publish","type":"post","link":"https:\/\/www.jvdiana.de\/cm\/2015\/03\/29\/21-wildbiologische-wochen-im-umweltzentrum-fulda\/","title":{"rendered":"21. Wildbiologische Wochen im Umweltzentrum Fulda"},"content":{"rendered":"<p>Wildtiere &amp; Verkehr &#8211; Die Ausstellung zu Wildunf\u00e4llen<\/p>\n<p>Die Realisierung der Ausstellung und die Organisation der Vortr\u00e4ge ist ein Kooperationsprojekt des Umweltzentrums Fulda, der Jagdvereine JGV Rh\u00f6n-Vogelsberg, Diana H\u00fcnfeld, Hubertus Fulda, des ADAC Hessen-Th\u00fcringen, Hessen Mobil, des Landkreises Fulda, der Unteren Jagdbeh\u00f6rde Fulda, des Naturschutzbundes Kreisverband Fulda und des Landesjagdverbandes Hessen. Die Ausstellung ist als Wanderausstellung konzipiert und kann von allen Beteiligten jederzeit ausgeliehen werden.<\/p>\n<p>In der Zeit vom 13. April bis 08. Mai 2015 ist die Ausstellung im Umweltzentrum von Montag bis Donnerstag in der Zeit von 10.00 bis 16.00 Uhr zu besichtigen. Sehr herzlich laden wir alle Interessierten zu folgenden Vortr\u00e4gen ein:<\/p>\n<ul>\n<li><strong>16. April 2015, 18.00 Uhr<\/strong><br \/>\nWildunf\u00e4lle vermeiden \u2013 Wildbewegungen erm\u00f6glichen, Christian Trothe, M. Sc. (forest) Institut f\u00fcr Wildbiologie G\u00f6ttingen &amp; Dresden e. V.<\/li>\n<li><strong>23. April 2015, 19.00 Uhr<\/strong><br \/>\nWildunf\u00e4lle in der Region Joachim Jenrich: Wildunf\u00e4lle \u2013 Verhalten von Wildtieren bei Stra\u00dfenquerungen Anne Scheurer: \u00d6kologische Analyse des Stra\u00dfentods von V\u00f6glen und S\u00e4ugetieren auf zwei Teststrecken in der hessischen Rh\u00f6n zwischen 1988 und 2014 (Ergebnisse einer Magisterarbeit)<\/li>\n<li><strong>28. April 2015, 19.00 Uhr<\/strong><br \/>\nRolf-Walter Becker (LJV Hessen):Wildkorridore in Hessen: Verlauf, Bedeutung und ihre Sicherung durch Gr\u00fcnbr\u00fccken (Gr\u00fcnbr\u00fccke Michelsrombach)<\/li>\n<\/ul>\n<p>Weitere Veranstaltungen k\u00f6nnen Sie der regionalen Presse entnehmen.<\/p>\n","protected":false},"excerpt":{"rendered":"<p>Wildtiere &amp; Verkehr &#8211; Die Ausstellung zu Wildunf\u00e4llen Die Realisierung der Ausstellung und die Organisation der Vortr\u00e4ge ist ein Kooperationsprojekt des Umweltzentrums Fulda, der Jagdvereine JGV Rh\u00f6n-Vogelsberg, Diana H\u00fcnfeld, Hubertus Fulda, des ADAC Hessen-Th\u00fcringen, Hessen Mobil, des Landkreises Fulda, der Unteren Jagdbeh\u00f6rde Fulda, des Naturschutzbundes Kreisverband Fulda und des Landesjagdverbandes&#8230;<\/p>\n<p> <a class=\"continue-reading-link\" href=\"https:\/\/www.jvdiana.de\/cm\/2015\/03\/29\/21-wildbiologische-wochen-im-umweltzentrum-fulda\/\"><span>Weiterlesen&#8230;<\/span><i class=\"crycon-right-dir\"><\/i><\/a> <\/p>\n","protected":false},"author":1,"featured_media":0,"comment_status":"closed","ping_status":"open","sticky":false,"template":"","format":"standard","meta":{"footnotes":""},"categories":[1,17],"tags":[],"class_list":["post-488","post","type-post","status-publish","format-standard","hentry","category-allgemein","category-veranstaltungen"],"_links":{"self":[{"href":"https:\/\/www.jvdiana.de\/cm\/wp-json\/wp\/v2\/posts\/488","targetHints":{"allow":["GET"]}}],"collection":[{"href":"https:\/\/www.jvdiana.de\/cm\/wp-json\/wp\/v2\/posts"}],"about":[{"href":"https:\/\/www.jvdiana.de\/cm\/wp-json\/wp\/v2\/types\/post"}],"author":[{"embeddable":true,"href":"https:\/\/www.jvdiana.de\/cm\/wp-json\/wp\/v2\/users\/1"}],"replies":[{"embeddable":true,"href":"https:\/\/www.jvdiana.de\/cm\/wp-json\/wp\/v2\/comments?post=488"}],"version-history":[{"count":1,"href":"https:\/\/www.jvdiana.de\/cm\/wp-json\/wp\/v2\/posts\/488\/revisions"}],"predecessor-version":[{"id":489,"href":"https:\/\/www.jvdiana.de\/cm\/wp-json\/wp\/v2\/posts\/488\/revisions\/489"}],"wp:attachment":[{"href":"https:\/\/www.jvdiana.de\/cm\/wp-json\/wp\/v2\/media?parent=488"}],"wp:term":[{"taxonomy":"category","embeddable":true,"href":"https:\/\/www.jvdiana.de\/cm\/wp-json\/wp\/v2\/categories?post=488"},{"taxonomy":"post_tag","embeddable":true,"href":"https:\/\/www.jvdiana.de\/cm\/wp-json\/wp\/v2\/tags?post=488"}],"curies":[{"name":"wp","href":"https:\/\/api.w.org\/{rel}","templated":true}]}}