{"id":490,"date":"2015-06-07T15:30:37","date_gmt":"2015-06-07T13:30:37","guid":{"rendered":"http:\/\/www.jvdiana.de\/cm\/?p=490"},"modified":"2019-07-23T01:46:28","modified_gmt":"2019-07-22T23:46:28","slug":"im-wald-ist-was-los-2","status":"publish","type":"post","link":"https:\/\/www.jvdiana.de\/cm\/2015\/06\/07\/im-wald-ist-was-los-2\/","title":{"rendered":"Im Wald ist was los"},"content":{"rendered":"<p>Die Jagd auf den Rehbock ist f\u00fcr viele J\u00e4ger ein besonderes Erlebnis. Dabei ist die\u00a0 Blattzeit, wie die J\u00e4ger die Paarungszeit des Rehwildes bezeichnen, von Ende Juli bis Anfang August die wohl aufregendste und spannendste Zeit f\u00fcr die Jagd auf Rehwild. In dieser Zeit l\u00e4sst sich der sonst so vorsichtige Rehbock nicht nur durch weibliche Rehe, sondern auch durch J\u00e4ger, die deren Rufe nachahmen, locken. Vorrausetzung f\u00fcr einen erfolgreichen Jagdabend ist die F\u00e4higkeit, sich von der abendlichen Stille einfangen zu lassen und lange genug &#8211; bis in die D\u00e4mmerung &#8211; still sitzen zu k\u00f6nnen.<\/p>\n<p>Der Jagdverein Diana H\u00fcnfeld bietet interessierten Kindern und Jugendlichen ab 12 Jahren die M\u00f6glichkeit, einen solchen Ansitz in Begleitung eines erfahrenen Waidmanns, und obendrein vielleicht auch noch das Erlegen des Wildes durch den J\u00e4ger, zu erleben. Nat\u00fcrlich besteht auch die M\u00f6glichkeit, den Ansitz nur beobachtend, ohne Erlegung von Wild, mitzuerleben.<\/p>\n<p>Die gemeinsamen Ansitze sind f\u00fcr Freitag, den 31.07.2015 vorgesehen. Alles Weitere wird vorab zwischen J\u00e4ger und Teilnehmer besprochen.<\/p>\n<p>Interessierte k\u00f6nnen sich mit einer E-Mail an <a data-cke-saved-href=\"mailto:ansitz@jv-diana.de\">ansitz@jv-diana.de<\/a> unter Angabe des Namens, der Adresse und einer Telefonnummer anmelden. Der Jagdverein vermittelt die Teilnehmer dann an J\u00e4ger in der n\u00e4heren Umgebung. Pro Teilnehmer nimmt der Verein einen Betrag von 5 Euro, der f\u00fcr wohlt\u00e4tige Zwecke an die Aktion H\u00fcnfelder Sorgenkinder e.V. gespendet wird. Die Teilnehmeranzahl ist begrenzt, Einsendeschluss ist der 30.06.2015.<\/p>\n<p>F\u00fcr Interessierte die mindestens 16 Jahre alt sind und die das Jagdfieber nicht mehr losl\u00e4sst, besteht dar\u00fcber hinaus wie jedes Jahr die M\u00f6glichkeit sich vom Jagdverein Diana zum Waidmann ausbilden zu lassen. Anmeldungen werden noch bis zum Kursbeginn entgegengenommen. Interessenten erhalten bereits schon jetzt Informationen beim Lehrgangsleiter.<\/p>\n<p>Joerg Hartmann<br \/>\nTel.: 0171 \/ 16 77 350<\/p>\n","protected":false},"excerpt":{"rendered":"<p>Die Jagd auf den Rehbock ist f\u00fcr viele J\u00e4ger ein besonderes Erlebnis. Dabei ist die\u00a0 Blattzeit, wie die J\u00e4ger die Paarungszeit des Rehwildes bezeichnen, von Ende Juli bis Anfang August die wohl aufregendste und spannendste Zeit f\u00fcr die Jagd auf Rehwild. In dieser Zeit l\u00e4sst sich der sonst so vorsichtige&#8230;<\/p>\n<p> <a class=\"continue-reading-link\" href=\"https:\/\/www.jvdiana.de\/cm\/2015\/06\/07\/im-wald-ist-was-los-2\/\"><span>Weiterlesen&#8230;<\/span><i class=\"crycon-right-dir\"><\/i><\/a> <\/p>\n","protected":false},"author":1,"featured_media":0,"comment_status":"closed","ping_status":"open","sticky":false,"template":"","format":"standard","meta":{"footnotes":""},"categories":[1,17],"tags":[],"class_list":["post-490","post","type-post","status-publish","format-standard","hentry","category-allgemein","category-veranstaltungen"],"_links":{"self":[{"href":"https:\/\/www.jvdiana.de\/cm\/wp-json\/wp\/v2\/posts\/490","targetHints":{"allow":["GET"]}}],"collection":[{"href":"https:\/\/www.jvdiana.de\/cm\/wp-json\/wp\/v2\/posts"}],"about":[{"href":"https:\/\/www.jvdiana.de\/cm\/wp-json\/wp\/v2\/types\/post"}],"author":[{"embeddable":true,"href":"https:\/\/www.jvdiana.de\/cm\/wp-json\/wp\/v2\/users\/1"}],"replies":[{"embeddable":true,"href":"https:\/\/www.jvdiana.de\/cm\/wp-json\/wp\/v2\/comments?post=490"}],"version-history":[{"count":1,"href":"https:\/\/www.jvdiana.de\/cm\/wp-json\/wp\/v2\/posts\/490\/revisions"}],"predecessor-version":[{"id":491,"href":"https:\/\/www.jvdiana.de\/cm\/wp-json\/wp\/v2\/posts\/490\/revisions\/491"}],"wp:attachment":[{"href":"https:\/\/www.jvdiana.de\/cm\/wp-json\/wp\/v2\/media?parent=490"}],"wp:term":[{"taxonomy":"category","embeddable":true,"href":"https:\/\/www.jvdiana.de\/cm\/wp-json\/wp\/v2\/categories?post=490"},{"taxonomy":"post_tag","embeddable":true,"href":"https:\/\/www.jvdiana.de\/cm\/wp-json\/wp\/v2\/tags?post=490"}],"curies":[{"name":"wp","href":"https:\/\/api.w.org\/{rel}","templated":true}]}}