{"id":496,"date":"2015-09-28T15:30:01","date_gmt":"2015-09-28T13:30:01","guid":{"rendered":"http:\/\/www.jvdiana.de\/cm\/?p=496"},"modified":"2019-07-23T01:40:35","modified_gmt":"2019-07-22T23:40:35","slug":"diana-huenfeld-demonstrierte-in-wiesbaden","status":"publish","type":"post","link":"https:\/\/www.jvdiana.de\/cm\/2015\/09\/28\/diana-huenfeld-demonstrierte-in-wiesbaden\/","title":{"rendered":"Diana H\u00fcnfeld demonstrierte in Wiesbaden"},"content":{"rendered":"<div id=\"attachment_497\" style=\"width: 650px\" class=\"wp-caption alignnone\"><img loading=\"lazy\" decoding=\"async\" aria-describedby=\"caption-attachment-497\" class=\"size-full wp-image-497\" src=\"http:\/\/www.jvdiana.de\/cm\/wp-content\/uploads\/2019\/07\/jv-diana_demo.jpg\" alt=\"Der Jagdverein Diana H\u00fcnfeld bei der Demonstration in Wiesbaden\" width=\"640\" height=\"480\" srcset=\"https:\/\/www.jvdiana.de\/cm\/wp-content\/uploads\/2019\/07\/jv-diana_demo.jpg 640w, https:\/\/www.jvdiana.de\/cm\/wp-content\/uploads\/2019\/07\/jv-diana_demo-300x225.jpg 300w, https:\/\/www.jvdiana.de\/cm\/wp-content\/uploads\/2019\/07\/jv-diana_demo-150x113.jpg 150w\" sizes=\"auto, (max-width: 640px) 100vw, 640px\" \/><p id=\"caption-attachment-497\" class=\"wp-caption-text\">Der Jagdverein Diana H\u00fcnfeld bei der Demonstration in Wiesbaden<\/p><\/div>\n<p>Mit einem Bus reisten \u00fcber vierzig Mitglieder des Jagdvereins Diana H\u00fcnfeld am vergangenen Samstag in die Landeshauptstadt, um gegen die bevorstehende Verabschiedung der in weiten Teilen vom kleinen Koalitionspartner sehr ideologisch gepr\u00e4gten Jagdverordnung zu demonstrieren. Mit den anderen gut 3.000 Demonstranten die aus Hessen und benachbarten Bundesl\u00e4ndern angereist waren, wurde ein Protestmarsch vom Bahnhof zur Staatskanzlei durchgef\u00fchrt. Vor der Staatskanzlei folgte dann eine Kundgebung mit Redebeitr\u00e4gen des LJV Pr\u00e4sidenen Dr. J\u00fcrgen Ellenberger, DJV Pr\u00e4sident Hartwig Fischer und Sprechern der im Landtag vertretenen Parteien. Die Reaktionen der Demonstranten auf die Ansprachen der beiden Regierungsparteien war mehr als eindeutig und zeigte die Mi\u00dfbilligung der realit\u00e4tsfremden Jagdverordnung. Insbesondere waren die J\u00e4ger von der CDU entt\u00e4uscht, die offensichtlich stillschweigend die Ideen und Ideologien der GR\u00dcNEN gegen besseres Wissen mittragen und das von CDU und FDP vor vier Jahren entworfene und verabschiedete Jagdgesetz unterminieren.<\/p>\n","protected":false},"excerpt":{"rendered":"<p>Mit einem Bus reisten \u00fcber vierzig Mitglieder des Jagdvereins Diana H\u00fcnfeld am vergangenen Samstag in die Landeshauptstadt, um gegen die bevorstehende Verabschiedung der in weiten Teilen vom kleinen Koalitionspartner sehr ideologisch gepr\u00e4gten Jagdverordnung zu demonstrieren. Mit den anderen gut 3.000 Demonstranten die aus Hessen und benachbarten Bundesl\u00e4ndern angereist waren, wurde&#8230;<\/p>\n<p> <a class=\"continue-reading-link\" href=\"https:\/\/www.jvdiana.de\/cm\/2015\/09\/28\/diana-huenfeld-demonstrierte-in-wiesbaden\/\"><span>Weiterlesen&#8230;<\/span><i class=\"crycon-right-dir\"><\/i><\/a> <\/p>\n","protected":false},"author":1,"featured_media":0,"comment_status":"closed","ping_status":"open","sticky":false,"template":"","format":"standard","meta":{"footnotes":""},"categories":[1,17],"tags":[],"class_list":["post-496","post","type-post","status-publish","format-standard","hentry","category-allgemein","category-veranstaltungen"],"_links":{"self":[{"href":"https:\/\/www.jvdiana.de\/cm\/wp-json\/wp\/v2\/posts\/496","targetHints":{"allow":["GET"]}}],"collection":[{"href":"https:\/\/www.jvdiana.de\/cm\/wp-json\/wp\/v2\/posts"}],"about":[{"href":"https:\/\/www.jvdiana.de\/cm\/wp-json\/wp\/v2\/types\/post"}],"author":[{"embeddable":true,"href":"https:\/\/www.jvdiana.de\/cm\/wp-json\/wp\/v2\/users\/1"}],"replies":[{"embeddable":true,"href":"https:\/\/www.jvdiana.de\/cm\/wp-json\/wp\/v2\/comments?post=496"}],"version-history":[{"count":1,"href":"https:\/\/www.jvdiana.de\/cm\/wp-json\/wp\/v2\/posts\/496\/revisions"}],"predecessor-version":[{"id":498,"href":"https:\/\/www.jvdiana.de\/cm\/wp-json\/wp\/v2\/posts\/496\/revisions\/498"}],"wp:attachment":[{"href":"https:\/\/www.jvdiana.de\/cm\/wp-json\/wp\/v2\/media?parent=496"}],"wp:term":[{"taxonomy":"category","embeddable":true,"href":"https:\/\/www.jvdiana.de\/cm\/wp-json\/wp\/v2\/categories?post=496"},{"taxonomy":"post_tag","embeddable":true,"href":"https:\/\/www.jvdiana.de\/cm\/wp-json\/wp\/v2\/tags?post=496"}],"curies":[{"name":"wp","href":"https:\/\/api.w.org\/{rel}","templated":true}]}}