{"id":499,"date":"2015-10-14T15:30:56","date_gmt":"2015-10-14T13:30:56","guid":{"rendered":"http:\/\/www.jvdiana.de\/cm\/?p=499"},"modified":"2019-07-23T00:06:41","modified_gmt":"2019-07-22T22:06:41","slug":"experten-anhoerung-zur-jvo-im-landtag-kommt","status":"publish","type":"post","link":"https:\/\/www.jvdiana.de\/cm\/2015\/10\/14\/experten-anhoerung-zur-jvo-im-landtag-kommt\/","title":{"rendered":"Experten-Anh\u00f6rung zur JVO im Landtag kommt!"},"content":{"rendered":"<p>++<\/p>\n<p><a href=\"http:\/\/www.jv-diana.de\/cms\/images\/src\/001_aJVO_SPDuFDP_setzen_Anhoerung_durch_131015.pdf\" target=\"_blank\" rel=\"noopener noreferrer\" data-cke-saved-href=\"images\/src\/001_aJVO_SPDuFDP_setzen_Anhoerung_durch_131015.pdf\">H\u00f6chst erfreulich: die Anh\u00f6rung von Fachleuten im hessischen Landtag\u00a0 zum Entwurf der Jagdverordnung (JVO) kommt!<\/a><\/p>\n<p>++<\/p>\n<p><a href=\"http:\/\/www.jv-diana.de\/cms\/images\/src\/002_Protokoll_Gross-Gerau_Hammann_final.pdf\" target=\"_blank\" rel=\"noopener noreferrer\" data-cke-saved-href=\"images\/src\/002_Protokoll_Gross-Gerau_Hammann_final.pdf\">Ein von der Referentin f\u00fcr Presse- und \u00d6ffentlichkeitsarbeit des Kreisj\u00e4gervereins Gro\u00df-Gerau, Frau\u00a0 Beate Muth-Moschek, erstelltes Protokoll eines Gespr\u00e4chs von Vertretern jagdlicher Organisationen mit Frau Ursula Hammann (Biebesheim), Landtagsabgeordnete der hessischen Gr\u00fcnen. Dieses mit Frau Hammann abgestimmte Protokoll gibt sehr klar deren Einstellung zu Jagd und J\u00e4gern wieder.<\/a><\/p>\n<p>++<\/p>\n<p><a href=\"http:\/\/www.jv-diana.de\/cms\/images\/src\/003_Graugans_Ampel2014_vogelschutzwarte.pdf\" target=\"_blank\" rel=\"noopener noreferrer\" data-cke-saved-href=\"images\/src\/003_Graugans_Ampel2014_vogelschutzwarte.pdf\">Die sogenannte \u201eAmpel\u201c der staatlichen Vogelschutzwarte von 2014 zum \u201eErhaltungszustand\u201c u. a. von Wildg\u00e4nsearten in Hessen. Ganz abgesehen davon, dass die Graugans-Brutbest\u00e4nde in dieser \u201eAmpel\u201c deutlich zu niedrig\u00a0 angesetzt sind und deren Aussagewert wie bei den Roten Listen kritisch zu betrachten ist,\u00a0 ist in der \u201eAmpel\u201c bei der Einstufung der Graugans entgegen der ausdr\u00fccklichen Aussage von Frau Hammann von der Farbe \u201eRot\u201c nichts zu sehen.\u00a0 Ganz im Gegenteil: Bei den Parametern \u201ePopulation\u201c und \u201eHabitat\u201c stuft die Ampel den \u201eErhaltungszustand\u201c der Graugans mit \u201egr\u00fcn\u201c als \u201eg\u00fcnstig\u201c ein. Ferner merken die Vogelsch\u00fctzer 2014 an:\u00a0 \u201eBei fortgesetzt positiver Bestandsentwicklung ist es wahrscheinlich, dass der Parameter \u201eVerbreitungsgebiet&#8220; demn\u00e4chst auf gr\u00fcn umspringt.\u201c<\/a><\/p>\n<p>++<\/p>\n<p><a href=\"http:\/\/www.jv-diana.de\/cms\/images\/src\/004_Gaenseschaeden_Feb_2011_Wetteraukreis_Protokoll.doc\" target=\"_blank\" rel=\"noopener noreferrer\" data-cke-saved-href=\"images\/src\/004_Gaenseschaeden_Feb_2011_Wetteraukreis_Protokoll.doc\">Wegen erheblicher Wildg\u00e4nse-Sch\u00e4den in der Wetterau fand im Februar 2011 auf Einladung des Wetteraukreises eine \u201eKrisensitzung\u201c statt,\u00a0 bei der Dr. Richarz f\u00fcr eine \u201eDeckelung\u201c des Wildg\u00e4nsebestands je nach \u201eErhaltungszustand\u201c\u00a0 eintrat. Heute klingt das alles ganz anders. Laut Nabu und Gr\u00fcnen (Frau Hammann) sind vielmehr in Hessen bisher \u00fcberhaupt keine G\u00e4nsesch\u00e4den in der Landwirtschaft nachgewiesen worden. Klingt mehrw\u00fcrdig: Allein in Heuchelheim bei Gie\u00dfen hatte ein Landwirt binnen weniger Wochen Wildg\u00e4nsesch\u00e4den in H\u00f6he von rund 12.000 Euro zu verschmerzen! <\/a><\/p>\n<p>++<\/p>\n<p><a href=\"http:\/\/www.jv-diana.de\/cms\/images\/src\/005_Nabu-Resolution_kontra_Jagd_HE_111015.pdf\" target=\"_blank\" rel=\"noopener noreferrer\" data-cke-saved-href=\"images\/src\/005_Nabu-Resolution_kontra_Jagd_HE_111015.pdf\">Die neuesten Nabu-Forderungen zur \u201eJagdreform\u201c in Hessen, die an diesem Sonntag (11. Oktober) die Nabu-Landesdelegiertenversammlung beschlossen hat. Ob einstimmig oder mit welcher Mehrheit der Delegierten, vermerkt der Nabu leider nicht.<\/a><\/p>\n<p>++<\/p>\n<p>Einige der Aussagen in den Dokumenten machen leider deutlich: Offenbar greift in Teilen unserer Gesellschaft in rasender Geschwindigkeit ein fataler Realit\u00e4tsverlust um sich.<\/p>\n<p>++<\/p>\n","protected":false},"excerpt":{"rendered":"<p>++ H\u00f6chst erfreulich: die Anh\u00f6rung von Fachleuten im hessischen Landtag\u00a0 zum Entwurf der Jagdverordnung (JVO) kommt! ++ Ein von der Referentin f\u00fcr Presse- und \u00d6ffentlichkeitsarbeit des Kreisj\u00e4gervereins Gro\u00df-Gerau, Frau\u00a0 Beate Muth-Moschek, erstelltes Protokoll eines Gespr\u00e4chs von Vertretern jagdlicher Organisationen mit Frau Ursula Hammann (Biebesheim), Landtagsabgeordnete der hessischen Gr\u00fcnen. Dieses mit&#8230;<\/p>\n<p> <a class=\"continue-reading-link\" href=\"https:\/\/www.jvdiana.de\/cm\/2015\/10\/14\/experten-anhoerung-zur-jvo-im-landtag-kommt\/\"><span>Weiterlesen&#8230;<\/span><i class=\"crycon-right-dir\"><\/i><\/a> <\/p>\n","protected":false},"author":1,"featured_media":0,"comment_status":"closed","ping_status":"open","sticky":false,"template":"","format":"standard","meta":{"footnotes":""},"categories":[1],"tags":[],"class_list":["post-499","post","type-post","status-publish","format-standard","hentry","category-allgemein"],"_links":{"self":[{"href":"https:\/\/www.jvdiana.de\/cm\/wp-json\/wp\/v2\/posts\/499","targetHints":{"allow":["GET"]}}],"collection":[{"href":"https:\/\/www.jvdiana.de\/cm\/wp-json\/wp\/v2\/posts"}],"about":[{"href":"https:\/\/www.jvdiana.de\/cm\/wp-json\/wp\/v2\/types\/post"}],"author":[{"embeddable":true,"href":"https:\/\/www.jvdiana.de\/cm\/wp-json\/wp\/v2\/users\/1"}],"replies":[{"embeddable":true,"href":"https:\/\/www.jvdiana.de\/cm\/wp-json\/wp\/v2\/comments?post=499"}],"version-history":[{"count":1,"href":"https:\/\/www.jvdiana.de\/cm\/wp-json\/wp\/v2\/posts\/499\/revisions"}],"predecessor-version":[{"id":500,"href":"https:\/\/www.jvdiana.de\/cm\/wp-json\/wp\/v2\/posts\/499\/revisions\/500"}],"wp:attachment":[{"href":"https:\/\/www.jvdiana.de\/cm\/wp-json\/wp\/v2\/media?parent=499"}],"wp:term":[{"taxonomy":"category","embeddable":true,"href":"https:\/\/www.jvdiana.de\/cm\/wp-json\/wp\/v2\/categories?post=499"},{"taxonomy":"post_tag","embeddable":true,"href":"https:\/\/www.jvdiana.de\/cm\/wp-json\/wp\/v2\/tags?post=499"}],"curies":[{"name":"wp","href":"https:\/\/api.w.org\/{rel}","templated":true}]}}