{"id":506,"date":"2015-11-19T15:30:05","date_gmt":"2015-11-19T14:30:05","guid":{"rendered":"http:\/\/www.jvdiana.de\/cm\/?p=506"},"modified":"2019-07-23T00:50:34","modified_gmt":"2019-07-22T22:50:34","slug":"rehruecken-im-orangencrepemantel","status":"publish","type":"post","link":"https:\/\/www.jvdiana.de\/cm\/2015\/11\/19\/rehruecken-im-orangencrepemantel\/","title":{"rendered":"Rehr\u00fccken im Orangencrepemantel"},"content":{"rendered":"<p><img loading=\"lazy\" decoding=\"async\" class=\"alignnone size-full wp-image-507\" src=\"http:\/\/www.jvdiana.de\/cm\/wp-content\/uploads\/2019\/07\/2015-kochevent.jpg\" alt=\"\" width=\"4000\" height=\"3000\" srcset=\"https:\/\/www.jvdiana.de\/cm\/wp-content\/uploads\/2019\/07\/2015-kochevent.jpg 4000w, https:\/\/www.jvdiana.de\/cm\/wp-content\/uploads\/2019\/07\/2015-kochevent-300x225.jpg 300w, https:\/\/www.jvdiana.de\/cm\/wp-content\/uploads\/2019\/07\/2015-kochevent-768x576.jpg 768w, https:\/\/www.jvdiana.de\/cm\/wp-content\/uploads\/2019\/07\/2015-kochevent-1024x768.jpg 1024w, https:\/\/www.jvdiana.de\/cm\/wp-content\/uploads\/2019\/07\/2015-kochevent-150x113.jpg 150w\" sizes=\"auto, (max-width: 4000px) 100vw, 4000px\" \/><\/p>\n<p>Essen und Trinken erh\u00e4lt Leib und Seele! Und so geh\u00f6rt zu einem erlebnisreichen Jagdtag auch der Genuss erlegten Wildes und geselliges Beisammensein unter Freunden. In diesem Sinne gestaltete der Jagdverein Diana H\u00fcnfeld f\u00fcr seine Mitglieder und Freunde ein Kochevent. Sternekoch Patrick Spies und die Schauk\u00fcche von M\u00f6bel Wirth in H\u00fcnfeld boten dazu wieder einmal die perfekten Rahmenbedingungen. Das Wildbret wurde durch den Jagdverein gestellt. Die offizielle Begr\u00fc\u00dfung erfolgte durch die 2. Vorsitzende Astrid Schneider-Heil, Josef Wirth und Patrick Spies. Bei einem Begr\u00fc\u00dfungssekt wurden die 16 Teilnehmer auf die Zubereitung des 4-G\u00e4nge Men\u00fcs eingestimmt. Den 4 Arbeitsgruppen stand Patrick Spies w\u00e4hrend der Zubereitung mit Rat, Tat und dem ein oder anderen Trick aus der Sternek\u00fcche zur Seite. Nach gut 2 Stunden Vorbereitung und hervorragender Sp\u00fclarbeit durch den 1. Vorsitzenden Patrick Figge, Astrid Schneider-Heil und Christel Wirth, stand dem Gro\u00dfen Genie\u00dfen nichts mehr im Wege. Die farblich interessante Muskatk\u00fcrbiscremesuppe mit roter Beete, Croustini, Hirschkalb- und Wildschweinschinken war ein interessanter Einstieg. Von den Kartoffelgnocci mit Wildschweinbratwurst, Tomate und Rucola \u00fcber den Rehr\u00fccken im Orangencrepemantel mit Kaffee-Selleriep\u00fcree, Steinpilzen und Cranberries wurde eine wahre Gaumenfreude gezaubert. Abgerundet wurde das Men\u00fc mit einem Dessert, dem falschen Apfelkuchen im Glas. \u201cEs war ein besonderer Abend, weil man sich zu Hause eine solch &#8211; aufwendige &#8211; Arbeit meist nicht macht und im t\u00e4glichen Kochablauf einfach die Zeit fehlt. Man muss es eben im Team genie\u00dfen!\u201c res\u00fcmierte Astrid Schneider-Heil zu dem gelungenen Kochevent. Die Teilnehmer lie\u00dfen den kulinarischen Abend bei einem Glas Wein und guten Gespr\u00e4chen ausklingen.<\/p>\n<p>&nbsp;<\/p>\n","protected":false},"excerpt":{"rendered":"<p>Essen und Trinken erh\u00e4lt Leib und Seele! Und so geh\u00f6rt zu einem erlebnisreichen Jagdtag auch der Genuss erlegten Wildes und geselliges Beisammensein unter Freunden. In diesem Sinne gestaltete der Jagdverein Diana H\u00fcnfeld f\u00fcr seine Mitglieder und Freunde ein Kochevent. Sternekoch Patrick Spies und die Schauk\u00fcche von M\u00f6bel Wirth in H\u00fcnfeld&#8230;<\/p>\n<p> <a class=\"continue-reading-link\" href=\"https:\/\/www.jvdiana.de\/cm\/2015\/11\/19\/rehruecken-im-orangencrepemantel\/\"><span>Weiterlesen&#8230;<\/span><i class=\"crycon-right-dir\"><\/i><\/a> <\/p>\n","protected":false},"author":1,"featured_media":0,"comment_status":"closed","ping_status":"open","sticky":false,"template":"","format":"standard","meta":{"footnotes":""},"categories":[1,16],"tags":[],"class_list":["post-506","post","type-post","status-publish","format-standard","hentry","category-allgemein","category-wilder-genuss-kochen"],"_links":{"self":[{"href":"https:\/\/www.jvdiana.de\/cm\/wp-json\/wp\/v2\/posts\/506","targetHints":{"allow":["GET"]}}],"collection":[{"href":"https:\/\/www.jvdiana.de\/cm\/wp-json\/wp\/v2\/posts"}],"about":[{"href":"https:\/\/www.jvdiana.de\/cm\/wp-json\/wp\/v2\/types\/post"}],"author":[{"embeddable":true,"href":"https:\/\/www.jvdiana.de\/cm\/wp-json\/wp\/v2\/users\/1"}],"replies":[{"embeddable":true,"href":"https:\/\/www.jvdiana.de\/cm\/wp-json\/wp\/v2\/comments?post=506"}],"version-history":[{"count":2,"href":"https:\/\/www.jvdiana.de\/cm\/wp-json\/wp\/v2\/posts\/506\/revisions"}],"predecessor-version":[{"id":570,"href":"https:\/\/www.jvdiana.de\/cm\/wp-json\/wp\/v2\/posts\/506\/revisions\/570"}],"wp:attachment":[{"href":"https:\/\/www.jvdiana.de\/cm\/wp-json\/wp\/v2\/media?parent=506"}],"wp:term":[{"taxonomy":"category","embeddable":true,"href":"https:\/\/www.jvdiana.de\/cm\/wp-json\/wp\/v2\/categories?post=506"},{"taxonomy":"post_tag","embeddable":true,"href":"https:\/\/www.jvdiana.de\/cm\/wp-json\/wp\/v2\/tags?post=506"}],"curies":[{"name":"wp","href":"https:\/\/api.w.org\/{rel}","templated":true}]}}